{"id":6028,"date":"2018-05-16T10:54:15","date_gmt":"2018-05-16T08:54:15","guid":{"rendered":"https:\/\/baraka.cc\/?p=6028"},"modified":"2018-05-16T10:54:15","modified_gmt":"2018-05-16T08:54:15","slug":"filistin-halkinin-direnisini-selamliyoruz","status":"publish","type":"post","link":"https:\/\/baraka.cc\/?p=6028","title":{"rendered":"Filistin Halk\u0131n\u0131n Direni\u015fini Selaml\u0131yoruz"},"content":{"rendered":"<p style=\"text-align: center;\"><a href=\"https:\/\/baraka.cc\/wp-content\/uploads\/2018\/05\/32661344_10156404801167445_4518951622897827840_n.jpg\"><img decoding=\"async\" loading=\"lazy\" class=\"alignnone size-medium wp-image-6029\" alt=\"32661344_10156404801167445_4518951622897827840_n\" src=\"https:\/\/baraka.cc\/wp-content\/uploads\/2018\/05\/32661344_10156404801167445_4518951622897827840_n-300x187.jpg\" width=\"300\" height=\"187\" srcset=\"https:\/\/baraka.cc\/wp-content\/uploads\/2018\/05\/32661344_10156404801167445_4518951622897827840_n-300x187.jpg 300w, https:\/\/baraka.cc\/wp-content\/uploads\/2018\/05\/32661344_10156404801167445_4518951622897827840_n.jpg 770w\" sizes=\"(max-width: 300px) 100vw, 300px\" \/><\/a><\/p>\n<p>\u0130srailli bar\u0131\u015f aktivisti Uri Avnery\u2019nin dedi\u011fi gibi, \u201cABD \u0130srail\u2019i Ortado\u011fu\u2019ya h\u00e2kim olmak i\u00e7in kullan\u0131rken \u0130srail de Filistin\u2019e h\u00e2kim olmak i\u00e7in ABD\u2019yi kullanmaktad\u0131r.\u201d Son d\u00f6nemde Ortado\u011fu\u2019da ya\u015fananlar\u0131n \u00f6zeti gibidir bu s\u00f6zler\u2026 Emperyalizmin ba\u015f akt\u00f6r\u00fc ABD\u2019nin i\u015fbirli\u011finde, Kud\u00fcs\u2019\u00fcn \u0130srail\u2019in ba\u015fkenti ilan edilmesiyle ba\u015flayan s\u00fcreci \u00f6fkeyle takip ediyoruz. Kendi topraklar\u0131nda, s\u00f6z, yetki ve eylem hakk\u0131 elinden al\u0131nan, y\u0131llard\u0131r sava\u015f ile kan ile bask\u0131 ve orant\u0131s\u0131z \u015fiddet ile susturulmak istenen Filistin halk\u0131na y\u00f6nelik m\u00fcdahaleler bitmek bilmiyor. B\u00f6lgede t\u0131rmanan gerilime, ABD el\u00e7ili\u011finin Kud\u00fcs\u2019e ta\u015f\u0131nmas\u0131 da eklenince hedeflenen kaos ortam\u0131na ula\u015f\u0131ld\u0131.<\/p>\n<p>D\u00fcnyan\u0131n en b\u00fcy\u00fck n\u00fckleer silahl\u0131 g\u00fc\u00e7lerinden olan \u0130srail, i\u015fgal alt\u0131ndaki silahs\u0131z bir halka kar\u015f\u0131, g\u00fcya kendi varl\u0131\u011f\u0131n\u0131 savunuyor! \u015eiddet her ge\u00e7en g\u00fcn artarak devam ediyor. Bug\u00fcn itibariyle 50 ki\u015fiyi a\u015fk\u0131n \u00f6l\u00fc, 1500\u2019\u00fcn \u00fczerinde yaral\u0131n\u0131n oldu\u011fu haberleri geliyor. T\u00fcm bu ya\u015fananlara kar\u015f\u0131n, civar \u00fclkeler d\u00e2hil genel anlamda sessizlik h\u00e2kim. Ses \u00e7\u0131karmak isteyen \u00fclkelerin ise; ya sesi c\u0131l\u0131z \u00e7\u0131k\u0131yor ya da AKP gibi s\u00f6zde \u201ctav\u0131rlar\u201d koyularak g\u00fcn\u00fc kurtarman\u0131n \u00e7abas\u0131na giriliyor.<\/p>\n<p>G\u00f6zle g\u00f6r\u00fcn\u00fcr bir ger\u00e7ek var ki, kapitalist cephede ABD veya \u0130srail&#8217;e kar\u015f\u0131 al\u0131nan hi\u00e7bir bir tav\u0131r yoktur. S\u00f6zde tav\u0131rlar\u0131nsa ger\u00e7ek hayatta hi\u00e7bir kar\u015f\u0131l\u0131\u011f\u0131n\u0131n olmad\u0131\u011f\u0131 ortad\u0131r. Sola d\u00fc\u015fen g\u00f6rev, Yahudilere y\u00f6nelik \u0131rk\u00e7\u0131l\u0131\u011fa, antisemitizme nas\u0131l kar\u015f\u0131ysa, Siyonizm\u2019e de kar\u015f\u0131 durmas\u0131d\u0131r. Bug\u00fcn yeg\u00e2ne ger\u00e7ek direni\u015ftir; Filistinli soyda\u015flar\u0131n\u0131n yan\u0131na m\u00fccadele etmek i\u00e7in d\u00f6n\u00fc\u015f yoluna ge\u00e7en halklard\u0131r.<\/p>\n<p>Emperyalizmin emelleri do\u011frultusunda 40 y\u0131l\u0131 a\u015fk\u0131n s\u00fcredir b\u00f6l\u00fcnm\u00fc\u015f bir adaya mahk\u00fbm edilen bizler direni\u015fi selaml\u0131yor, ya\u015fanan vah\u015feti k\u0131n\u0131yoruz. Ve \u015funu biliyoruz ki; kazananlar ancak direnenler ve m\u00fccadele edenlerdir.<\/p>\n<p>Katil \u0130srail!<\/p>\n<p>Amerika Ortado\u011fu\u2019dan defol!<\/p>\n<p>Ya\u015fas\u0131n halklar\u0131n karde\u015fli\u011fi\u2026<\/p>\n","protected":false},"excerpt":{"rendered":"<p>\u0130srailli bar\u0131\u015f aktivisti Uri Avnery\u2019nin dedi\u011fi gibi, \u201cABD \u0130srail\u2019i Ortado\u011fu\u2019ya h\u00e2kim olmak i\u00e7in kullan\u0131rken \u0130srail de Filistin\u2019e h\u00e2kim olmak i\u00e7in ABD\u2019yi kullanmaktad\u0131r.\u201d Son d\u00f6nemde Ortado\u011fu\u2019da<\/p>\n","protected":false},"author":3,"featured_media":6029,"comment_status":"open","ping_status":"open","sticky":false,"template":"","format":"standard","meta":{"jetpack_post_was_ever_published":false,"_jetpack_newsletter_access":"","_jetpack_newsletter_tier_id":0,"jetpack_publicize_message":"","jetpack_is_tweetstorm":false,"jetpack_publicize_feature_enabled":true,"jetpack_social_post_already_shared":true,"jetpack_social_options":{"image_generator_settings":{"template":"highway","enabled":false}}},"categories":[41,38,9,1],"tags":[],"jetpack_publicize_connections":[],"jetpack_featured_media_url":"https:\/\/baraka.cc\/wp-content\/uploads\/2018\/05\/32661344_10156404801167445_4518951622897827840_n.jpg","jetpack_shortlink":"https:\/\/wp.me\/p4eHWX-1ze","jetpack_sharing_enabled":true,"_links":{"self":[{"href":"https:\/\/baraka.cc\/index.php?rest_route=\/wp\/v2\/posts\/6028"}],"collection":[{"href":"https:\/\/baraka.cc\/index.php?rest_route=\/wp\/v2\/posts"}],"about":[{"href":"https:\/\/baraka.cc\/index.php?rest_route=\/wp\/v2\/types\/post"}],"author":[{"embeddable":true,"href":"https:\/\/baraka.cc\/index.php?rest_route=\/wp\/v2\/users\/3"}],"replies":[{"embeddable":true,"href":"https:\/\/baraka.cc\/index.php?rest_route=%2Fwp%2Fv2%2Fcomments&post=6028"}],"version-history":[{"count":1,"href":"https:\/\/baraka.cc\/index.php?rest_route=\/wp\/v2\/posts\/6028\/revisions"}],"predecessor-version":[{"id":6030,"href":"https:\/\/baraka.cc\/index.php?rest_route=\/wp\/v2\/posts\/6028\/revisions\/6030"}],"wp:featuredmedia":[{"embeddable":true,"href":"https:\/\/baraka.cc\/index.php?rest_route=\/wp\/v2\/media\/6029"}],"wp:attachment":[{"href":"https:\/\/baraka.cc\/index.php?rest_route=%2Fwp%2Fv2%2Fmedia&parent=6028"}],"wp:term":[{"taxonomy":"category","embeddable":true,"href":"https:\/\/baraka.cc\/index.php?rest_route=%2Fwp%2Fv2%2Fcategories&post=6028"},{"taxonomy":"post_tag","embeddable":true,"href":"https:\/\/baraka.cc\/index.php?rest_route=%2Fwp%2Fv2%2Ftags&post=6028"}],"curies":[{"name":"wp","href":"https:\/\/api.w.org\/{rel}","templated":true}]}}