{"id":6045,"date":"2018-06-02T11:53:40","date_gmt":"2018-06-02T09:53:40","guid":{"rendered":"https:\/\/baraka.cc\/?p=6045"},"modified":"2018-06-02T11:53:40","modified_gmt":"2018-06-02T09:53:40","slug":"baraka-uyesi-ayse-ipciler-lefkosa-belediye-meclisinde-gorev-yaptigi-sureci-degerlendirdi","status":"publish","type":"post","link":"https:\/\/baraka.cc\/?p=6045","title":{"rendered":"Baraka \u00dcyesi Ay\u015fe \u0130p\u00e7iler Lefko\u015fa Belediye Meclisinde G\u00f6rev Yapt\u0131\u011f\u0131 S\u00fcreci De\u011ferlendirdi"},"content":{"rendered":"<p style=\"text-align: center;\"><a href=\"https:\/\/baraka.cc\/wp-content\/uploads\/2018\/06\/34276489_10155489490436981_4322834379551277056_n.jpg\"><img decoding=\"async\" loading=\"lazy\" class=\"alignnone size-medium wp-image-6046\" alt=\"34276489_10155489490436981_4322834379551277056_n\" src=\"https:\/\/baraka.cc\/wp-content\/uploads\/2018\/06\/34276489_10155489490436981_4322834379551277056_n-300x168.jpg\" width=\"300\" height=\"168\" srcset=\"https:\/\/baraka.cc\/wp-content\/uploads\/2018\/06\/34276489_10155489490436981_4322834379551277056_n-300x168.jpg 300w, https:\/\/baraka.cc\/wp-content\/uploads\/2018\/06\/34276489_10155489490436981_4322834379551277056_n-1024x576.jpg 1024w, https:\/\/baraka.cc\/wp-content\/uploads\/2018\/06\/34276489_10155489490436981_4322834379551277056_n.jpg 2048w\" sizes=\"(max-width: 300px) 100vw, 300px\" \/><\/a><\/p>\n<p>Cumartesi sabah\u0131 Baraka K\u00fclt\u00fcr Merkezi lokalinde, Lefko\u015fa Belediye Meclisinde 2 y\u0131ld\u0131r g\u00f6rev yapan Ay\u015fe \u0130p\u00e7ilerle birlikte bir bas\u0131n toplant\u0131s\u0131 d\u00fczenlendi. Toplant\u0131da Baraka aktivisti Nazen \u015eansal, 4 y\u0131l \u00f6nce taraf olunan ve kazan\u0131lan bir belediye se\u00e7iminin ard\u0131ndan ya\u015fanan s\u00fcreci \u015feffaf bir \u015fekilde, art\u0131s\u0131yla eksisiyle de\u011ferlendirmenin \u00f6nemine vurgu yapt\u0131.\u00a0 De\u011ferlendirmeye, \u201cLefko\u015fal\u0131lar\u0131n gayet iyi hat\u0131rlayaca\u011f\u0131 \u00fczere, \u015fehrimizin belediyesi, CTP&#8217;li Belediye Ba\u015fkanlar\u0131n\u0131n elinde \u00f6zelle\u015ftirmelere, ta\u015feronla\u015ft\u0131rmalara sahne olmu\u015f, UBP ve DP&#8217;in destekledi\u011fi Buluto\u011flular\u0131 d\u00f6neminde ise t\u00fcm\u00fcyle bata\u011fa saplam\u0131\u015ft\u0131.\u201d s\u00f6zleriylre ba\u015flayan \u015eansal, 4 y\u0131l \u00f6nceki se\u00e7imlerde, Lefko\u015fay\u0131 i\u00e7ine d\u00fc\u015ft\u00fc\u011f\u00fc korkun\u00e7 tablodan kurtarmak amac\u0131yla ve sol de\u011ferlerde bulu\u015farak ittifak yapt\u0131klar\u0131n\u0131, Mehmet Harmanc\u0131&#8217;y\u0131 desteklediklerini ve Belediye Meclisine adaylar g\u00f6sterdiklerini hat\u0131rlatt\u0131. \u015eansal ayr\u0131ca toplumcu belediyecilik anlay\u0131\u015f\u0131na da dikkat \u00e7ekerek \u201cD\u00fcnyada \u00f6rnekleri g\u00f6r\u00fclen kat\u0131l\u0131mc\u0131 yerel y\u00f6netim b\u00fct\u00e7elemesiyle, halk\u0131n kendi sorunlar\u0131n\u0131 tart\u0131\u015f\u0131p \u00e7\u00f6z\u00fcm \u00f6nerilerini ortaya koyaca\u011f\u0131 mekanizmalar, mahalle meclisleri arac\u0131l\u0131\u011f\u0131yla do\u011frudan demokrasi uygulamalar\u0131, \u00fcreticiyi destekleyen ve t\u00fcketimi d\u00fczenleyici belediyecilik anlay\u0131\u015f\u0131 bizim kentimizde de neden olmas\u0131n?\u201d dedi.<\/p>\n<p>Ard\u0131ndan Belediye Meclisi \u00fcyesi Ay\u015fe \u0130p\u00e7iler s\u00f6z\u00fc alarak \u00f6zelde Baraka&#8217;n\u0131n genelde ise Lefko\u015fal\u0131lar\u0131n temsilcisi olarak g\u00f6rev yapt\u0131\u011f\u0131 iki y\u0131la yak\u0131n s\u00fcre boyunca, Belediye Ba\u015fkan\u0131 ile uyumlu bir \u015fekilde, her zaman halktan ve emekten yana icraatlara katk\u0131 koymaya \u00e7aba g\u00f6sterdi\u011fini anlatt\u0131. \u201cBaz\u0131 eksikliklerimiz, yetersizliklerimiz olsa da beldemiz ve belediyemiz i\u00e7in verimli bir d\u00f6nem ge\u00e7irdi\u011fimize inan\u0131yorum.\u201d diyen \u0130p\u00e7iler, belediyenin genel icraatlar\u0131n\u0131n yan\u0131 s\u0131ra kendisinin \u00e7e\u015fitli komisyonlarda, t\u00fcz\u00fck ve y\u00f6netmeliklerin haz\u0131rlanmas\u0131nda ve Mecliste yapt\u0131\u011f\u0131 g\u00f6revleri de aktard\u0131. Ay\u015fe \u0130p\u00e7iler s\u00f6zlerine \u015f\u00f6yle devam etti: \u201cT\u00fcz\u00fck ve Hukuk Komisyonu koordinat\u00f6r\u00fc ve Toplu \u0130\u015f S\u00f6zle\u015fmesi Komisyonu \u00fcyesi olarak \u00e7al\u0131\u015ft\u0131m. Bu s\u00fcre\u00e7te, \u00e7e\u015fitli t\u00fcz\u00fck ve y\u00f6netmeliklerin haz\u0131rlanmas\u0131na katk\u0131 koyarak, mevzuat\u0131n hem Belediyemiz i\u00e7in hem de belde halk\u0131 ve demokratik kitle \u00f6rg\u00fctleri i\u00e7in daha faydal\u0131 olmas\u0131, hak ve \u00f6zg\u00fcrl\u00fckler g\u00f6zetilerek haz\u0131rlanmas\u0131 i\u00e7in u\u011fra\u015f verdim. Ayr\u0131ca Toplu \u0130\u015f S\u00f6zle\u015fmesi Komisyonunda, \u00e7al\u0131\u015fan\u0131n haklar\u0131 ile y\u00f6netimin imkanlar\u0131 aras\u0131nda sa\u011fl\u0131kl\u0131 ve s\u00fcrd\u00fcr\u00fclebilir bir denge kurmak i\u00e7in \u00e7aba g\u00f6sterdik. Komisyon \u00e7al\u0131\u015fmalar\u0131n\u0131n yan\u0131 s\u0131ra gerek bana aktar\u0131lan gerekse benim tespit etti\u011fim, \u015fehrin sorunlar\u0131 ile ilgili olarak Belediyenin ilgili birimine gereken bildirimde bulundum ve pek \u00e7o\u011funu \u00e7\u00f6z\u00fcme kavu\u015fturduk. Belediyenin e\u011fitim ve sosyal faaliyet yapmas\u0131 gerekti\u011fi d\u00fc\u015f\u00fcncesinden hareketle, Haspolat&#8217;taki \u00e7ocuklar i\u00e7in \u00fccretsiz \u0130ngilizce kurslar\u0131 d\u00fczenlenmesine arac\u0131l\u0131k ettim.\u201d T\u00fcm bunlar\u0131n yan\u0131nda, i\u015flev ve yetkilerinin az olmas\u0131 gibi belediye meclisleri ile ilgili olarak g\u00f6zlemledi\u011fi baz\u0131 sorunlar\u0131 da, bir sonraki d\u00f6nemde de\u011fi\u015ftirebilmek inanc\u0131yla, kamuoyuyla payla\u015ft\u0131.<\/p>\n<p><a href=\"https:\/\/baraka.cc\/wp-content\/uploads\/2018\/06\/34156932_10156297985767086_911907593725673472_n.jpg\"><img decoding=\"async\" loading=\"lazy\" class=\"alignnone size-medium wp-image-6047\" alt=\"34156932_10156297985767086_911907593725673472_n\" src=\"https:\/\/baraka.cc\/wp-content\/uploads\/2018\/06\/34156932_10156297985767086_911907593725673472_n-300x168.jpg\" width=\"300\" height=\"168\" srcset=\"https:\/\/baraka.cc\/wp-content\/uploads\/2018\/06\/34156932_10156297985767086_911907593725673472_n-300x168.jpg 300w, https:\/\/baraka.cc\/wp-content\/uploads\/2018\/06\/34156932_10156297985767086_911907593725673472_n.jpg 960w\" sizes=\"(max-width: 300px) 100vw, 300px\" \/><\/a><\/p>\n<p><b>Yap\u0131lan a\u00e7\u0131klaman\u0131n tam metni \u015f\u00f6yle: <\/b><\/p>\n<p>De\u011ferli bas\u0131n emek\u00e7ileri, sevgili Lefko\u015fal\u0131lar,<\/p>\n<p>Uzun y\u0131llard\u0131r Lefko\u015fa&#8217;da k\u00fclt\u00fcrel alanda faaliyet g\u00f6steren bir dernek olarak, gerek \u00fclkemizin gerekse kentimizin sorunlar\u0131 ile yak\u0131ndan ilgilenmekte ve bar\u0131\u015f i\u00e7inde daha g\u00fczel bir K\u0131br\u0131s i\u00e7in, daha ya\u015fanabilir bir Lefko\u015fa i\u00e7in u\u011fra\u015f vermekteyiz.<\/p>\n<p>Yeni bir yerel se\u00e7im s\u00fcrecine girerken, 4 y\u0131l \u00f6nce taraf oldu\u011fumuz ve kazand\u0131\u011f\u0131m\u0131z, 2 y\u0131ldan beridir de bir Belediye Meclisi \u00fcyesi ile \u00e7al\u0131\u015fma y\u00fcr\u00fctt\u00fc\u011f\u00fcm\u00fcz Lefko\u015fa Belediyesi hakk\u0131ndaki g\u00f6r\u00fc\u015flerimizi kamuoyuyla payla\u015fmay\u0131, ya\u015fanan s\u00fcreci eksisiyle art\u0131s\u0131yla \u015feffaf bir \u015fekilde de\u011ferlendirmeyi kendimize g\u00f6rev biliyoruz.<\/p>\n<p>Lefko\u015fal\u0131lar\u0131n gayet iyi hat\u0131rlayaca\u011f\u0131 \u00fczere, \u015fehrimizin belediyesi, CTP&#8217;li Belediye Ba\u015fkanlar\u0131n\u0131n elinde \u00f6zelle\u015ftirmelere, ta\u015feronla\u015ft\u0131rmalara sahne olmu\u015f, UBP ve DP&#8217;in destekledi\u011fi Buluto\u011flular\u0131 d\u00f6neminde ise t\u00fcm\u00fcyle bata\u011fa saplam\u0131\u015ft\u0131. 4 y\u0131l \u00f6nceki se\u00e7imlerde, Lefko\u015fam\u0131z\u0131 i\u00e7ine d\u00fc\u015ft\u00fc\u011f\u00fc\u00a0 korkun\u00e7 tablodan kurtarmak amac\u0131yla ve sol de\u011ferlerde bulu\u015farak ittifak yapman\u0131n bir gere\u011fi olarak, TDP ve BKP ile birlikte Mehmet Harmanc\u0131&#8217;y\u0131 desteklemi\u015f ve derne\u011fimizin \u00fcyelerinden Belediye Meclisine adaylar g\u00f6stermi\u015ftik. Aday\u0131m\u0131z Ay\u015fe \u0130p\u00e7iler, 2014 se\u00e7imlerinde Meclise girememi\u015f ancak daha sonra bir Belediye Meclisi \u00fcyesinin kamu g\u00f6revlisi olup istifa etmesi \u00fczerine Mecliste g\u00f6rev yapmaya ba\u015flam\u0131\u015f ve 2 y\u0131l kadar Lefko\u015fal\u0131ya hizmet etmi\u015ftir.<\/p>\n<p>Bu s\u00fcre\u00e7te \u015fehrimizin y\u00f6netimine koyabildi\u011fmiz m\u00fctevazi katk\u0131lar\u0131 de\u011ferlendirmeden \u00f6nce, genelde yerel y\u00f6netimlerin \u00f6zelde ise belediye meclislerinin daha demokratik ve kat\u0131l\u0131mc\u0131 olmas\u0131 gerekti\u011finin, her ya\u015ftan, her meslekten ve her s\u0131n\u0131ftan ki\u015finin temsiliyetinin pratikte m\u00fcmk\u00fcn k\u0131l\u0131nmas\u0131 gerekti\u011finin alt\u0131n\u0131 \u00e7izeriz. Maa\u015f\u0131 bulunmayan bu hizmeti kamu g\u00f6revlilerinin yapam\u0131yor olu\u015fu ve \u00f6zel sekt\u00f6rde \u00e7al\u0131\u015fan ki\u015filerin \u00e7al\u0131\u015fma saatlerinin ve i\u015f y\u00fcklerinin fazlal\u0131\u011f\u0131 dikkate al\u0131nd\u0131\u011f\u0131nda, belediye meclislerine sadece emekliler, esnaf veya kendi i\u015fini yapmakta olan belli bir kesimden ki\u015filer aday olabilmektedir. Keza, asl\u0131nda \u00e7ok \u00f6nemli bir g\u00f6rev yapan belediye meclisleri, neredeyse sadece bir dan\u0131\u015fma ve onaylama kurulu gibi i\u015flev g\u00f6rmektedir. Oysa yasalar ve t\u00fcz\u00fckler, toplumcu belediyecilik anlay\u0131\u015f\u0131yla yeniden d\u00fczenlenmeli ve belediyeler merkezi y\u00f6netimden daha \u00f6zerk, belde halk\u0131n\u0131n istek ve ihtiya\u00e7lar\u0131na daha yak\u0131n \u00e7al\u0131\u015fabilmelidir.\u00a0 D\u00fcnyada \u00f6rnekleri g\u00f6r\u00fclen kat\u0131l\u0131mc\u0131 yerel y\u00f6netim b\u00fct\u00e7elemesiyle, halk\u0131n kendi sorunlar\u0131n\u0131 tart\u0131\u015f\u0131p \u00e7\u00f6z\u00fcm \u00f6nerilerini ortaya koyaca\u011f\u0131 mekanizmalar, mahalle meclisleri arac\u0131l\u0131\u011f\u0131yla do\u011frudan demokrasi uygulamalar\u0131, \u00fcreticiyi destekleyen ve t\u00fcketimi d\u00fczenleyici belediyecilik anlay\u0131\u015f\u0131 bizim kentimizde de neden olmas\u0131n?<\/p>\n<p>Meclis \u00fcyeli\u011fi, maddi anlamda getirisi olmayan, \u00f6zveride bulunabilecek, \u015fehrini seven ve daha ya\u015fanabilir bir belde i\u00e7in m\u00fccadele etmek ve \u00fcretmek isteyenlerin yapabilecekleri bir g\u00f6revdir. \u015eimdi, 2 y\u0131ld\u0131r bu g\u00f6revi lay\u0131k\u0131yla yapan ve TDP listesinden Ba\u011f\u0131ms\u0131zl\u0131k Yolu \u00fcyesi olarak yeniden aday olan Ay\u015fe \u0130p\u00e7iler&#8217;e, deneyimini bizlerle payla\u015fmas\u0131 i\u00e7in s\u00f6z\u00fc b\u0131rak\u0131yorum.<\/p>\n<p>\u00d6zelde Baraka&#8217;n\u0131n genelde ise Lefko\u015fal\u0131lar\u0131n temsilcisi olarak g\u00f6rev yapt\u0131\u011f\u0131m iki y\u0131la yak\u0131n s\u00fcre boyunca, Belediye Ba\u015fkan\u0131 ile uyumlu bir \u015fekilde, her zaman halktan ve emekten yana icraatlara katk\u0131 koymaya \u00e7aba g\u00f6sterdim.<\/p>\n<p>T\u00fcz\u00fck ve Hukuk Komisyonu koordinat\u00f6r\u00fc ve Toplu \u0130\u015f S\u00f6zle\u015fmesi Komisyonu \u00fcyesi olarak \u00e7al\u0131\u015ft\u0131m. Bu s\u00fcre\u00e7te, \u00e7e\u015fitli t\u00fcz\u00fck ve y\u00f6netmeliklerin haz\u0131rlanmas\u0131na katk\u0131 koyarak, mevzuat\u0131n hem Belediyemiz i\u00e7in hem de belde halk\u0131 ve demokratik kitle \u00f6rg\u00fctleri i\u00e7in daha faydal\u0131 olmas\u0131, hak ve \u00f6zg\u00fcrl\u00fckler g\u00f6zetilerek haz\u0131rlanmas\u0131 i\u00e7in u\u011fra\u015f verdim. Ayr\u0131ca Toplu \u0130\u015f S\u00f6zle\u015fmesi Komisyonunda, \u00e7al\u0131\u015fan\u0131n haklar\u0131 ile y\u00f6netimin imkanlar\u0131 aras\u0131nda sa\u011fl\u0131kl\u0131 ve s\u00fcrd\u00fcr\u00fclebilir bir denge kurmak i\u00e7in \u00e7aba g\u00f6sterdik. Komisyon \u00e7al\u0131\u015fmalar\u0131n\u0131n yan\u0131 s\u0131ra gerek bana aktar\u0131lan gerekse benim tespit etti\u011fim, \u015fehrin sorunlar\u0131 ile ilgili olarak Belediyenin ilgili birimine gereken bildirimde bulundum ve pek \u00e7o\u011funu \u00e7\u00f6z\u00fcme kavu\u015fturduk. Belediyenin e\u011fitim ve sosyal faaliyet yapmas\u0131 gerekti\u011fi d\u00fc\u015f\u00fcncesinden hareketle, Haspolat&#8217;taki \u00e7ocuklar i\u00e7in \u00fccretsiz \u0130ngilizce kurslar\u0131 d\u00fczenlenmesine arac\u0131l\u0131k ettim.<\/p>\n<p>Baz\u0131 eksikliklerimiz, yetersizliklerimiz olsa da beldemiz ve belediyemiz i\u00e7in verimli bir d\u00f6nem ge\u00e7irdi\u011fimize inan\u0131yorum.<\/p>\n<p>&#8211; devlete ait bir s\u0131\u011f\u0131nma evinin olmad\u0131\u011f\u0131 ko\u015fullarda belediyenin bir s\u0131\u011f\u0131nma evinin kap\u0131lar\u0131n\u0131 \u015fiddet direni\u015f\u00e7ilerine a\u00e7m\u0131\u015f olmas\u0131,<\/p>\n<p>&#8211; belediye emek\u00e7ileri ile uzla\u015f\u0131 i\u00e7inde toplu i\u015f s\u00f6zle\u015fmesinin imzalanmas\u0131,<\/p>\n<p>&#8211;\u00a0 dayan\u0131\u015fma ve yard\u0131mla\u015fma de\u011ferlerimizi yeniden hat\u0131rlatan Payla\u015f\u0131m Mutfa\u011f\u0131,<\/p>\n<p>&#8211; k\u00fclt\u00fcr sanat alan\u0131nda, \u00e7ocuklara hizmet hayat\u0131na ba\u015flayan Bandabuliya sahnesi,<\/p>\n<p>&#8211; devlet okullar\u0131ndaki \u00e7ocuklara hizmet veren Lefko\u015fa Gezi Treni,<\/p>\n<p>&#8211; LGBT dostu bir belediyecilik sergilenmesi,<\/p>\n<p>&#8211; gece kul\u00fcplerindeki insan haklar\u0131 sorununa dikkat \u00e7ekerek \u00e7\u00f6z\u00fcm \u00fcretme \u00e7abas\u0131<\/p>\n<p>&#8211; altyap\u0131 yat\u0131r\u0131mlar\u0131n\u0131n, yol ve bisiklet yollar\u0131n\u0131n yap\u0131lmaya ba\u015flanmas\u0131<\/p>\n<p>&#8211; hayvan haklar\u0131na duyarl\u0131 ve bu alandaki \u00f6rg\u00fctler ile i\u015fbirli\u011fi i\u00e7erisinde icraatlar yap\u0131lmas\u0131<\/p>\n<p>bu d\u00f6nemde her Lefko\u015fal\u0131 gibi, bir Belediye Meclisi \u00fcyesi olarak beni de sevindirmi\u015f, gururland\u0131rm\u0131\u015ft\u0131r.<\/p>\n<p>T\u00fcm bunlar\u0131n yan\u0131nda, belediye meclisleri ile ilgili olarak g\u00f6zlemledi\u011fim baz\u0131 sorunlar\u0131 da, bir sonraki d\u00f6nemde de\u011fi\u015ftirebilmek inanc\u0131yla, payla\u015fmak isterim:<\/p>\n<p>Belediye meclisi, se\u00e7menin temsilcisi olmas\u0131na ra\u011fmen i\u015flevi ve yetkileri azd\u0131r. Meclisin g\u00f6revleri yasalarla art\u0131r\u0131laca\u011f\u0131na daha da azalt\u0131lmaktad\u0131r. \u00d6rne\u011fin ge\u00e7mi\u015fte ihaleler belediye meclisinin onay\u0131 ile yap\u0131l\u0131rken yeni \u0130hale Yasas\u0131 ile belediyelerin kira ve ihalelerine 4 ki\u015filik bir komite karar vermektedir. Belediye meclisine ise \u00e7o\u011fu zaman ihale sonu\u00e7land\u0131ktan sonra sadece bilgi verilmektedir.<\/p>\n<p>Lefko\u015fa belediyesinin toplu ta\u015f\u0131mac\u0131l\u0131k izni almak konusunda ya\u015fad\u0131\u011f\u0131 s\u0131k\u0131nt\u0131lar, belediyelerin daha \u00f6zerk olmas\u0131 gerekti\u011fini ortaya koymaktad\u0131r. Toplu ta\u015f\u0131ma konusunda ad\u0131mlar at\u0131lmas\u0131, hem trafik kazalar\u0131n\u0131 ve \u00e7evre kirlili\u011fini bir nebze olsun \u00f6nlemek hem de halk\u0131n ula\u015f\u0131m hakk\u0131n\u0131 sa\u011flamak a\u00e7\u0131s\u0131ndan \u00f6nemlidir.<\/p>\n<p>Ge\u00e7mi\u015fteki y\u00f6netimlerin yanl\u0131\u015f kararlar\u0131 neticesinde kurumsal olarak baz\u0131 aksakl\u0131klar ortaya \u00e7\u0131km\u0131\u015ft\u0131r. \u0130\u015f\u00e7i kadrolar\u0131n\u0131n memur kadrolar\u0131na g\u00f6re az olmas\u0131 bunun bir \u00f6rne\u011fidir. Ayr\u0131ca belediyenin baz\u0131 birimleri g\u00fcler y\u00fczl\u00fc h\u0131zl\u0131 ve pratik bir \u015fekilde \u00e7al\u0131\u015f\u0131r ve halk\u0131n sorunlar\u0131n\u0131 \u00e7\u00f6zerken baz\u0131 birimler hantal bir yap\u0131dad\u0131r. Halk\u0131n, basit\u00e7e \u00e7\u00f6z\u00fclebilecek sorunlar\u0131, Belediye Meclisi \u00fcyelerinin arac\u0131 olmas\u0131 halinde dahi \u00e7\u00f6z\u00fclememektedir. Yaln\u0131zca Ba\u015fkan\u0131n talimat\u0131 \u00fczerine harekete ge\u00e7ilmekte ki b\u00f6ylesi bir durum demokratik, kat\u0131l\u0131mc\u0131 ve toplumcu bir belediyecilik anla\u015f\u0131\u015f\u0131na uymamaktad\u0131r. Belediyenin baz\u0131 birimlerin hantal yap\u0131s\u0131n\u0131 a\u015farak, sorun \u00e7\u00f6zen, halk\u00e7\u0131 bir belediyecilik i\u00e7in hizmet i\u00e7i e\u011fitim yap\u0131lmas\u0131 gerekmektedir.<\/p>\n<p>Say\u0131\u015ftay Raporunda da yer alan; belediye meclisi ve komisyonlar\u0131n\u0131n \u00e7al\u0131\u015fma t\u00fcz\u00fc\u011f\u00fc olmamas\u0131 da bir sonraki d\u00f6nemde tamamlamay\u0131 hedefledi\u011fimiz \u00f6nemli bir eksikliktir.<\/p>\n<p>T\u00fcm bunlara ra\u011fmen 2 y\u0131la yak\u0131n bir s\u00fcre boyunca genelde Lefko\u015fa halk\u0131n\u0131n \u00f6zelde ise Baraka&#8217;\u0131n temsilcisi olarak, mecliste en verimli \u015fekilde g\u00f6rev yapmay\u0131 kendime \u00f6dev ve sizlere bor\u00e7 bildim. Takdir Lefko\u015fal\u0131lar\u0131nd\u0131r.<\/p>\n","protected":false},"excerpt":{"rendered":"<p>Cumartesi sabah\u0131 Baraka K\u00fclt\u00fcr Merkezi lokalinde, Lefko\u015fa Belediye Meclisinde 2 y\u0131ld\u0131r g\u00f6rev yapan Ay\u015fe \u0130p\u00e7ilerle birlikte bir bas\u0131n toplant\u0131s\u0131 d\u00fczenlendi. Toplant\u0131da Baraka aktivisti Nazen \u015eansal,<\/p>\n","protected":false},"author":3,"featured_media":6046,"comment_status":"open","ping_status":"open","sticky":false,"template":"","format":"standard","meta":{"jetpack_post_was_ever_published":false,"_jetpack_newsletter_access":"","_jetpack_newsletter_tier_id":0,"jetpack_publicize_message":"","jetpack_is_tweetstorm":false,"jetpack_publicize_feature_enabled":true,"jetpack_social_post_already_shared":true,"jetpack_social_options":{"image_generator_settings":{"template":"highway","enabled":false}}},"categories":[9,1],"tags":[],"jetpack_publicize_connections":[],"jetpack_featured_media_url":"https:\/\/baraka.cc\/wp-content\/uploads\/2018\/06\/34276489_10155489490436981_4322834379551277056_n.jpg","jetpack_shortlink":"https:\/\/wp.me\/p4eHWX-1zv","jetpack_sharing_enabled":true,"_links":{"self":[{"href":"https:\/\/baraka.cc\/index.php?rest_route=\/wp\/v2\/posts\/6045"}],"collection":[{"href":"https:\/\/baraka.cc\/index.php?rest_route=\/wp\/v2\/posts"}],"about":[{"href":"https:\/\/baraka.cc\/index.php?rest_route=\/wp\/v2\/types\/post"}],"author":[{"embeddable":true,"href":"https:\/\/baraka.cc\/index.php?rest_route=\/wp\/v2\/users\/3"}],"replies":[{"embeddable":true,"href":"https:\/\/baraka.cc\/index.php?rest_route=%2Fwp%2Fv2%2Fcomments&post=6045"}],"version-history":[{"count":1,"href":"https:\/\/baraka.cc\/index.php?rest_route=\/wp\/v2\/posts\/6045\/revisions"}],"predecessor-version":[{"id":6048,"href":"https:\/\/baraka.cc\/index.php?rest_route=\/wp\/v2\/posts\/6045\/revisions\/6048"}],"wp:featuredmedia":[{"embeddable":true,"href":"https:\/\/baraka.cc\/index.php?rest_route=\/wp\/v2\/media\/6046"}],"wp:attachment":[{"href":"https:\/\/baraka.cc\/index.php?rest_route=%2Fwp%2Fv2%2Fmedia&parent=6045"}],"wp:term":[{"taxonomy":"category","embeddable":true,"href":"https:\/\/baraka.cc\/index.php?rest_route=%2Fwp%2Fv2%2Fcategories&post=6045"},{"taxonomy":"post_tag","embeddable":true,"href":"https:\/\/baraka.cc\/index.php?rest_route=%2Fwp%2Fv2%2Ftags&post=6045"}],"curies":[{"name":"wp","href":"https:\/\/api.w.org\/{rel}","templated":true}]}}