{"id":6049,"date":"2018-06-05T08:53:27","date_gmt":"2018-06-05T06:53:27","guid":{"rendered":"https:\/\/baraka.cc\/?p=6049"},"modified":"2018-06-05T08:53:27","modified_gmt":"2018-06-05T06:53:27","slug":"ozgurluk-arafi-kibris-onur-butuner","status":"publish","type":"post","link":"https:\/\/baraka.cc\/?p=6049","title":{"rendered":"\u00d6zg\u00fcrl\u00fck Araf\u0131 K\u0131br\u0131s &#8211; Onur B\u00fct\u00fcner"},"content":{"rendered":"<p><em>Argasdi dergimizin &#8220;\u00d6zg\u00fcrl\u00fck&#8221; temal\u0131 50. say\u0131s\u0131ndan \u00d6zg\u00fcrl\u00fck Araf\u0131 K\u0131br\u0131s&#8230;<\/em><\/p>\n<p>&nbsp;<\/p>\n<p style=\"text-align: center;\"><a href=\"https:\/\/baraka.cc\/wp-content\/uploads\/2018\/06\/bag\u0131ms\u0131zk\u0131br\u0131s.jpg\"><img decoding=\"async\" loading=\"lazy\" class=\"alignnone size-medium wp-image-6050\" alt=\"bag\u0131ms\u0131zk\u0131br\u0131s\" src=\"https:\/\/baraka.cc\/wp-content\/uploads\/2018\/06\/bag\u0131ms\u0131zk\u0131br\u0131s-300x209.jpg\" width=\"300\" height=\"209\" srcset=\"https:\/\/baraka.cc\/wp-content\/uploads\/2018\/06\/bag\u0131ms\u0131zk\u0131br\u0131s-300x209.jpg 300w, https:\/\/baraka.cc\/wp-content\/uploads\/2018\/06\/bag\u0131ms\u0131zk\u0131br\u0131s-1024x715.jpg 1024w\" sizes=\"(max-width: 300px) 100vw, 300px\" \/><\/a><\/p>\n<p>K\u0131br\u0131s\u2019\u0131n kuzeyinde ya\u015fayan bizler asl\u0131nda ne kadar \u00f6zg\u00fcr\u00fcz de\u011fil mi? \u00c7ocu\u011fumuzu istersek \u00f6zel okula istersek devlet okuluna g\u00f6nderebiliyoruz. Sa\u011fl\u0131k sorunumuz mu var, istersek devlet hastanesinde istersek de \u00f6zel bir hastanede muayene olabiliyoruz. Diledi\u011fimiz yerden ev alabiliyor, diledi\u011fimiz yerde ya\u015fayabiliyoruz. Hayalimizdeki meslek ne ise okuyabiliyor ve o mesle\u011fi ger\u00e7ekle\u015ftirebiliyoruz. Ger\u00e7ekten bunlar\u0131 \u201cistersek\u201d mi yapabiliyoruz?<\/p>\n<p>Bu bahsetti\u011fim konular asl\u0131nda \u00fclkemize \u00f6zg\u00fc de\u011fil, ba\u015fka \u00fclkelerde de benzer \u201c\u00f6zg\u00fcrl\u00fckler\u201d s\u00f6z konusu. Yani i\u00e7inde bulundu\u011fumuz sistem, her \u015feyi piyasan\u0131n emrine veren neoliberal d\u00f6nem ile birlikte, bize sunulan se\u00e7enekleri bizim kendi \u00f6zg\u00fcr irademizmi\u015f gibi g\u00f6stermeye \u00e7al\u0131\u015f\u0131yor. Ne demek mi istiyorum? \u015e\u00f6yle \u00f6rnek vererek a\u00e7\u0131klayay\u0131m: Diyelim ki \u00e7ocu\u011fumuz var ve iyi bir e\u011fitim almas\u0131n\u0131 istiyoruz. \u0130yi bir e\u011fitim i\u00e7in bize sunulan iki se\u00e7enek var. Ya \u00e7ocu\u011fumuzu \u00f6zel okula g\u00f6nderece\u011fiz ya da \u00e7ocu\u011fumuzun koleji kazanmas\u0131 gerekecek. Asl\u0131nda bakarsan\u0131z \u00f6n\u00fcm\u00fczde se\u00e7enekler bulunuyor. Dilersek bu iki se\u00e7ene\u011fi de\u011ferlendirebiliriz. Ancak bu herkes i\u00e7in m\u00fcmk\u00fcn m\u00fc? Devletin nitelikli, bedava ve kamusal e\u011fitim ihtiyac\u0131n\u0131 kar\u015f\u0131layamad\u0131\u011f\u0131 bir yerde, insani ko\u015fullar\u0131n alt\u0131nda bir \u00fccret ile \u00e7al\u0131\u015fan bir aile \u00e7ocu\u011funu \u00f6zel okula g\u00f6nderebilir mi? Ya da kolejleri kazanmak i\u00e7in inan\u0131lmaz bir yar\u0131\u015f\u0131n oldu\u011fu bir yerde, paras\u0131 olan aile \u00e7ocu\u011funu dershaneye yazd\u0131r\u0131p \u00f6zel derslere g\u00f6nderirken ekonomik durumu yeterli olmayan ailenin \u00e7ocu\u011funun kolej s\u0131nav\u0131nda \u015fans\u0131 olur mu? Yani f\u0131rsat e\u015fitli\u011finin olmad\u0131\u011f\u0131 bir d\u00fczende \u00f6zg\u00fcrl\u00fckten s\u00f6z edilebilir mi? Yoksa sadece bize sunulan se\u00e7eneklerin i\u00e7inde, ko\u015fullar\u0131m\u0131za g\u00f6re se\u00e7im yapmak zorunda b\u0131rak\u0131larak \u00f6zg\u00fcr m\u00fc oluyoruz?<\/p>\n<p>Bir ba\u015fka bir \u00f6rnek verecek olursak; sa\u011fl\u0131\u011f\u0131m\u0131z ile ilgili ya\u015fad\u0131\u011f\u0131m\u0131z bir s\u0131k\u0131nt\u0131da asl\u0131nda nas\u0131l bir yol se\u00e7ece\u011fimiz konusunda yine \u00f6n\u00fcm\u00fczde se\u00e7enekler var. Ya devlet hastanesine gideriz ya da \u00f6zel bir hastaneye, tercih bize kalm\u0131\u015f! Ancak maddi durumumuz iyi olsun ya da olmas\u0131n, devlet hastanesinde yeterli sa\u011fl\u0131k hizmeti verilemezken, hastanelerimizde ila\u00e7 bulunamazken, biz ger\u00e7ekten \u00f6zg\u00fcr irademizle mi se\u00e7iyoruz nerede tedavi olaca\u011f\u0131m\u0131z\u0131?<\/p>\n<p>\u00c7al\u0131\u015fma ya\u015fam\u0131nda da benzer bir durum s\u00f6z konusu. \u00dclkemizde bir y\u0131l\u0131 a\u015fk\u0131n s\u00fcredir \u201cSendikas\u0131z \u00c7al\u0131\u015ft\u0131r\u0131lmak Yasaklans\u0131n\u201d adl\u0131 bir kampanya y\u00fcr\u00fct\u00fclmektedir. Bu kampanya belirli bir boyutta medyada yer ald\u0131k\u00e7a d\u00f6nemin \u201cemek\u00e7i\u201d partisinden olan Ba\u015fbakan \u015f\u00f6yle bir a\u00e7\u0131klama yapm\u0131\u015ft\u0131. \u201cBiz parti olarak \u00f6zg\u00fcrl\u00fck\u00e7\u00fcy\u00fcz ve bu y\u00fczden yasaklama konusuna taraf olamay\u0131z. Dileyen \u00f6zel sekt\u00f6r \u00e7al\u0131\u015fan\u0131 da sendikalara \u00fcye olabilir.\u201d Peki ger\u00e7ekten b\u00f6yle midir? \u00d6zel sekt\u00f6rde sendikan\u0131n laf\u0131n\u0131 etti\u011finde dahi i\u015ften at\u0131lan \u00e7al\u0131\u015fanlar \u00f6zg\u00fcrce sendika \u00fcyesi olabilir mi?<\/p>\n<p>Herhangi bir durumu \u00f6zg\u00fcr irademiz ile se\u00e7ebilmek i\u00e7in sunulan her se\u00e7ene\u011fe herkes ile e\u015fit derecede yak\u0131n olabilmemiz gerekmektedir. Ayn\u0131 \u015fekilde sunulan her se\u00e7ene\u011fin de bizim i\u00e7in tatmin edici olmas\u0131 gerekmektedir.<\/p>\n<p>***<\/p>\n<p>K\u0131br\u0131s\u2019taki politik durumlara bakacak olursak, politik anlamda \u00f6zg\u00fcr bir irademiz var m\u0131? 1974\u2019den bu yana s\u00fcren ate\u015fkes ko\u015fullar\u0131nda ve bir ba\u015flay\u0131p bir biten g\u00f6r\u00fc\u015fme s\u00fcre\u00e7lerinin i\u00e7erisinde ya\u015f\u0131yoruz. Bu s\u00fcre\u00e7lere, K\u0131br\u0131s\u2019\u0131n kuzeyinde ya\u015fayan bizlerin ya da g\u00fcneyinde ya\u015fayan K\u0131br\u0131sl\u0131 Elen halk\u0131n\u0131n iradesi ve istekleri ne kadar yans\u0131yor? Maalesef ki \u00fclkemizde, y\u0131llard\u0131r s\u00fcren g\u00f6r\u00fc\u015fmeler K\u0131br\u0131sl\u0131 T\u00fcrk ve K\u0131br\u0131sl\u0131 Elen liderler ile garant\u00f6r \u00fclkeler, AB ve ABD\u2019nin aras\u0131nda ge\u00e7iyor. M\u00fczakere masalar\u0131nda bizim irademizden daha \u00e7ok, garant\u00f6r \u00fclkeler ile AB ve ABD\u2019nin bu co\u011frafya \u00fczerinden kazanacaklar\u0131 \u00e7\u0131karlar hakim oluyor. Son g\u00fcnlerde do\u011fal gaz konusunda ya\u015fanan \u00e7\u0131kmazlarda, ada halklar\u0131n\u0131n s\u00f6z\u00fcnden \u00e7ok, uluslararas\u0131 \u015firketler dahil hep ba\u015fkalar\u0131n\u0131n s\u00f6z\u00fc ge\u00e7iyor. Ve bu \u00fclkede ya\u015fayan bizler, gelece\u011fimizi kurmak konusunda gayet \u201c\u00f6zg\u00fcrce\u201d, hakk\u0131m\u0131zdaki t\u00fcm planlara bakar halde kal\u0131yoruz!<\/p>\n<p>Egemenlerin \u00e7\u0131karlar\u0131na g\u00f6re y\u00fcr\u00fctt\u00fc\u011f\u00fc s\u00fcre\u00e7lerin s\u0131k\u0131nt\u0131s\u0131n\u0131, halklar olarak \u00e7e\u015fitli \u015fekillerde \u00e7ekiyoruz. \u00d6rne\u011fin Annan Plan\u0131 d\u00f6neminde a\u00e7\u0131lan barikatlar\u0131n gaz krizi ile birlikte kapanmas\u0131 da g\u00fcndeme geldi. Ancak barikatlar a\u00e7\u0131kken bile ya\u015fanan baz\u0131 sorunlar\u0131m\u0131z var. Mesela \u00fclkenin kuzeyinde ya\u015fayanlar\u0131n bir k\u0131sm\u0131, i\u015f, seyahat, sa\u011fl\u0131k gibi ihtiya\u00e7lar i\u00e7in g\u00fcneye ge\u00e7ebiliyor, bir k\u0131sm\u0131 ise (g\u00f6\u00e7menler ve burada do\u011fup b\u00fcy\u00fcyen \u00e7ocuklar\u0131) ge\u00e7emiyor. Birlikte \u00fcretti\u011fimiz k\u00fclt\u00fcrel-sanatsal ya da politik bir etkinlik i\u00e7in g\u00fcneye ge\u00e7mek isterken bir k\u0131sm\u0131m\u0131z barikatta kal\u0131veriyoruz. Karma evliliklerden do\u011fan \u00e7ocuklar (anne veya babas\u0131ndan biri K\u0131br\u0131s Cumhuriyeti vatanda\u015f\u0131 olup di\u011feri TC vatanda\u015f\u0131 olan \u00e7ocuklar), K\u0131br\u0131s Cumhuriyeti vatanda\u015fl\u0131\u011f\u0131 alamad\u0131\u011f\u0131 i\u00e7in ba\u015fka \u00fclkelerde okumak, seyahat etmek \u00e7ok zor ve pahal\u0131 hale geliyor. Yani K\u0131br\u0131s\u2019ta neoliberal re\u00e7etelerin bize dayatt\u0131\u011f\u0131 se\u00e7eneksizli\u011fin ve sahte \u00f6zg\u00fcrl\u00fc\u011f\u00fcn yan\u0131 s\u0131ra ya\u015fanan politik s\u0131k\u0131nt\u0131lar da bizlerin \u00f6zg\u00fcr hareket etmesini engelliyor.<\/p>\n<p>Ancak t\u00fcm bunlar bizleri umutsuzlu\u011fa d\u00fc\u015f\u00fcrmemeli ve bize sunulan se\u00e7eneklerin \u00f6tesini g\u00f6r\u00fcp yaratabilmeliyiz. Herkesin ayn\u0131 nitelikte e\u011fitim, sa\u011fl\u0131k hizmeti alabilece\u011fi, s\u0131n\u0131rs\u0131zca seyahat edebilece\u011fi g\u00fcnler i\u00e7in ve \u00fclkemizin gelece\u011finin ba\u015fka devletlerin \u00e7\u0131karlar\u0131na g\u00f6re de\u011fil, bizlerin irademizle \u015fekillenmesi u\u011fruna her alanda \u00e7al\u0131\u015fmaya devam etmeliyiz.<\/p>\n<p>Onur B\u00fct\u00fcner<\/p>\n<p>onurbutuner@gmail.com<\/p>\n<p><em>Not: G\u00f6rsel, Aydan \u00c7elik taraf\u0131ndan 14 A\u011fustos Ba\u011f\u0131ms\u0131z K\u0131br\u0131s etkinlikleri i\u00e7in haz\u0131rlanm\u0131\u015ft\u0131r.<\/em><\/p>\n","protected":false},"excerpt":{"rendered":"<p>Argasdi dergimizin &#8220;\u00d6zg\u00fcrl\u00fck&#8221; temal\u0131 50. say\u0131s\u0131ndan \u00d6zg\u00fcrl\u00fck Araf\u0131 K\u0131br\u0131s&#8230; &nbsp; K\u0131br\u0131s\u2019\u0131n kuzeyinde ya\u015fayan bizler asl\u0131nda ne kadar \u00f6zg\u00fcr\u00fcz de\u011fil mi? \u00c7ocu\u011fumuzu istersek \u00f6zel okula istersek<\/p>\n","protected":false},"author":3,"featured_media":6050,"comment_status":"open","ping_status":"open","sticky":false,"template":"","format":"standard","meta":{"jetpack_post_was_ever_published":false,"_jetpack_newsletter_access":"","_jetpack_newsletter_tier_id":0,"jetpack_publicize_message":"","jetpack_is_tweetstorm":false,"jetpack_publicize_feature_enabled":true,"jetpack_social_post_already_shared":true,"jetpack_social_options":{"image_generator_settings":{"template":"highway","enabled":false}}},"categories":[40,67,38,9,42,1,39],"tags":[],"jetpack_publicize_connections":[],"jetpack_featured_media_url":"https:\/\/baraka.cc\/wp-content\/uploads\/2018\/06\/bag\u0131ms\u0131zk\u0131br\u0131s.jpg","jetpack_shortlink":"https:\/\/wp.me\/p4eHWX-1zz","jetpack_sharing_enabled":true,"_links":{"self":[{"href":"https:\/\/baraka.cc\/index.php?rest_route=\/wp\/v2\/posts\/6049"}],"collection":[{"href":"https:\/\/baraka.cc\/index.php?rest_route=\/wp\/v2\/posts"}],"about":[{"href":"https:\/\/baraka.cc\/index.php?rest_route=\/wp\/v2\/types\/post"}],"author":[{"embeddable":true,"href":"https:\/\/baraka.cc\/index.php?rest_route=\/wp\/v2\/users\/3"}],"replies":[{"embeddable":true,"href":"https:\/\/baraka.cc\/index.php?rest_route=%2Fwp%2Fv2%2Fcomments&post=6049"}],"version-history":[{"count":2,"href":"https:\/\/baraka.cc\/index.php?rest_route=\/wp\/v2\/posts\/6049\/revisions"}],"predecessor-version":[{"id":6052,"href":"https:\/\/baraka.cc\/index.php?rest_route=\/wp\/v2\/posts\/6049\/revisions\/6052"}],"wp:featuredmedia":[{"embeddable":true,"href":"https:\/\/baraka.cc\/index.php?rest_route=\/wp\/v2\/media\/6050"}],"wp:attachment":[{"href":"https:\/\/baraka.cc\/index.php?rest_route=%2Fwp%2Fv2%2Fmedia&parent=6049"}],"wp:term":[{"taxonomy":"category","embeddable":true,"href":"https:\/\/baraka.cc\/index.php?rest_route=%2Fwp%2Fv2%2Fcategories&post=6049"},{"taxonomy":"post_tag","embeddable":true,"href":"https:\/\/baraka.cc\/index.php?rest_route=%2Fwp%2Fv2%2Ftags&post=6049"}],"curies":[{"name":"wp","href":"https:\/\/api.w.org\/{rel}","templated":true}]}}