{"id":6054,"date":"2018-06-09T13:52:15","date_gmt":"2018-06-09T11:52:15","guid":{"rendered":"https:\/\/baraka.cc\/?p=6054"},"modified":"2018-06-09T13:52:15","modified_gmt":"2018-06-09T11:52:15","slug":"daude-akp-milletvekilini-protesto-eden-ogrenciler-2-yildir-yargilaniyor","status":"publish","type":"post","link":"https:\/\/baraka.cc\/?p=6054","title":{"rendered":"DA\u00dc\u2019de AKP Milletvekilini Protesto Eden \u00d6\u011frenciler 2 Y\u0131ld\u0131r Yarg\u0131lan\u0131yor"},"content":{"rendered":"<p>2 y\u0131l \u00f6nce Ma\u011fusa\u2019da Do\u011fu Akdeniz \u00dcniversitesi\u2019nde konu\u015fma yapan AKP Milletvekili Hamza Da\u011f\u2019\u0131 pankart a\u00e7arak protesto eden \u00f6\u011frenciler yarg\u0131lanmaya devam ediyor.<\/p>\n<p>AKP milletvekilinin konu\u015fmas\u0131 s\u0131ras\u0131nda pankart a\u00e7\u0131p milletvekiline soru sormaya \u00e7al\u0131\u015ft\u0131klar\u0131 i\u00e7in evleri bas\u0131larak g\u00f6zalt\u0131na al\u0131nan \u00f6\u011frenciler, haklar\u0131nda a\u00e7\u0131lan<b> <\/b>&#8220;Rahats\u0131zl\u0131k Vermek&#8221; ve &#8220;Uygunsuz Tav\u0131r ve Hakaret&#8221; davalar\u0131yla ilgili 2 y\u0131ld\u0131r mahkeme koridorlar\u0131nda y\u0131prat\u0131lmaya \u00e7al\u0131\u015f\u0131l\u0131yor.<\/p>\n<p><b>Ne Olmu\u015ftu?<\/b><\/p>\n<p>2 y\u0131l \u00f6nce 7 Kas\u0131m 2016 tarihinde Do\u011fu Akdeniz \u00dcniversitesi&#8217;nde ger\u00e7ekle\u015fen panelde konu\u015fma yapan AKP \u0130zmir milletvekili Hamza Da\u011f&#8217;a soru sormaya ve pankart a\u00e7maya \u00e7al\u0131\u015fan DA\u00dc\u2019l\u00fc \u00f6\u011frenciler, salona okul d\u0131\u015f\u0131ndan ve farkl\u0131 \u015fehirlerden ta\u015f\u0131nan gerici ve fa\u015fist grup taraf\u0131ndan darp edilmi\u015fti. Salonda darp edilen 7 \u00f6\u011frenciyi ak\u015fam saatlerinde evlerini basarak g\u00f6zalt\u0131na alan Polis, haklar\u0131nda &#8220;Rahats\u0131zl\u0131k&#8221; ve &#8220;Uygunsuz Tav\u0131r ve Hakaret&#8221;te bulunmaktan iki dava okuyup serbest b\u0131rakaca\u011f\u0131 \u00f6\u011frencileri tam 24 saat g\u00f6zalt\u0131nda tutulmu\u015ftu.<\/p>\n<p>Aradan 5 ay ge\u00e7tikten sonra savc\u0131l\u0131k taraf\u0131ndan bahsi ge\u00e7en iki dava \u00f6\u011frencilere dosyalanarak, duru\u015fmalara ba\u015fland\u0131. 1 seneyi a\u015fk\u0131n bir s\u00fcredir duru\u015fmalara \u00e7\u0131kan \u00a0\u00f6\u011frencilere, Savc\u0131l\u0131k taraf\u0131ndan hen\u00fcz herhangi bir davadan itham yap\u0131lmad\u0131. Onlarca kez duru\u015fmalar i\u00e7in mahkemeye gidip gelen \u00f6\u011frencilere hen\u00fcz ithamda dahi bulunulmamas\u0131, savc\u0131l\u0131\u011f\u0131n asl\u0131nda su\u00e7suz olan \u00f6\u011frencileri y\u0131pratma yolu ile cezaland\u0131rmaya \u00e7al\u0131\u015ft\u0131\u011f\u0131n\u0131 g\u00f6steriyor.<\/p>\n","protected":false},"excerpt":{"rendered":"<p>2 y\u0131l \u00f6nce Ma\u011fusa\u2019da Do\u011fu Akdeniz \u00dcniversitesi\u2019nde konu\u015fma yapan AKP Milletvekili Hamza Da\u011f\u2019\u0131 pankart a\u00e7arak protesto eden \u00f6\u011frenciler yarg\u0131lanmaya devam ediyor. AKP milletvekilinin konu\u015fmas\u0131 s\u0131ras\u0131nda<\/p>\n","protected":false},"author":12,"featured_media":6055,"comment_status":"open","ping_status":"open","sticky":false,"template":"","format":"standard","meta":{"jetpack_post_was_ever_published":false,"_jetpack_newsletter_access":"","_jetpack_newsletter_tier_id":0,"jetpack_publicize_message":"DA\u00dc\u2019de AKP Milletvekilini Protesto Eden \u00d6\u011frenciler 2 Y\u0131ld\u0131r Yarg\u0131lan\u0131yor","jetpack_is_tweetstorm":false,"jetpack_publicize_feature_enabled":true,"jetpack_social_post_already_shared":true,"jetpack_social_options":{"image_generator_settings":{"template":"highway","enabled":false}}},"categories":[9,1],"tags":[],"jetpack_publicize_connections":[],"jetpack_featured_media_url":"https:\/\/baraka.cc\/wp-content\/uploads\/2018\/06\/Mag\u0306usa-Kaza-Mahkemesi.jpg","jetpack_shortlink":"https:\/\/wp.me\/p4eHWX-1zE","jetpack_sharing_enabled":true,"_links":{"self":[{"href":"https:\/\/baraka.cc\/index.php?rest_route=\/wp\/v2\/posts\/6054"}],"collection":[{"href":"https:\/\/baraka.cc\/index.php?rest_route=\/wp\/v2\/posts"}],"about":[{"href":"https:\/\/baraka.cc\/index.php?rest_route=\/wp\/v2\/types\/post"}],"author":[{"embeddable":true,"href":"https:\/\/baraka.cc\/index.php?rest_route=\/wp\/v2\/users\/12"}],"replies":[{"embeddable":true,"href":"https:\/\/baraka.cc\/index.php?rest_route=%2Fwp%2Fv2%2Fcomments&post=6054"}],"version-history":[{"count":1,"href":"https:\/\/baraka.cc\/index.php?rest_route=\/wp\/v2\/posts\/6054\/revisions"}],"predecessor-version":[{"id":6056,"href":"https:\/\/baraka.cc\/index.php?rest_route=\/wp\/v2\/posts\/6054\/revisions\/6056"}],"wp:featuredmedia":[{"embeddable":true,"href":"https:\/\/baraka.cc\/index.php?rest_route=\/wp\/v2\/media\/6055"}],"wp:attachment":[{"href":"https:\/\/baraka.cc\/index.php?rest_route=%2Fwp%2Fv2%2Fmedia&parent=6054"}],"wp:term":[{"taxonomy":"category","embeddable":true,"href":"https:\/\/baraka.cc\/index.php?rest_route=%2Fwp%2Fv2%2Fcategories&post=6054"},{"taxonomy":"post_tag","embeddable":true,"href":"https:\/\/baraka.cc\/index.php?rest_route=%2Fwp%2Fv2%2Ftags&post=6054"}],"curies":[{"name":"wp","href":"https:\/\/api.w.org\/{rel}","templated":true}]}}