{"id":6066,"date":"2018-06-17T08:45:56","date_gmt":"2018-06-17T06:45:56","guid":{"rendered":"https:\/\/baraka.cc\/?p=6066"},"modified":"2018-06-17T08:51:31","modified_gmt":"2018-06-17T06:51:31","slug":"iste-ozgursunuz-yildiz-aziz","status":"publish","type":"post","link":"https:\/\/baraka.cc\/?p=6066","title":{"rendered":"&#8220;\u0130\u015e&#8221;te \u00d6zg\u00fcrs\u00fcn\u00fcz! &#8211; Y\u0131ld\u0131z Aziz"},"content":{"rendered":"<p style=\"text-align: center;\"><b><a href=\"https:\/\/baraka.cc\/wp-content\/uploads\/2018\/06\/ilke-yaz\u0131-foto.jpg\"><img decoding=\"async\" loading=\"lazy\" class=\"alignnone size-full wp-image-6067\" alt=\"ilke yaz\u0131 foto\" src=\"https:\/\/baraka.cc\/wp-content\/uploads\/2018\/06\/ilke-yaz\u0131-foto.jpg\" width=\"300\" height=\"168\" \/><\/a>\u00a0<\/b><\/p>\n<p><i>*\u0130\u015fini istedi\u011fin yerde istedi\u011fin saatte yapmakta \u00f6zg\u00fcrs\u00fcn! Yeter ki son teslim tarihinde bitmi\u015f olsun.<\/i><\/p>\n<p><i>*\u015eirketinin sana sundu\u011fu se\u00e7enekler i\u00e7inden istedi\u011fin cep telefonunu ve laptopu se\u00e7mekte \u00f6zg\u00fcrs\u00fcn! Yeter ki her an ula\u015f\u0131labilir ol&#8230;<\/i><\/p>\n<p><i>*\u0130stersen bug\u00fcn i\u015fe bir saat ge\u00e7 gelebilirsin. Tabii bir saat ge\u00e7 \u00e7\u0131kacaks\u0131n yani mesaini ayarlamakta da \u00f6zg\u00fcrs\u00fcn!<\/i><\/p>\n<p><i>*Do\u011fum mu yapt\u0131n istersen evden \u00e7al\u0131\u015fmakta \u00f6zg\u00fcrs\u00fcn&#8230;Yeter ki her an m\u00fcsait ol\u2026<\/i><\/p>\n<p><i>*Ko\u015fullar zor ve a\u011f\u0131r olabilir ama biz bir aileyiz ve \u00e7ok \u00e7al\u0131\u015f\u0131rsak birlikte ba\u015far\u0131r\u0131z. Normalde insan ailesini se\u00e7emez ama sen i\u015f anlam\u0131nda aileni bile se\u00e7mekte \u00f6zg\u00fcrs\u00fcn! <\/i><\/p>\n<p><i>*\u0130\u015fin bitince gitmekte \u00f6zg\u00fcrs\u00fcn! <\/i><\/p>\n<p><i>* Bu i\u015f yerinde kendi i\u015fin gibi, yani sahibi gibi \u00e7al\u0131\u015fmakta da \u00f6zg\u00fcrs\u00fcn.<\/i><\/p>\n<p><i>*Peki, patronunu m\u00fcd\u00fcr\u00fcn\u00fc \u015fefini sosyal medyadan eklememekte \u00f6zg\u00fcr m\u00fcs\u00fcn? \u00d6zg\u00fcrs\u00fcn!<\/i><\/p>\n<p><i>*Bu i\u015fi be\u011fenmiyorsan b\u0131rakmakta da \u00f6zg\u00fcrs\u00fcn!<\/i><\/p>\n<p>Sen de kabul edersin ki bu kadar \u00f6zg\u00fcrl\u00fc\u011f\u00fcn birazc\u0131k bedeli olacak. Kendi i\u015fin gibi dediysek \u015firketin stratejik planlamalar\u0131na, maa\u015f\u0131na, \u00f6demelere ve kara tabii ki kar\u0131\u015famazs\u0131n. Sendikal\u0131 \u00e7al\u0131\u015fmakta \u00f6zg\u00fcr de\u011filsin. \u0130zinlerini organize etmekte de de\u011filsin, maa\u015f\u0131n\u0131 kesinlikle biz, performans\u0131na g\u00f6re belirleriz. \u0130\u015f g\u00fcvencesi diye bir \u00fctopya duyuyoruz; bu s\u00f6z konusu dahi olamaz g\u00fcn\u00fcm\u00fcz\u00fcn rekabet ortam\u0131nda biz patronlar\u0131n bile i\u015fi garanti de\u011fil. Patronun sulu \u015fakalar\u0131na, sa\u00e7ma tuhaf davran\u0131\u015flar\u0131na \u00e7e\u015fit t\u00fcrl\u00fc mobbinge de di\u015fini s\u0131k biraz, ekmek aslan\u0131n midesinde art\u0131k.<\/p>\n<p>Eskiden bir fabrikada, at\u00f6lyede belli saatler i\u00e7inde i\u015fimiz belli olarak \u00e7al\u0131\u015f\u0131yorduk. Patron belli, i\u015f belli, i\u015f saati belliydi. Evet \u00e7ok zor \u00e7al\u0131\u015fma ko\u015fullar\u0131 vard\u0131 fakat bu ortadayd\u0131. \u015eimdilerde ise CEO\u2019lar, ta\u015feron \u015firketler, tak\u0131m liderleri bizleri \u00f6zg\u00fcr oldu\u011fumuza inand\u0131rarak g\u00f6n\u00fcll\u00fc olarak \u00e7al\u0131\u015ft\u0131r\u0131yor. Sermaye, toplumu, elindeki t\u00fcm imkanlar\u0131 (g\u00f6rsel, yaz\u0131l\u0131 bas\u0131n vb.) kullanarak \u00e7al\u0131\u015fmas\u0131 gerekti\u011fine daha \u00e7ok \u00e7al\u0131\u015fmas\u0131 gerekti\u011fine, asgari d\u00fczeyde bir ya\u015fam i\u00e7in bile maksimum performans\u0131n gereklili\u011fine ikna ediyor. Ve bunu yaparken bizim g\u00f6n\u00fcl rahatl\u0131\u011f\u0131yla t\u00fcm \u00f6zel alan ve zaman\u0131m\u0131z\u0131 da g\u00fcm\u00fc\u015f tepside onlara sunmam\u0131z\u0131 istiyor. G\u00fcnde 9-10 saat ve daha fazlas\u0131n\u0131 \u00e7al\u0131\u015f\u0131yoruz fakat sormuyoruz neden bu kadar \u00e7al\u0131\u015f\u0131yoruz diye\u2026 D\u00fc\u015f\u00fcnmeyi unutacak kadar \u00e7al\u0131\u015ft\u0131r\u0131l\u0131yoruz ve kendimizi \u00f6zg\u00fcr san\u0131yoruz.<\/p>\n<p><i>\u00c7al\u0131\u015fma hayat\u0131 ve kurumsal ileti\u015fim, teknolojiyle birlikte h\u0131zland\u0131k\u00e7a \u00e7al\u0131\u015fma saatleri de belirsizle\u015fmeye, \u00e7al\u0131\u015fma alan\u0131 geni\u015flemeye, i\u015f ile \u00f6zel ya\u015fam\u0131n aras\u0131 mu\u011fl\u00e2kla\u015fmaya, s\u00f6m\u00fcr\u00fc artmaya ba\u015flad\u0131<\/i>. (<i>*) <\/i>Ayr\u0131ca sosyal medya ve ileti\u015fim ara\u00e7lar\u0131n\u0131n geli\u015fimiyle i\u015f yerindeki mobbing de i\u015f d\u0131\u015f\u0131na yay\u0131lmaktad\u0131r. Modern \u00e7a\u011fda okulu bitirdikten emeklili\u011fe kadar durmadan \u00f6zg\u00fcrce \u00e7al\u0131\u015f\u0131yoruz ne i\u00e7in? T\u00fcm hayat\u0131m\u0131z boyunca hayal etti\u011fimiz emeklilik tatili i\u00e7in, \u015fansl\u0131 isek ve 65 ya\u015f\u0131na gelip de hala hayattaysak, \u00f6mr\u00fcm\u00fcz\u00fc harcad\u0131\u011f\u0131m\u0131z o tatile \u00e7\u0131k\u0131p bu d\u00fcnyadaki g\u00f6revimizi tamamlam\u0131\u015f oluyoruz.<\/p>\n<p><b>Biri De\u011fil \u0130kisi Bizi G\u00f6zetliyor<\/b><\/p>\n<p>G\u00fcn\u00fcm\u00fcz, teknolojinin de geli\u015fmesi ile s\u00fcrekli g\u00f6zetlenebilen, kontrol edilebilen bireylerin \u00e7a\u011f\u0131 olmaya ba\u015flam\u0131\u015f, ki\u015filer g\u00fcn ge\u00e7tik\u00e7e \u00f6zel hayatlar\u0131nda da \u00e7al\u0131\u015fma hayatlar\u0131nda da bir mahremiyet alan\u0131 bulamamakta kendileri ve \u00f6zel \u00e7evreleri ile ba\u015f ba\u015fa kalabilecek bir zaman\u0131 yaratamamaktad\u0131r.<\/p>\n<p>Buradan bakt\u0131\u011f\u0131m\u0131zda \u00f6ncelikle devletin (iktidar\u0131n) yaratmak istedi\u011fi bir g\u00f6zetim toplumu oldu\u011funu ve bunu yaratmak istemesinin sebeplerinden birinin de bilme iste\u011fi oldu\u011funu s\u00f6yleyebiliriz. Devlet, sosyo ekonomik faaliyetlerini yerine getirmek i\u00e7in ihtiyac\u0131 olandan \u00e7ok daha fazlas\u0131n\u0131 \u00f6\u011frenmek istemekte \u00e7\u00fcnk\u00fc toplumdaki bireyleri iktidar i\u00e7in potansiyel birer tehlike olarak g\u00f6rmekte ve oturdu\u011fu zemini sa\u011flam tutman\u0131n ko\u015fulunun insanlar\u0131 kontrol alt\u0131nda tutmaktan ge\u00e7ti\u011fini d\u00fc\u015f\u00fcnmektedir. \u0130\u015f ya\u015fam\u0131nda da patronlar benzer kayg\u0131larla \u00e7al\u0131\u015fanlar\u0131n\u0131 g\u00f6zetlemektedir.<\/p>\n<p>Yeni \u00e7al\u0131\u015fma ya\u015fam\u0131nda patronlar \u00e7al\u0131\u015fanlar\u0131n\u0131n ger\u00e7ekten \u00e7al\u0131\u015f\u0131p \u00e7al\u0131\u015fmad\u0131\u011f\u0131n\u0131, \u00e7al\u0131\u015f\u0131yorsa onlara g\u00f6re ne kadar verimli oldu\u011funu, i\u015f yerinin daha iyiye gitmesi i\u00e7in ekstra bir \u00e7aba sarf edip etmedi\u011fini g\u00f6rmek ve kontrol etmek i\u00e7in ara\u00e7lar\u0131na son moda takip cihazlar\u0131, \u015firket telefonlar\u0131na gps\u2019ler takt\u0131rarak, sosyal medyay\u0131 kullanarak yani teknolojinin verdi\u011fi t\u00fcm imkanlarla onlar\u0131 denetliyor. Bug\u00fcn \u00f6zg\u00fcrl\u00fck ara\u00e7lar\u0131 olarak tan\u0131mlad\u0131\u011f\u0131m\u0131z bilgisayar, cep telefonu, kameralar, internet ve daha bir\u00e7o\u011fu arac\u0131l\u0131\u011f\u0131 ile bireyler belli alanlara hapsedilerek s\u00fcrekli g\u00f6zetim ve denetim alt\u0131nda tutulmaktad\u0131r. Sadece g\u00f6zetleniyor oldu\u011funu bilmek bile ki\u015finin \u00fczerinde bir bask\u0131 unsuru yaratmakta ve \u00f6zg\u00fcrl\u00fcklerimizi k\u0131s\u0131tlamaktad\u0131r. Oysa patronlar taraf\u0131ndan bu tip ara\u00e7lar\u0131n kullan\u0131l\u0131yor olmas\u0131n\u0131n arg\u00fcman\u0131, bunun tam tersine bu ara\u00e7lar\u0131n bireylere \u00f6zg\u00fcrl\u00fck getirdi\u011fi y\u00f6n\u00fcndedir. Unutulmamal\u0131d\u0131r ki bireyin gizlili\u011fi ve \u00f6zel hayat\u0131 en temel insan haklar\u0131ndan biridir ve patronlar her ne kadar ink\u00e2r etse de yap\u0131lan, ki\u015filerin \u00f6zg\u00fcrl\u00fc\u011f\u00fcne bir sald\u0131r\u0131d\u0131r ve bu sald\u0131r\u0131y\u0131 tek ba\u015f\u0131m\u0131za p\u00fcsk\u00fcrtmemiz m\u00fcmk\u00fcn de\u011fildir. Ger\u00e7ekten \u00f6zg\u00fcr ve insanca ya\u015fayabilmenin ko\u015fulu, birlikte m\u00fccadele etmekten ge\u00e7er. Bizler sendikas\u0131z \u00e7al\u0131\u015ft\u0131r\u0131ld\u0131k\u00e7a bask\u0131 daha da artacakt\u0131r, bu nedenledir ki t\u00fcm emek\u00e7ilerin sendikal\u0131 olmas\u0131, sendikas\u0131z \u00e7al\u0131\u015ft\u0131r\u0131lman\u0131n yasaklanmas\u0131 i\u00e7in birlik olmal\u0131y\u0131z, \u00e7\u00fcnk\u00fc ger\u00e7ek \u00f6zg\u00fcrl\u00fck, emek\u00e7iler i\u00e7in \u00f6rg\u00fctl\u00fc \u00e7al\u0131\u015fmakt\u0131r.<\/p>\n<p><i>(*) \u0130ndigo dergisi \u201cFransa\u2019da hafta sonu i\u015f e-postas\u0131 yan\u0131tlamak yasakland\u0131\u201d 3 Haziran 2017 <\/i><\/p>\n","protected":false},"excerpt":{"rendered":"<p>\u00a0 *\u0130\u015fini istedi\u011fin yerde istedi\u011fin saatte yapmakta \u00f6zg\u00fcrs\u00fcn! Yeter ki son teslim tarihinde bitmi\u015f olsun. *\u015eirketinin sana sundu\u011fu se\u00e7enekler i\u00e7inden istedi\u011fin cep telefonunu ve laptopu<\/p>\n","protected":false},"author":3,"featured_media":6067,"comment_status":"open","ping_status":"open","sticky":false,"template":"","format":"standard","meta":{"jetpack_post_was_ever_published":false,"_jetpack_newsletter_access":"","_jetpack_newsletter_tier_id":0,"jetpack_publicize_message":"","jetpack_is_tweetstorm":false,"jetpack_publicize_feature_enabled":true,"jetpack_social_post_already_shared":true,"jetpack_social_options":{"image_generator_settings":{"template":"highway","enabled":false}}},"categories":[40,67,38,9,42,1,39],"tags":[],"jetpack_publicize_connections":[],"jetpack_featured_media_url":"https:\/\/baraka.cc\/wp-content\/uploads\/2018\/06\/ilke-yaz\u0131-foto.jpg","jetpack_shortlink":"https:\/\/wp.me\/p4eHWX-1zQ","jetpack_sharing_enabled":true,"_links":{"self":[{"href":"https:\/\/baraka.cc\/index.php?rest_route=\/wp\/v2\/posts\/6066"}],"collection":[{"href":"https:\/\/baraka.cc\/index.php?rest_route=\/wp\/v2\/posts"}],"about":[{"href":"https:\/\/baraka.cc\/index.php?rest_route=\/wp\/v2\/types\/post"}],"author":[{"embeddable":true,"href":"https:\/\/baraka.cc\/index.php?rest_route=\/wp\/v2\/users\/3"}],"replies":[{"embeddable":true,"href":"https:\/\/baraka.cc\/index.php?rest_route=%2Fwp%2Fv2%2Fcomments&post=6066"}],"version-history":[{"count":2,"href":"https:\/\/baraka.cc\/index.php?rest_route=\/wp\/v2\/posts\/6066\/revisions"}],"predecessor-version":[{"id":6069,"href":"https:\/\/baraka.cc\/index.php?rest_route=\/wp\/v2\/posts\/6066\/revisions\/6069"}],"wp:featuredmedia":[{"embeddable":true,"href":"https:\/\/baraka.cc\/index.php?rest_route=\/wp\/v2\/media\/6067"}],"wp:attachment":[{"href":"https:\/\/baraka.cc\/index.php?rest_route=%2Fwp%2Fv2%2Fmedia&parent=6066"}],"wp:term":[{"taxonomy":"category","embeddable":true,"href":"https:\/\/baraka.cc\/index.php?rest_route=%2Fwp%2Fv2%2Fcategories&post=6066"},{"taxonomy":"post_tag","embeddable":true,"href":"https:\/\/baraka.cc\/index.php?rest_route=%2Fwp%2Fv2%2Ftags&post=6066"}],"curies":[{"name":"wp","href":"https:\/\/api.w.org\/{rel}","templated":true}]}}