{"id":6071,"date":"2018-06-23T14:32:49","date_gmt":"2018-06-23T12:32:49","guid":{"rendered":"https:\/\/baraka.cc\/?p=6071"},"modified":"2018-06-23T14:32:49","modified_gmt":"2018-06-23T12:32:49","slug":"bagimsizlik-yolunun-partilesme-yolunda-attigi-adimi-devrimci-dayanismayla-selamliyoruz","status":"publish","type":"post","link":"https:\/\/baraka.cc\/?p=6071","title":{"rendered":"Ba\u011f\u0131ms\u0131zl\u0131k Yolu\u2019nun partile\u015fme yolunda att\u0131\u011f\u0131 ad\u0131m\u0131 devrimci dayan\u0131\u015fmayla selaml\u0131yoruz\u2026"},"content":{"rendered":"<p>Bundan d\u00f6rt y\u0131l \u00f6nce, \u201chalklar\u0131n bar\u0131\u015f\u0131 i\u00e7in, K\u0131br\u0131s\u2019\u0131n kuzeyinde neoliberal ve asimilasyon politikalar\u0131na kar\u015f\u0131 anti-kapitalist, e\u015fitlik\u00e7i, eko-sosyalist, sosyalist feminist ve devrimci bir hat olu\u015fturmak i\u00e7in yola \u00e7\u0131k\u0131yor\u201d ifadeleriyle \u00fclkemizin i\u00e7inde bulundu\u011fu ke\u015fmeke\u015flikler zincirinde halka bir umut \u0131\u015f\u0131\u011f\u0131 olarak do\u011fmu\u015ftu Ba\u011f\u0131ms\u0131zl\u0131k Yolu. Bug\u00fcn, \u00f6zg\u00fcrl\u00fck ve ba\u011f\u0131ms\u0131zl\u0131k \u015fiar\u0131yla verdi\u011fi m\u00fccadeleyi, partile\u015fme yoluna girerek bir ad\u0131m \u00f6teye ta\u015f\u0131d\u0131.<br \/>\nManevi ve k\u00fclt\u00fcrel de\u011ferleri elinden al\u0131nmaya \u00e7al\u0131\u015f\u0131lan bir halk olarak, asimilasyona kar\u015f\u0131 duran, \u00f6zelde \u00e7al\u0131\u015fan emek\u00e7ileri d\u00fc\u015f\u00fcn\u00fcp, \u00f6zelde sendikala\u015fmay\u0131 s\u00f6z olmaktan \u00e7\u0131karan ve \u201csendikas\u0131z \u00e7al\u0131\u015ft\u0131r\u0131lman\u0131n yasaklanmas\u0131\u201d m\u00fccadelesine ba\u015f koyan, \u00fclkemizin b\u00fcy\u00fck bir sorunu haline gelen ekolojik konularla ilgili inisiyatifler kuran, kad\u0131n haklar\u0131na sahip \u00e7\u0131kan, Baraka K\u00fclt\u00fcr Merkeziyle birlikte \u201cumut bah\u00e7esi\u201dni ye\u015ferten Ba\u011f\u0131ms\u0131zl\u0131k Yolu\u2019nun emek\u00e7iden, kad\u0131ndan, ezilenden yana oldu\u011fu g\u00fcn gibi a\u015fikard\u0131r.<br \/>\nYa\u015fad\u0131\u011f\u0131m\u0131z co\u011frafya \u00fczerinde oynanan oyunlar, bizlerin bar\u0131\u015fa, \u00f6zg\u00fcrl\u00fc\u011fe ve sosyalizme olan a\u00e7l\u0131\u011f\u0131n\u0131 daha da ortaya \u00e7\u0131karmaktad\u0131r. Kirli siyasetlerle y\u0131llard\u0131r, ya\u015fam alan\u0131m\u0131z\u0131 dar eden, k\u00f6hne zihniyetlere inat HALK-DER gelene\u011fini sahiplenen, \u00fclkesini seven yani bu topraklar \u00fczerinde ya\u015fayan halklar\u0131 d\u00fc\u015f\u00fcnen bir parti var art\u0131k. Bizler de ayn\u0131 gelenekten gelen Baraka aktivistleri olarak, Ba\u011f\u0131ms\u0131zl\u0131k Yolu\u2019nun m\u00fccadelesini, devrimci dayan\u0131\u015fmayla selamlar, yeri gelince en kuvvetli deste\u011fimiz, yeri gelince en ac\u0131mas\u0131z ele\u015ftirilerimizle her zaman yan\u0131nda olaca\u011f\u0131m\u0131z\u0131n s\u00f6z\u00fcn\u00fc veririz. \u00c7\u00fcnk\u00fc ayn\u0131 yolda y\u00fcr\u00fcyenler farkl\u0131 yerlere varamazlar\u2026<br \/>\nBaraka K\u00fclt\u00fcr Merkezi (a)<br \/>\n\u015eifa Al\u00e7\u0131c\u0131o\u011flu<\/p>\n","protected":false},"excerpt":{"rendered":"<p>Bundan d\u00f6rt y\u0131l \u00f6nce, \u201chalklar\u0131n bar\u0131\u015f\u0131 i\u00e7in, K\u0131br\u0131s\u2019\u0131n kuzeyinde neoliberal ve asimilasyon politikalar\u0131na kar\u015f\u0131 anti-kapitalist, e\u015fitlik\u00e7i, eko-sosyalist, sosyalist feminist ve devrimci bir hat olu\u015fturmak i\u00e7in<\/p>\n","protected":false},"author":9,"featured_media":4737,"comment_status":"open","ping_status":"open","sticky":false,"template":"","format":"standard","meta":{"jetpack_post_was_ever_published":false,"_jetpack_newsletter_access":"","_jetpack_newsletter_tier_id":0,"jetpack_publicize_message":"","jetpack_is_tweetstorm":false,"jetpack_publicize_feature_enabled":true,"jetpack_social_post_already_shared":true,"jetpack_social_options":{"image_generator_settings":{"template":"highway","enabled":false}}},"categories":[9,1],"tags":[],"jetpack_publicize_connections":[],"jetpack_featured_media_url":"https:\/\/baraka.cc\/wp-content\/uploads\/2017\/02\/baraka-logo.jpg","jetpack_shortlink":"https:\/\/wp.me\/p4eHWX-1zV","jetpack_sharing_enabled":true,"_links":{"self":[{"href":"https:\/\/baraka.cc\/index.php?rest_route=\/wp\/v2\/posts\/6071"}],"collection":[{"href":"https:\/\/baraka.cc\/index.php?rest_route=\/wp\/v2\/posts"}],"about":[{"href":"https:\/\/baraka.cc\/index.php?rest_route=\/wp\/v2\/types\/post"}],"author":[{"embeddable":true,"href":"https:\/\/baraka.cc\/index.php?rest_route=\/wp\/v2\/users\/9"}],"replies":[{"embeddable":true,"href":"https:\/\/baraka.cc\/index.php?rest_route=%2Fwp%2Fv2%2Fcomments&post=6071"}],"version-history":[{"count":1,"href":"https:\/\/baraka.cc\/index.php?rest_route=\/wp\/v2\/posts\/6071\/revisions"}],"predecessor-version":[{"id":6072,"href":"https:\/\/baraka.cc\/index.php?rest_route=\/wp\/v2\/posts\/6071\/revisions\/6072"}],"wp:featuredmedia":[{"embeddable":true,"href":"https:\/\/baraka.cc\/index.php?rest_route=\/wp\/v2\/media\/4737"}],"wp:attachment":[{"href":"https:\/\/baraka.cc\/index.php?rest_route=%2Fwp%2Fv2%2Fmedia&parent=6071"}],"wp:term":[{"taxonomy":"category","embeddable":true,"href":"https:\/\/baraka.cc\/index.php?rest_route=%2Fwp%2Fv2%2Fcategories&post=6071"},{"taxonomy":"post_tag","embeddable":true,"href":"https:\/\/baraka.cc\/index.php?rest_route=%2Fwp%2Fv2%2Ftags&post=6071"}],"curies":[{"name":"wp","href":"https:\/\/api.w.org\/{rel}","templated":true}]}}