{"id":6084,"date":"2018-06-26T12:33:05","date_gmt":"2018-06-26T10:33:05","guid":{"rendered":"https:\/\/baraka.cc\/?p=6084"},"modified":"2018-06-26T12:38:15","modified_gmt":"2018-06-26T10:38:15","slug":"sol-anahtari-muzik-grubu-sadet-caluda","status":"publish","type":"post","link":"https:\/\/baraka.cc\/?p=6084","title":{"rendered":"Sol Anahtar\u0131 M\u00fczik Grubu &#8211; Saadet \u00c7aluda"},"content":{"rendered":"<p style=\"text-align: center;\"><a href=\"https:\/\/baraka.cc\/wp-content\/uploads\/2018\/06\/14021642_1340613912615648_8218312141362484707_n.jpg\"><img decoding=\"async\" loading=\"lazy\" class=\"alignnone size-medium wp-image-6085\" alt=\"14021642_1340613912615648_8218312141362484707_n\" src=\"https:\/\/baraka.cc\/wp-content\/uploads\/2018\/06\/14021642_1340613912615648_8218312141362484707_n-300x199.jpg\" width=\"300\" height=\"199\" srcset=\"https:\/\/baraka.cc\/wp-content\/uploads\/2018\/06\/14021642_1340613912615648_8218312141362484707_n-300x199.jpg 300w, https:\/\/baraka.cc\/wp-content\/uploads\/2018\/06\/14021642_1340613912615648_8218312141362484707_n.jpg 960w\" sizes=\"(max-width: 300px) 100vw, 300px\" \/><\/a><\/p>\n<p><i>\u2018\u2019Bir \u00fclkenin t\u00fcrk\u00fclerini yapanlar, yasalar\u0131n\u0131 yapanlardan daha g\u00fc\u00e7l\u00fcd\u00fcr.\u2019\u2019 <\/i><\/p>\n<p><i>\u00a0\u00a0\u00a0\u00a0\u00a0\u00a0\u00a0\u00a0\u00a0\u00a0\u00a0\u00a0\u00a0\u00a0\u00a0\u00a0\u00a0\u00a0\u00a0\u00a0\u00a0\u00a0\u00a0\u00a0\u00a0\u00a0\u00a0\u00a0\u00a0\u00a0\u00a0\u00a0\u00a0\u00a0\u00a0\u00a0\u00a0\u00a0\u00a0\u00a0\u00a0\u00a0\u00a0\u00a0\u00a0\u00a0\u00a0\u00a0\u00a0\u00a0\u00a0\u00a0\u00a0\u00a0\u00a0\u00a0\u00a0\u00a0\u00a0\u00a0\u00a0\u00a0\u00a0\u00a0 \u00a0\u00a0\u00a0\u00a0\u00a0\u00a0\u00a0\u00a0\u00a0\u00a0\u00a0\u00a0\u00a0\u00a0\u00a0\u00a0\u00a0\u00a0\u00a0\u00a0\u00a0\u00a0\u00a0\u00a0\u00a0\u00a0William Shakespeare<\/i><\/p>\n<p>\u0130ki y\u0131l \u00f6nce aralar\u0131na kat\u0131ld\u0131\u011f\u0131m, yakla\u015f\u0131k 14 y\u0131ld\u0131r hayat\u0131m\u0131zda yer alan Sol Anahtar\u0131 grubunun ge\u00e7mi\u015fine \u015f\u00f6yle bir uzan\u0131rsak&#8230;<\/p>\n<p>Baraka K\u00fclt\u00fcr Merkezi kuruldu\u011funda m\u00fczi\u011fe ilgili arkada\u015flar\u0131m\u0131z da varm\u0131\u015f. Zaten i\u00e7inizde \u00f6zg\u00fcr bir ruh varsa, sanata kar\u015f\u0131 ayr\u0131 bir ilgisi olu\u015fuyor insan\u0131n. \u015eiirler, \u015fark\u0131lar, dillerden d\u00f6k\u00fcl\u00fcp tek tek yerlerini bulmaya ba\u015fl\u0131yor. Baraka b\u00fcy\u00fcmeye ba\u015flad\u0131k\u00e7a \u00e7e\u015fitli etkinliklerde kendili\u011finden m\u00fczik yapmaya ba\u015flam\u0131\u015f grubumuz. \u0130lk olarak 2002 y\u0131l\u0131nda koro olarak olu\u015fumuna ba\u015flam\u0131\u015f. M\u00fczi\u011fin yarat\u0131c\u0131, d\u00f6n\u00fc\u015ft\u00fcr\u00fcc\u00fc g\u00fcc\u00fc ile d\u00fczenli bir koro de\u011fil de m\u00fczik grubu olarak daha da g\u00fc\u00e7leneneceklerini d\u00fc\u015f\u00fcnerek birka\u00e7 y\u0131l sonra Baraka M\u00fczik Toplulu\u011fu Sol Anahtar\u0131 olarak olu\u015fup son halini m\u00fczik grubu olarak alm\u0131\u015f.<\/p>\n<p>Gelelim grubumuzun varolu\u015f ama\u00e7 ve hedeflerine;<\/p>\n<p>M\u00fczi\u011fin kolektif bir bi\u00e7imde yap\u0131labilece\u011fini g\u00f6rmek, g\u00f6stermek ve bu kolektivizmden keyif almak, duygu ve d\u00fc\u015f\u00fcncelerimizi, co\u015fkular\u0131m\u0131z\u0131 m\u00fczik arac\u0131l\u0131\u011f\u0131yla, birbirimizle ve dinleyenlerle payla\u015fabilmek ba\u015fta gelen ama\u00e7lar\u0131m\u0131zdand\u0131r. M\u00fczi\u011fi, belli kal\u0131plara ba\u011fl\u0131 kalmadan, \u00f6zg\u00fcrce, yarat\u0131c\u0131l\u0131\u011fa a\u00e7\u0131k olarak \u00fcretebilmek i\u00e7in kendimizi ve birbirimizi e\u011fitmek, birbirimizi her y\u00f6n\u00fcyle tan\u0131mak ve hayal etti\u011fimiz ili\u015fki ve \u00fcretme bi\u00e7imini m\u00fczik ile yaratmak, en g\u00fczeli de ba\u015fka bir k\u00fclt\u00fcr\u00fc, ba\u015fka bir d\u00fcnya \u00f6zlemini, m\u00fczik arac\u0131l\u0131\u011f\u0131yla topluma aktarmak hedeflerimizdendir. Baraka\u2019n\u0131n de\u011ferlerinin insanlara bula\u015ft\u0131r\u0131lmas\u0131nda, gerek \u015fark\u0131lar\u0131n s\u00f6zlerini, gerekse m\u00fczi\u011fin yaratt\u0131\u011f\u0131 co\u015fkuyu ara\u00e7 olarak kullan\u0131yoruz. B\u00f6ylece hem fikirler hem de \u015fark\u0131lar ak\u0131p, okyanustaki yerini bulabiliyor.<\/p>\n<p>Sol Anahtar\u0131 kuruldu\u011funda, farkl\u0131 hayatlar, farkl\u0131 mesleklerden ama ayn\u0131 ama\u00e7 ve sevgiye ait insanlar\u0131 toplad\u0131 etraf\u0131na. Kat\u0131ld\u0131\u011f\u0131 her konseri dayan\u0131\u015fmak ve ba\u011flar\u0131 daha da g\u00fc\u00e7lendirmek olarak g\u00f6rd\u00fc. Maddi bir kar\u015f\u0131l\u0131k beklemeksizin bir\u00e7ok eylem ve greve destek verip, ezilen emek\u00e7ilerin her zaman yan\u0131nda durmay\u0131 hedefledi. 7 ki\u015fiden olu\u015fan grubumuzda \u00a0bateri, iki gitar, bas gitar, akordeon, fl\u00fct, keman gibi aletler bulunmaktad\u0131r. Grubumuzun m\u00fczik yaparken kendi k\u00fclt\u00fcr\u00fcn\u00fc savunucu bir tarz\u0131 vard\u0131r. \u00c7a\u011fda\u015f halk m\u00fcziklerini protest m\u00fczikle harmanlar. Bu fikirlerle yola \u00e7\u0131kan grubumuz 2009 y\u0131l\u0131nda 1. alb\u00fcm\u00fc &#8220;Ba\u015fka Bir \u015eark\u0131&#8221;, 2011 y\u0131l\u0131nda da 2. alb\u00fcm\u00fc &#8221; K\u0131br\u0131s Bizim&#8221;i \u00e7\u0131kartt\u0131. Bu y\u0131l da 3. alb\u00fcm\u00fc olacak olan &#8220;Yolda\u2019\u2019n\u0131n haz\u0131rl\u0131\u011f\u0131nda. Dolu dolu ge\u00e7en uzun bir aradan sonra, kay\u0131t s\u00fcrecine tekrar ad\u0131m att\u0131k. Benim ilk kez dahil oldu\u011fum bu s\u00fcre\u00e7te m\u00fczi\u011fin ba\u015fka bir boyutunu daha tatm\u0131\u015f oldum. Alb\u00fcm\u00fcm\u00fczde K\u0131br\u0131sl\u0131 bestecilerimizin besteleri, K\u0131br\u0131s\u2019a \u00f6zg\u00fc melodiler, Sol Anahtar\u0131 besteleri de yer almaktad\u0131r. Alb\u00fcm\u00fcn yan\u0131 s\u0131ra grubumuzun klip kay\u0131tlar\u0131 da bulunmaktad\u0131r.<\/p>\n<p>S\u00f6z\u00fcn \u00f6z\u00fc; bize g\u00f6re m\u00fczik, toplum i\u00e7indir. Toplumun damarlar\u0131ndan beslenir ve \u00f6zg\u00fcnle\u015fir. Toplumunuzun neye ihtiyac\u0131 oldu\u011funu biliyorsan\u0131z onlara \u0131\u015f\u0131\u011f\u0131 m\u00fczikle g\u00f6sterirsiniz. Dilden dile yay\u0131l\u0131r, \u015fark\u0131lar anlamlar\u0131n\u0131 o zaman kazan\u0131r. \u00c7\u00fcnk\u00fc ne demi\u015f Shakespeare; \u2018\u2019Bir \u00fclkenin t\u00fcrk\u00fclerini yapanlar, yasalar\u0131n\u0131 yapanlardan daha g\u00fc\u00e7l\u00fcd\u00fcr.\u2019\u2019<\/p>\n<p>Saadet \u00c7aluda<\/p>\n<p>sadet_flute@hotmail.com<\/p>\n","protected":false},"excerpt":{"rendered":"<p>\u2018\u2019Bir \u00fclkenin t\u00fcrk\u00fclerini yapanlar, yasalar\u0131n\u0131 yapanlardan daha g\u00fc\u00e7l\u00fcd\u00fcr.\u2019\u2019 \u00a0\u00a0\u00a0\u00a0\u00a0\u00a0\u00a0\u00a0\u00a0\u00a0\u00a0\u00a0\u00a0\u00a0\u00a0\u00a0\u00a0\u00a0\u00a0\u00a0\u00a0\u00a0\u00a0\u00a0\u00a0\u00a0\u00a0\u00a0\u00a0\u00a0\u00a0\u00a0\u00a0\u00a0\u00a0\u00a0\u00a0\u00a0\u00a0\u00a0\u00a0\u00a0\u00a0\u00a0\u00a0\u00a0\u00a0\u00a0\u00a0\u00a0\u00a0\u00a0\u00a0\u00a0\u00a0\u00a0\u00a0\u00a0\u00a0\u00a0\u00a0\u00a0\u00a0\u00a0 \u00a0\u00a0\u00a0\u00a0\u00a0\u00a0\u00a0\u00a0\u00a0\u00a0\u00a0\u00a0\u00a0\u00a0\u00a0\u00a0\u00a0\u00a0\u00a0\u00a0\u00a0\u00a0\u00a0\u00a0\u00a0\u00a0William Shakespeare \u0130ki y\u0131l \u00f6nce aralar\u0131na kat\u0131ld\u0131\u011f\u0131m, yakla\u015f\u0131k 14 y\u0131ld\u0131r hayat\u0131m\u0131zda yer alan Sol Anahtar\u0131 grubunun<\/p>\n","protected":false},"author":3,"featured_media":6085,"comment_status":"open","ping_status":"open","sticky":false,"template":"","format":"standard","meta":{"jetpack_post_was_ever_published":false,"_jetpack_newsletter_access":"","_jetpack_newsletter_tier_id":0,"jetpack_publicize_message":"","jetpack_is_tweetstorm":false,"jetpack_publicize_feature_enabled":true,"jetpack_social_post_already_shared":true,"jetpack_social_options":{"image_generator_settings":{"template":"highway","enabled":false}}},"categories":[40,67,38,9,42,1],"tags":[],"jetpack_publicize_connections":[],"jetpack_featured_media_url":"https:\/\/baraka.cc\/wp-content\/uploads\/2018\/06\/14021642_1340613912615648_8218312141362484707_n.jpg","jetpack_shortlink":"https:\/\/wp.me\/p4eHWX-1A8","jetpack_sharing_enabled":true,"_links":{"self":[{"href":"https:\/\/baraka.cc\/index.php?rest_route=\/wp\/v2\/posts\/6084"}],"collection":[{"href":"https:\/\/baraka.cc\/index.php?rest_route=\/wp\/v2\/posts"}],"about":[{"href":"https:\/\/baraka.cc\/index.php?rest_route=\/wp\/v2\/types\/post"}],"author":[{"embeddable":true,"href":"https:\/\/baraka.cc\/index.php?rest_route=\/wp\/v2\/users\/3"}],"replies":[{"embeddable":true,"href":"https:\/\/baraka.cc\/index.php?rest_route=%2Fwp%2Fv2%2Fcomments&post=6084"}],"version-history":[{"count":2,"href":"https:\/\/baraka.cc\/index.php?rest_route=\/wp\/v2\/posts\/6084\/revisions"}],"predecessor-version":[{"id":6087,"href":"https:\/\/baraka.cc\/index.php?rest_route=\/wp\/v2\/posts\/6084\/revisions\/6087"}],"wp:featuredmedia":[{"embeddable":true,"href":"https:\/\/baraka.cc\/index.php?rest_route=\/wp\/v2\/media\/6085"}],"wp:attachment":[{"href":"https:\/\/baraka.cc\/index.php?rest_route=%2Fwp%2Fv2%2Fmedia&parent=6084"}],"wp:term":[{"taxonomy":"category","embeddable":true,"href":"https:\/\/baraka.cc\/index.php?rest_route=%2Fwp%2Fv2%2Fcategories&post=6084"},{"taxonomy":"post_tag","embeddable":true,"href":"https:\/\/baraka.cc\/index.php?rest_route=%2Fwp%2Fv2%2Ftags&post=6084"}],"curies":[{"name":"wp","href":"https:\/\/api.w.org\/{rel}","templated":true}]}}