{"id":6133,"date":"2018-07-17T14:21:13","date_gmt":"2018-07-17T12:21:13","guid":{"rendered":"https:\/\/baraka.cc\/?p=6133"},"modified":"2018-07-17T14:21:13","modified_gmt":"2018-07-17T12:21:13","slug":"direnisin-marsi-130-yasinda-aziz-guven-2","status":"publish","type":"post","link":"https:\/\/baraka.cc\/?p=6133","title":{"rendered":"Direni\u015fin Mar\u015f\u0131 130 Ya\u015f\u0131nda- Aziz G\u00fcven"},"content":{"rendered":"<p>Argasdi&#8217;nin Bellek sayfas\u0131nda bu say\u0131da &#8220;enternasyonal&#8221;i a\u011f\u0131rlad\u0131k. Aziz G\u00fcven&#8217;in kaleminden 130 ya\u015f\u0131ndaki direni\u015fin mar\u015f\u0131na selam olsun. Argasdi&#8217;ye Baraka K\u00fclt\u00fcr Merkezi lokalinden, t\u00fcm Khora kitapevlerinden ve gazete bayiilerden ula\u015fabilirsiniz.<\/p>\n<p>\u201c<i>Uyan art\u0131k uykudan uyan,<a href=\"https:\/\/baraka.cc\/wp-content\/uploads\/2018\/07\/soviet-music-star-300x291.jpg\"><img decoding=\"async\" loading=\"lazy\" class=\"size-full wp-image-6129 alignright\" alt=\"soviet-music-star-300x291\" src=\"https:\/\/baraka.cc\/wp-content\/uploads\/2018\/07\/soviet-music-star-300x291.jpg\" width=\"300\" height=\"291\" \/><\/a><\/i><\/p>\n<p><i>Uyan esirler d\u00fcnyas\u0131.<\/i><\/p>\n<p><i>Zulme kar\u015f\u0131 h\u0131nc\u0131m\u0131z volkan,<\/i><\/p>\n<p><i>Kavgam\u0131z \u00f6l\u00fcm-dirim kavgas\u0131&#8230;<\/i>\u201d<\/p>\n<p>\u0130\u015fte bu s\u00f6zlerle ba\u015fl\u0131yor i\u015f\u00e7i s\u0131n\u0131f\u0131n\u0131n sembol \u015fark\u0131s\u0131&#8230; Enternasyonal, y\u00fcz y\u0131l\u0131 a\u015fk\u0131n ya\u015fam\u0131 boyunca hi\u00e7 ya\u015flanmam\u0131\u015f ve hala dimdik ayakta&#8230; D\u00fcnyay\u0131 s\u00f6m\u00fcr\u00fcs\u00fcz, e\u015fit, adil ve daha ya\u015fan\u0131l\u0131r bir \u015fark\u0131ya d\u00f6n\u00fc\u015ft\u00fcrme yolunda, direni\u015fin notalar\u0131 hitap ediyor g\u00f6n\u00fcllerimize, vicdanlar\u0131m\u0131za, umutlar\u0131m\u0131za, ilk g\u00fcnk\u00fc co\u015fkusuyla&#8230;<\/p>\n<p>1870 y\u0131l\u0131nda, Frans\u0131z bir i\u015f\u00e7i olan Eugene Pottier taraf\u0131ndan yaz\u0131lan ve orjinal ad\u0131 <i>L\u2019Internationale <\/i>olan mar\u015f\u0131n s\u00f6zleri, 1888 y\u0131l\u0131nda Pierre Degeyter taraf\u0131ndan bestelenerek ak\u0131llardan hi\u00e7 \u00e7\u0131kmayacak olan o melodisi ile bulu\u015facak ve evrensel anlamda hi\u00e7bir yerde bu melodi de\u011fi\u015fmeyecektir. Sonras\u0131nda, d\u00fcnya genelinde bir\u00e7ok dile \u00e7evrilerek s\u00f6ylenecek olan mar\u015f\u0131n Rus\u00e7a versiyonu 1902 y\u0131l\u0131nda Aron Kots taraf\u0131ndan yaz\u0131larak ayn\u0131 y\u0131l Paris\u2019te \u201cJizn\u201d isimli bir dergide yay\u0131mlanacak ve 1918-1944 y\u0131llar\u0131 aras\u0131nda Sovyetler Birli\u011fi ile Sovyetler Birli\u011fi Kom\u00fcnist Partisi\u2019nin resmi mar\u015f\u0131 haline gelecektir.<\/p>\n<p>\u201c<i>Cellatlar\u0131n d\u00f6kt\u00fc\u011f\u00fc kan,<\/i><\/p>\n<p><i>bir g\u00fcn onlar\u0131 bo\u011facak.<\/i><\/p>\n<p><i>Bu kan denizinin ufkundan<\/i><\/p>\n<p><i>k\u0131z\u0131l bir g\u00fcne\u015f do\u011facak&#8230;<\/i>\u201d<\/p>\n<p>Enternasyonal\u2019in, s\u00f6ylendi\u011fi ilk andan bug\u00fcne de\u011fin milyonlarca devrimcinin, sosyalist ve ilerici kesimlerin mar\u015f\u0131 haline d\u00f6n\u00fc\u015fmesindeki en \u00f6nemli sebeplerden biri \u015f\u00fcphesiz ki burjuvaziye kar\u015f\u0131 kitleleri ve militanlar\u0131 cesaretlendirmesi ve m\u00fccadeleye umut \u0131\u015f\u0131\u011f\u0131 olmas\u0131d\u0131r. 23 Temmuz 1888 tarihinde Fransa\u2019n\u0131n Lille \u015fehrinin Saint-Sauveur mahallesindeki k\u00fc\u00e7\u00fck bir kahvede, Gazete Sat\u0131c\u0131lar\u0131 Sendikas\u0131\u2019n\u0131n bir toplant\u0131s\u0131nda, ilk kez i\u015f\u00e7i korosu taraf\u0131ndan s\u00f6ylenen mar\u015f, bestecisinin i\u015ften at\u0131lmas\u0131na yol a\u00e7an ve ilk y\u0131llarda sadece Lille ve \u00e7evresindeki devrimci i\u015f\u00e7iler taraf\u0131ndan bilinirken sekiz y\u0131l sonra mucizevi bir \u015fekilde m\u00fccadele mar\u015f\u0131na d\u00f6n\u00fc\u015fecek olan bir \u00f6yk\u00fcye sahip: Frans\u0131z \u0130\u015f\u00e7i Partisi\u2019nin 14. Ulusal Kongresi\u2019ne, bir\u00e7ok delegenin yan\u0131 s\u0131ra aralar\u0131nda W. Liebnecht\u2019nin de bulundu\u011fu Alman sosyal demokratlar\u0131, Avusturyal\u0131lar, \u0130spanyollar ve Rumenler de kat\u0131l\u0131r. Kongrenin sonu\u00e7lanmas\u0131 vesilesi ile bir dostluk y\u00fcr\u00fcy\u00fc\u015f\u00fc d\u00fczenlenir. S\u00f6z konusu g\u00f6steri y\u00fcr\u00fcy\u00fc\u015f\u00fc milliyet\u00e7i, gerici ve dindar kesimler taraf\u0131ndan engellenmeye \u00e7al\u0131\u015f\u0131ld\u0131\u011f\u0131 s\u0131rada sosyalistler, hep bir a\u011f\u0131zdan Enternasyonal mar\u015f\u0131n\u0131 okuyarak sald\u0131r\u0131ya yan\u0131t vereceklerdir. Bir anda ve kendili\u011finden bir \u015fekilde topluca s\u00f6ylenmesinin sosyalistleri bile \u015fa\u015f\u0131rtt\u0131\u011f\u0131 Enternasyonal, art\u0131k i\u015f\u00e7ilerin ve sosyalistlerin mar\u015f\u0131 olarak tarihe ge\u00e7ecek ve hatta y\u00fcr\u00fcy\u00fc\u015f\u00fcn ertesi g\u00fcn\u00fcnde, Le Reveil du Nord gazetesi, 1795 y\u0131l\u0131nda Fransa\u2019n\u0131n ulusal mar\u015f\u0131 olarak benimsenen \u201cLa Marseillaise\u201din, L\u2019Internationale taraf\u0131ndan alt edildi\u011fini yazacakt\u0131r.<\/p>\n<p>\u201c<i>Bu kavga en sonuncu kavgam\u0131zd\u0131r art\u0131k,<\/i><\/p>\n<p><i>Enternasyonalle kurtulur insanl\u0131k.<\/i>\u201d<\/p>\n<p>Ba\u015fka bir d\u00fcnyay\u0131 yaratmak isteyen kitlelerin umutlar\u0131 ve m\u00fccadele azimleri hi\u00e7bir zaman t\u00fckenmemi\u015ftir. M\u00fccadele edenler her zaman kazanamayabilir ancak kazananlar yaln\u0131zca m\u00fccadele edenler olacakt\u0131r. Ba\u015fka bir d\u00fcnya \u00f6zleminin ve bunu m\u00fcmk\u00fcn k\u0131lacak kitlelerin devrimci ruhunun ve burjuvaziye duyulan \u00f6fkenin dilden dile g\u00fcn\u00fcm\u00fcze kadar gelmesinde devrimci mar\u015flar\u0131n pay\u0131 \u00e7ok b\u00fcy\u00fckt\u00fcr. Enternasyonal ise ku\u015fkusuz bunlar\u0131n en \u00f6nemlisidir.<\/p>\n<p>Kaynak: www.marksist.net sitesinden yararlan\u0131lm\u0131\u015ft\u0131r.<\/p>\n<div class=\"jetpack-video-wrapper\"><span class=\"embed-youtube\" style=\"text-align:center; display: block;\"><iframe loading=\"lazy\" class=\"youtube-player\" width=\"640\" height=\"360\" src=\"https:\/\/www.youtube.com\/embed\/tYkzVwtR30I?version=3&#038;rel=1&#038;showsearch=0&#038;showinfo=1&#038;iv_load_policy=1&#038;fs=1&#038;hl=en-US&#038;autohide=2&#038;wmode=transparent\" allowfullscreen=\"true\" style=\"border:0;\" sandbox=\"allow-scripts allow-same-origin allow-popups allow-presentation\"><\/iframe><\/span><\/div>\n","protected":false},"excerpt":{"rendered":"<p>Argasdi&#8217;nin Bellek sayfas\u0131nda bu say\u0131da &#8220;enternasyonal&#8221;i a\u011f\u0131rlad\u0131k. Aziz G\u00fcven&#8217;in kaleminden 130 ya\u015f\u0131ndaki direni\u015fin mar\u015f\u0131na selam olsun. Argasdi&#8217;ye Baraka K\u00fclt\u00fcr Merkezi lokalinden, t\u00fcm Khora kitapevlerinden ve<\/p>\n","protected":false},"author":7,"featured_media":6129,"comment_status":"open","ping_status":"open","sticky":false,"template":"","format":"standard","meta":{"jetpack_post_was_ever_published":false,"_jetpack_newsletter_access":"","_jetpack_newsletter_tier_id":0,"jetpack_publicize_message":"","jetpack_is_tweetstorm":false,"jetpack_publicize_feature_enabled":true,"jetpack_social_post_already_shared":true,"jetpack_social_options":{"image_generator_settings":{"template":"highway","enabled":false}}},"categories":[40,67,44,9,1,39],"tags":[],"jetpack_publicize_connections":[],"jetpack_featured_media_url":"https:\/\/baraka.cc\/wp-content\/uploads\/2018\/07\/soviet-music-star-300x291.jpg","jetpack_shortlink":"https:\/\/wp.me\/p4eHWX-1AV","jetpack_sharing_enabled":true,"_links":{"self":[{"href":"https:\/\/baraka.cc\/index.php?rest_route=\/wp\/v2\/posts\/6133"}],"collection":[{"href":"https:\/\/baraka.cc\/index.php?rest_route=\/wp\/v2\/posts"}],"about":[{"href":"https:\/\/baraka.cc\/index.php?rest_route=\/wp\/v2\/types\/post"}],"author":[{"embeddable":true,"href":"https:\/\/baraka.cc\/index.php?rest_route=\/wp\/v2\/users\/7"}],"replies":[{"embeddable":true,"href":"https:\/\/baraka.cc\/index.php?rest_route=%2Fwp%2Fv2%2Fcomments&post=6133"}],"version-history":[{"count":1,"href":"https:\/\/baraka.cc\/index.php?rest_route=\/wp\/v2\/posts\/6133\/revisions"}],"predecessor-version":[{"id":6134,"href":"https:\/\/baraka.cc\/index.php?rest_route=\/wp\/v2\/posts\/6133\/revisions\/6134"}],"wp:featuredmedia":[{"embeddable":true,"href":"https:\/\/baraka.cc\/index.php?rest_route=\/wp\/v2\/media\/6129"}],"wp:attachment":[{"href":"https:\/\/baraka.cc\/index.php?rest_route=%2Fwp%2Fv2%2Fmedia&parent=6133"}],"wp:term":[{"taxonomy":"category","embeddable":true,"href":"https:\/\/baraka.cc\/index.php?rest_route=%2Fwp%2Fv2%2Fcategories&post=6133"},{"taxonomy":"post_tag","embeddable":true,"href":"https:\/\/baraka.cc\/index.php?rest_route=%2Fwp%2Fv2%2Ftags&post=6133"}],"curies":[{"name":"wp","href":"https:\/\/api.w.org\/{rel}","templated":true}]}}