{"id":6136,"date":"2018-07-18T13:49:02","date_gmt":"2018-07-18T11:49:02","guid":{"rendered":"https:\/\/baraka.cc\/?p=6136"},"modified":"2018-07-18T13:49:02","modified_gmt":"2018-07-18T11:49:02","slug":"bagimsiz-kibris-icin-acik-cagri","status":"publish","type":"post","link":"https:\/\/baraka.cc\/?p=6136","title":{"rendered":"&#8220;Ba\u011f\u0131ms\u0131z K\u0131br\u0131s&#8221; \u0130\u00e7in A\u00e7\u0131k \u00c7a\u011fr\u0131"},"content":{"rendered":"<p>2012 y\u0131l\u0131ndan bu yana her y\u0131l \u00e7e\u015fitli \u00f6rg\u00fctlerin bir araya gelerek organize etti\u011fi \u201cBa\u011f\u0131ms\u0131z K\u0131br\u0131s\u201d eyleminin bu y\u0131lki organizasyonu i\u00e7in \u00f6rg\u00fctlere a\u00e7\u0131k \u00e7a\u011fr\u0131 yap\u0131ld\u0131.<\/p>\n<p>Baraka K\u00fclt\u00fcr Merkezi taraf\u0131ndan yap\u0131lan \u00e7a\u011fr\u0131 \u015f\u00f6yle:<\/p>\n<p>&#8220;Her y\u0131l 14 A\u011fustos\u2019ta \u00e7e\u015fitli \u00f6rg\u00fctlerle birlikte organize etti\u011fimiz \u201cBa\u011f\u0131ms\u0131z K\u0131br\u0131s\u201d eyleminin bu y\u0131lki organizasyonu i\u00e7in duyarl\u0131 t\u00fcm \u00f6rg\u00fctleri 23 Temmuz Pazartesi g\u00fcn\u00fc saat 19.00\u2019da Baraka K\u00fclt\u00fcr Merkezi lokalinde yapaca\u011f\u0131m\u0131z ilk organizasyon toplant\u0131s\u0131na \u00e7a\u011f\u0131r\u0131r\u0131z&#8221;<\/p>\n","protected":false},"excerpt":{"rendered":"<p>2012 y\u0131l\u0131ndan bu yana her y\u0131l \u00e7e\u015fitli \u00f6rg\u00fctlerin bir araya gelerek organize etti\u011fi \u201cBa\u011f\u0131ms\u0131z K\u0131br\u0131s\u201d eyleminin bu y\u0131lki organizasyonu i\u00e7in \u00f6rg\u00fctlere a\u00e7\u0131k \u00e7a\u011fr\u0131 yap\u0131ld\u0131. Baraka<\/p>\n","protected":false},"author":12,"featured_media":6137,"comment_status":"open","ping_status":"open","sticky":false,"template":"","format":"standard","meta":{"jetpack_post_was_ever_published":false,"_jetpack_newsletter_access":"","_jetpack_newsletter_tier_id":0,"jetpack_publicize_message":"\"Ba\u011f\u0131ms\u0131z K\u0131br\u0131s\" \u0130\u00e7in A\u00e7\u0131k \u00c7a\u011fr\u0131","jetpack_is_tweetstorm":false,"jetpack_publicize_feature_enabled":true,"jetpack_social_post_already_shared":true,"jetpack_social_options":{"image_generator_settings":{"template":"highway","enabled":false}}},"categories":[54,47,9],"tags":[71],"jetpack_publicize_connections":[],"jetpack_featured_media_url":"https:\/\/baraka.cc\/wp-content\/uploads\/2018\/07\/bag\u0306\u0131ms\u0131z-k\u0131br\u0131s-17-pankart-ingiliz-elc\u0327ilig\u0306i.jpg","jetpack_shortlink":"https:\/\/wp.me\/p4eHWX-1AY","jetpack_sharing_enabled":true,"_links":{"self":[{"href":"https:\/\/baraka.cc\/index.php?rest_route=\/wp\/v2\/posts\/6136"}],"collection":[{"href":"https:\/\/baraka.cc\/index.php?rest_route=\/wp\/v2\/posts"}],"about":[{"href":"https:\/\/baraka.cc\/index.php?rest_route=\/wp\/v2\/types\/post"}],"author":[{"embeddable":true,"href":"https:\/\/baraka.cc\/index.php?rest_route=\/wp\/v2\/users\/12"}],"replies":[{"embeddable":true,"href":"https:\/\/baraka.cc\/index.php?rest_route=%2Fwp%2Fv2%2Fcomments&post=6136"}],"version-history":[{"count":1,"href":"https:\/\/baraka.cc\/index.php?rest_route=\/wp\/v2\/posts\/6136\/revisions"}],"predecessor-version":[{"id":6138,"href":"https:\/\/baraka.cc\/index.php?rest_route=\/wp\/v2\/posts\/6136\/revisions\/6138"}],"wp:featuredmedia":[{"embeddable":true,"href":"https:\/\/baraka.cc\/index.php?rest_route=\/wp\/v2\/media\/6137"}],"wp:attachment":[{"href":"https:\/\/baraka.cc\/index.php?rest_route=%2Fwp%2Fv2%2Fmedia&parent=6136"}],"wp:term":[{"taxonomy":"category","embeddable":true,"href":"https:\/\/baraka.cc\/index.php?rest_route=%2Fwp%2Fv2%2Fcategories&post=6136"},{"taxonomy":"post_tag","embeddable":true,"href":"https:\/\/baraka.cc\/index.php?rest_route=%2Fwp%2Fv2%2Ftags&post=6136"}],"curies":[{"name":"wp","href":"https:\/\/api.w.org\/{rel}","templated":true}]}}