{"id":6159,"date":"2018-07-24T09:53:53","date_gmt":"2018-07-24T07:53:53","guid":{"rendered":"https:\/\/baraka.cc\/?p=6159"},"modified":"2018-07-24T09:53:53","modified_gmt":"2018-07-24T07:53:53","slug":"sol-anahtari-harmanciya-yeni-albumu-yoldayi-takdim-etti","status":"publish","type":"post","link":"https:\/\/baraka.cc\/?p=6159","title":{"rendered":"Sol Anahtar\u0131 Harmanc\u0131\u2019ya Yeni Alb\u00fcm\u00fc \u2018Yolda\u2019y\u0131 Takdim Etti"},"content":{"rendered":"<p>Baraka m\u00fczik grubu Sol Anahtar\u0131 ge\u00e7ti\u011fimiz ay \u00e7\u0131kan yeni alb\u00fcm\u00fc \u2018Yolda\u2019y\u0131 LTB ba\u015fkan\u0131 Mehmet Harmanc\u0131\u2019ya takdim etti.<\/p>\n<p>Alb\u00fcm\u00fcn haz\u0131rl\u0131k s\u00fcrecinden bahsedilen ziyarette, Sol Anahtar\u0131\u2019n\u0131n m\u00fczi\u011fe ve sanata bak\u0131\u015f a\u00e7\u0131s\u0131 aktar\u0131ld\u0131. Baraka m\u00fczik grubu ayr\u0131ca, LTB ba\u015fkan\u0131 Harmanc\u0131\u2019y\u0131 yeni alb\u00fcm i\u00e7in eyl\u00fcl ay\u0131nda\u00a0planlanan lansmana davet etti.<\/p>\n<p>Ziyarette konu\u015fan Harmanc\u0131 ise, alb\u00fcm\u00fc halihaz\u0131rda dinledi\u011fini ve \u00e7ok be\u011fendi\u011fini, yerli m\u00fczik gruplar\u0131m\u0131z\u0131n b\u00f6yle \u00fcretimlere daha fazla ihtiyac\u0131 oldu\u011funu dile getirdi.<\/p>\n<p><b>\u2018Yolda\u2019 \u00dc\u00e7\u00fcnc\u00fc Alb\u00fcm Oldu<\/b><\/p>\n<p>\u2018Yolda\u2019, Sol Anahtar\u0131 M\u00fczik Grubu\u2019nun \u2018Ba\u015fka Bir \u015eark\u0131\u2019 ve \u2018K\u0131br\u0131s Bizim\u2019 alb\u00fcmlerinden sonra \u00e7\u0131kan \u00fc\u00e7\u00fcnc\u00fc alb\u00fcm\u00fc oldu. M\u00fccadele i\u00e7erisinde \u015fekillenen \u015fark\u0131lardan olu\u015fan \u2018Yolda\u2019da \u00fclkemizdeki Reddediyoruz, LGBTI Hareketi ve N\u00fckleer Kar\u015f\u0131t\u0131 m\u00fccadelelerde bestelenmi\u015f \u015fark\u0131lar\u0131m\u0131z da bulunuyor.<\/p>\n","protected":false},"excerpt":{"rendered":"<p>Baraka m\u00fczik grubu Sol Anahtar\u0131 ge\u00e7ti\u011fimiz ay \u00e7\u0131kan yeni alb\u00fcm\u00fc \u2018Yolda\u2019y\u0131 LTB ba\u015fkan\u0131 Mehmet Harmanc\u0131\u2019ya takdim etti. Alb\u00fcm\u00fcn haz\u0131rl\u0131k s\u00fcrecinden bahsedilen ziyarette, Sol Anahtar\u0131\u2019n\u0131n m\u00fczi\u011fe<\/p>\n","protected":false},"author":12,"featured_media":6161,"comment_status":"open","ping_status":"open","sticky":false,"template":"","format":"standard","meta":{"jetpack_post_was_ever_published":false,"_jetpack_newsletter_access":"","_jetpack_newsletter_tier_id":0,"jetpack_publicize_message":"Sol Anahtar\u0131 Harmanc\u0131\u2019ya Yeni Alb\u00fcm\u00fc \u2018Yolda\u2019y\u0131 Takdim Etti","jetpack_is_tweetstorm":false,"jetpack_publicize_feature_enabled":true,"jetpack_social_post_already_shared":true,"jetpack_social_options":{"image_generator_settings":{"template":"highway","enabled":false}}},"categories":[20,9,1,23],"tags":[71],"jetpack_publicize_connections":[],"jetpack_featured_media_url":"https:\/\/baraka.cc\/wp-content\/uploads\/2018\/07\/harmanc\u0131-sol-anahtar\u01311.jpg","jetpack_shortlink":"https:\/\/wp.me\/p4eHWX-1Bl","jetpack_sharing_enabled":true,"_links":{"self":[{"href":"https:\/\/baraka.cc\/index.php?rest_route=\/wp\/v2\/posts\/6159"}],"collection":[{"href":"https:\/\/baraka.cc\/index.php?rest_route=\/wp\/v2\/posts"}],"about":[{"href":"https:\/\/baraka.cc\/index.php?rest_route=\/wp\/v2\/types\/post"}],"author":[{"embeddable":true,"href":"https:\/\/baraka.cc\/index.php?rest_route=\/wp\/v2\/users\/12"}],"replies":[{"embeddable":true,"href":"https:\/\/baraka.cc\/index.php?rest_route=%2Fwp%2Fv2%2Fcomments&post=6159"}],"version-history":[{"count":1,"href":"https:\/\/baraka.cc\/index.php?rest_route=\/wp\/v2\/posts\/6159\/revisions"}],"predecessor-version":[{"id":6162,"href":"https:\/\/baraka.cc\/index.php?rest_route=\/wp\/v2\/posts\/6159\/revisions\/6162"}],"wp:featuredmedia":[{"embeddable":true,"href":"https:\/\/baraka.cc\/index.php?rest_route=\/wp\/v2\/media\/6161"}],"wp:attachment":[{"href":"https:\/\/baraka.cc\/index.php?rest_route=%2Fwp%2Fv2%2Fmedia&parent=6159"}],"wp:term":[{"taxonomy":"category","embeddable":true,"href":"https:\/\/baraka.cc\/index.php?rest_route=%2Fwp%2Fv2%2Fcategories&post=6159"},{"taxonomy":"post_tag","embeddable":true,"href":"https:\/\/baraka.cc\/index.php?rest_route=%2Fwp%2Fv2%2Ftags&post=6159"}],"curies":[{"name":"wp","href":"https:\/\/api.w.org\/{rel}","templated":true}]}}