{"id":6198,"date":"2018-08-06T13:47:57","date_gmt":"2018-08-06T11:47:57","guid":{"rendered":"https:\/\/baraka.cc\/?p=6198"},"modified":"2018-08-06T13:47:57","modified_gmt":"2018-08-06T11:47:57","slug":"sol-anahtari-goc-tas-festivalinde-sahne-alacak-2","status":"publish","type":"post","link":"https:\/\/baraka.cc\/?p=6198","title":{"rendered":"SOL ANAHTARI G\u00d6\u00c7-TA\u015e FEST\u0130VAL\u0130\u2019NDE SAHNE ALACAK"},"content":{"rendered":"<p><a href=\"https:\/\/baraka.cc\/wp-content\/uploads\/2018\/08\/38391603_2175768826081563_9112142833543806976_n.jpg\"><img decoding=\"async\" loading=\"lazy\" class=\"alignnone size-medium wp-image-6200\" alt=\"38391603_2175768826081563_9112142833543806976_n\" src=\"https:\/\/baraka.cc\/wp-content\/uploads\/2018\/08\/38391603_2175768826081563_9112142833543806976_n-300x300.jpg\" width=\"300\" height=\"300\" srcset=\"https:\/\/baraka.cc\/wp-content\/uploads\/2018\/08\/38391603_2175768826081563_9112142833543806976_n-300x300.jpg 300w, https:\/\/baraka.cc\/wp-content\/uploads\/2018\/08\/38391603_2175768826081563_9112142833543806976_n-150x150.jpg 150w, https:\/\/baraka.cc\/wp-content\/uploads\/2018\/08\/38391603_2175768826081563_9112142833543806976_n-200x200.jpg 200w, https:\/\/baraka.cc\/wp-content\/uploads\/2018\/08\/38391603_2175768826081563_9112142833543806976_n.jpg 960w\" sizes=\"(max-width: 300px) 100vw, 300px\" \/><\/a><\/p>\n<p>Baraka M\u00fczik Grubu Sol Anahtar\u0131, 7 A\u011fustos Sal\u0131 ak\u015fam\u0131 10. G\u00f6\u00e7menk\u00f6y- Ta\u015fk\u0131nk\u00f6y K\u00fclt\u00fcr ve Sanat Festivali\u2019nde sahne alacak. Yeni alb\u00fcm\u00fc \u201cYolda\u201dy\u0131 \u00e7\u0131karmas\u0131n\u0131n ard\u0131n\u0131ndan ilk konserini verecek olan Sol Anahtar\u0131 yeni \u015fark\u0131lar\u0131yla saat 22.00\u2019de Sanat Park\u0131\u2019nda sahne alacak.<\/p>\n","protected":false},"excerpt":{"rendered":"<p>Baraka M\u00fczik Grubu Sol Anahtar\u0131, 7 A\u011fustos Sal\u0131 ak\u015fam\u0131 10. G\u00f6\u00e7menk\u00f6y- Ta\u015fk\u0131nk\u00f6y K\u00fclt\u00fcr ve Sanat Festivali\u2019nde sahne alacak. Yeni alb\u00fcm\u00fc \u201cYolda\u201dy\u0131 \u00e7\u0131karmas\u0131n\u0131n ard\u0131n\u0131ndan ilk konserini<\/p>\n","protected":false},"author":4,"featured_media":6199,"comment_status":"open","ping_status":"open","sticky":false,"template":"","format":"standard","meta":{"jetpack_post_was_ever_published":false,"_jetpack_newsletter_access":"","_jetpack_newsletter_tier_id":0,"jetpack_publicize_message":"","jetpack_is_tweetstorm":false,"jetpack_publicize_feature_enabled":true,"jetpack_social_post_already_shared":true,"jetpack_social_options":{"image_generator_settings":{"template":"highway","enabled":false}}},"categories":[9,1],"tags":[],"jetpack_publicize_connections":[],"jetpack_featured_media_url":"https:\/\/baraka.cc\/wp-content\/uploads\/2018\/08\/Sol-Anahtar\u0131-Yolda-Alb\u00fcm-Kitap\u00e7\u0131k-Bask\u0131-16.png","jetpack_shortlink":"https:\/\/wp.me\/p4eHWX-1BY","jetpack_sharing_enabled":true,"_links":{"self":[{"href":"https:\/\/baraka.cc\/index.php?rest_route=\/wp\/v2\/posts\/6198"}],"collection":[{"href":"https:\/\/baraka.cc\/index.php?rest_route=\/wp\/v2\/posts"}],"about":[{"href":"https:\/\/baraka.cc\/index.php?rest_route=\/wp\/v2\/types\/post"}],"author":[{"embeddable":true,"href":"https:\/\/baraka.cc\/index.php?rest_route=\/wp\/v2\/users\/4"}],"replies":[{"embeddable":true,"href":"https:\/\/baraka.cc\/index.php?rest_route=%2Fwp%2Fv2%2Fcomments&post=6198"}],"version-history":[{"count":2,"href":"https:\/\/baraka.cc\/index.php?rest_route=\/wp\/v2\/posts\/6198\/revisions"}],"predecessor-version":[{"id":6202,"href":"https:\/\/baraka.cc\/index.php?rest_route=\/wp\/v2\/posts\/6198\/revisions\/6202"}],"wp:featuredmedia":[{"embeddable":true,"href":"https:\/\/baraka.cc\/index.php?rest_route=\/wp\/v2\/media\/6199"}],"wp:attachment":[{"href":"https:\/\/baraka.cc\/index.php?rest_route=%2Fwp%2Fv2%2Fmedia&parent=6198"}],"wp:term":[{"taxonomy":"category","embeddable":true,"href":"https:\/\/baraka.cc\/index.php?rest_route=%2Fwp%2Fv2%2Fcategories&post=6198"},{"taxonomy":"post_tag","embeddable":true,"href":"https:\/\/baraka.cc\/index.php?rest_route=%2Fwp%2Fv2%2Ftags&post=6198"}],"curies":[{"name":"wp","href":"https:\/\/api.w.org\/{rel}","templated":true}]}}