{"id":6211,"date":"2018-08-15T08:18:25","date_gmt":"2018-08-15T06:18:25","guid":{"rendered":"https:\/\/baraka.cc\/?p=6211"},"modified":"2018-08-15T08:19:48","modified_gmt":"2018-08-15T06:19:48","slug":"sokak-bagimsiz-kibris-diye-haykirdi","status":"publish","type":"post","link":"https:\/\/baraka.cc\/?p=6211","title":{"rendered":"Sokak &#8216;Ba\u011f\u0131ms\u0131z K\u0131br\u0131s&#8217; diye Hayk\u0131rd\u0131"},"content":{"rendered":"<p>Baraka K\u00fclt\u00fcr Merkezi ve Ba\u011f\u0131ms\u0131zl\u0131k Yolu&#8217;nun organize etti\u011fi Ba\u011f\u0131ms\u0131z K\u0131br\u0131s eylemi d\u00fcn ger\u00e7ekle\u015ftirildi.<\/p>\n<p>Dereboyu&#8217;nda ba\u015flayan y\u00fcr\u00fcy\u00fc\u015f TC El\u00e7ili\u011fi \u00f6n\u00fcnde son buldu. Kat\u0131l\u0131m\u0131n y\u00fcksek oldu\u011fu y\u00fcr\u00fcy\u00fc\u015fte &#8220;Ba\u011f\u0131ms\u0131z K\u0131br\u0131s B\u00fct\u00fcn Halklar Karde\u015ftir&#8221;, &#8220;Ankara Elini Yakam\u0131zdan \u00c7ek&#8221;,&#8221;Fa\u015fizme Kar\u015f\u0131 Omuz Omuza&#8221;,&#8221;Bu Memleket Bizim Biz Y\u00f6netelim&#8221;,&#8221;S\u00f6z Yetki Karar \u0130ktidar Halka&#8221; ve &#8220;Tatil Bitti Ay\u015fe Evine&#8221; gibi sloganlar at\u0131ld\u0131.<\/p>\n<p>Y\u00fcr\u00fcy\u00fc\u015f yap\u0131lan bas\u0131n a\u00e7\u0131klamas\u0131 ile son buldu.<\/p>\n<p>A\u00e7\u0131klama \u015f\u00f6yle:<\/p>\n<blockquote><p>Yurdumuzun b\u00f6l\u00fcnm\u00fc\u015fl\u00fc\u011f\u00fcn\u00fcn 44. y\u0131l\u0131nda ve bu b\u00f6l\u00fcnm\u00fc\u015fl\u00fc\u011f\u00fcn sembol g\u00fcnlerinden biri olan 14 A\u011fustos tarihindeyiz.<\/p>\n<p>Onlarca y\u0131ld\u0131r s\u00fcren bu durumun ada halklar\u0131n\u0131n \u00e7\u0131kar\u0131na olmad\u0131\u011f\u0131, \u00f6zellikle biz K\u0131br\u0131sl\u0131 T\u00fcrkleri yok olu\u015fun e\u015fi\u011fine getirdi\u011fi, b\u00f6l\u00fcnm\u00fc\u015fl\u00fckten nemalanan k\u00fc\u00e7\u00fck bir az\u0131nl\u0131k d\u0131\u015f\u0131nda neredeyse herkesin kabul\u00fcd\u00fcr.<\/p>\n<p>\u0130\u015fte bu anlay\u0131\u015fla bir 14 A\u011fustos\u2019ta daha sokaktay\u0131z. Her ne kadar 14 A\u011fustos, b\u00f6l\u00fcnm\u00fc\u015fl\u00fc\u011f\u00fcn sembollerinden biri olsa da, K\u0131br\u0131s sorunu ve adan\u0131n b\u00f6l\u00fcnmesi, sadece 1974\u2019te ya\u015fananlar\u0131n bir sonucu de\u011fildir. K\u0131br\u0131s sorunu, k\u00f6keni \u00e7ok daha ge\u00e7mi\u015fe dayanan, hem emperyalizmin hem de i\u015fbirlik\u00e7i yerli fa\u015fistlerin politikalar\u0131 sonucu ve ada halklar\u0131n\u0131n tarifsiz ac\u0131lar\u0131 pahas\u0131na olu\u015fmu\u015f bir olgudur. Nihayetinde de K\u0131br\u0131s halklar\u0131n\u0131n kendi \u00fclkeleri \u00fczerinde s\u00f6z, yetki ve karar haklar\u0131n\u0131n gasp edilmesiyle ilgilidir.<\/p>\n<p>K\u0131br\u0131s\u2019\u0131n her iki b\u00f6lgesini de, emperyal politikalar\u0131n bir mevzisi ve her t\u00fcrl\u00fc karanl\u0131k ili\u015fkilerin g\u00fcvenli b\u00f6lgesi haline getirenler K\u0131br\u0131sl\u0131 T\u00fcrklerin ve K\u0131br\u0131sl\u0131 Elenlerin karde\u015f\u00e7e ya\u015fay\u0131p, kendi kaderlerine y\u00f6n vermelerini engellemek i\u00e7in u\u011fra\u015fmaktad\u0131rlar. Gericilikten mafyatik ili\u015fkilere, askeri \u00fcslerden fa\u015fizme kadar t\u00fcm kirli ara\u00e7lar K\u0131br\u0131s\u2019\u0131n aleyhine kullan\u0131lmaktad\u0131r. \u0130\u015fte biz bu y\u00fczden her 14 A\u011fustos\u2019ta sokaktay\u0131z ve bizim \u00e7\u0131kar\u0131m\u0131z olan\u0131n birle\u015fik ve ba\u011f\u0131ms\u0131z bir K\u0131br\u0131s oldu\u011funu hayk\u0131rmaktay\u0131z.<\/p>\n<p>Ba\u011f\u0131ms\u0131z bir K\u0131br\u0131s istemek, hem adada hem de b\u00f6lgemizde d\u00fc\u015fmanl\u0131k yerine karde\u015fli\u011fin m\u00fccadelesini vermektir. Ba\u011f\u0131ms\u0131z K\u0131br\u0131s demek, kendi kendini y\u00f6netmek demektir. Ba\u011f\u0131ms\u0131z K\u0131br\u0131s diye hayk\u0131rmak, kumarhane, seks k\u00f6leli\u011fi ve her t\u00fcrl\u00fc pisli\u011fin engellenmesini istemektir.<\/p>\n<p>Bizler, y\u0131llard\u0131r Ba\u011f\u0131ms\u0131z bir K\u0131br\u0131s m\u00fccadelesi verenler yine ayn\u0131 \u015feyi s\u00f6yl\u00fcyoruz. Bar\u0131\u015f egemenlerin \u00e7izdi\u011fi s\u0131n\u0131rlarda de\u011fil halklar\u0131n karde\u015flik m\u00fccadelesinde yani Ba\u011f\u0131ms\u0131z K\u0131br\u0131s yaratma \u00e7abas\u0131ndad\u0131r.<\/p>\n<p>Ba\u011f\u0131ms\u0131z K\u0131br\u0131s B\u00fct\u00fcn Halklar Karde\u015ftir!<\/p>\n<p>&nbsp;<\/p>\n<p><a href=\"https:\/\/baraka.cc\/wp-content\/uploads\/2018\/08\/2.jpg\"><img decoding=\"async\" loading=\"lazy\" class=\"alignleft size-medium wp-image-6212\" alt=\"2\" src=\"https:\/\/baraka.cc\/wp-content\/uploads\/2018\/08\/2-300x225.jpg\" width=\"300\" height=\"225\" srcset=\"https:\/\/baraka.cc\/wp-content\/uploads\/2018\/08\/2-300x225.jpg 300w, https:\/\/baraka.cc\/wp-content\/uploads\/2018\/08\/2-1024x768.jpg 1024w\" sizes=\"(max-width: 300px) 100vw, 300px\" \/><\/a><\/p>\n<p>&nbsp;<\/p>\n<p>&nbsp;<\/p>\n<p>&nbsp;<\/p>\n<p>&nbsp;<\/p>\n<p>&nbsp;<\/p>\n<p>&nbsp;<\/p>\n<p>&nbsp;<\/p>\n<p><a href=\"https:\/\/baraka.cc\/wp-content\/uploads\/2018\/08\/5.jpg\"><img decoding=\"async\" loading=\"lazy\" class=\"alignleft size-medium wp-image-6215\" alt=\"5\" src=\"https:\/\/baraka.cc\/wp-content\/uploads\/2018\/08\/5-300x225.jpg\" width=\"300\" height=\"225\" srcset=\"https:\/\/baraka.cc\/wp-content\/uploads\/2018\/08\/5-300x225.jpg 300w, https:\/\/baraka.cc\/wp-content\/uploads\/2018\/08\/5-1024x768.jpg 1024w\" sizes=\"(max-width: 300px) 100vw, 300px\" \/><\/a> <a href=\"https:\/\/baraka.cc\/wp-content\/uploads\/2018\/08\/6.jpg\"><img decoding=\"async\" loading=\"lazy\" class=\"alignleft size-medium wp-image-6216\" alt=\"6\" src=\"https:\/\/baraka.cc\/wp-content\/uploads\/2018\/08\/6-300x225.jpg\" width=\"300\" height=\"225\" srcset=\"https:\/\/baraka.cc\/wp-content\/uploads\/2018\/08\/6-300x225.jpg 300w, https:\/\/baraka.cc\/wp-content\/uploads\/2018\/08\/6-1024x768.jpg 1024w\" sizes=\"(max-width: 300px) 100vw, 300px\" \/><\/a> <a href=\"https:\/\/baraka.cc\/wp-content\/uploads\/2018\/08\/1.jpg\"><img decoding=\"async\" loading=\"lazy\" class=\"alignleft size-medium wp-image-6214\" alt=\"1\" src=\"https:\/\/baraka.cc\/wp-content\/uploads\/2018\/08\/1-300x225.jpg\" width=\"300\" height=\"225\" srcset=\"https:\/\/baraka.cc\/wp-content\/uploads\/2018\/08\/1-300x225.jpg 300w, https:\/\/baraka.cc\/wp-content\/uploads\/2018\/08\/1-1024x768.jpg 1024w\" sizes=\"(max-width: 300px) 100vw, 300px\" \/><\/a> <a href=\"https:\/\/baraka.cc\/wp-content\/uploads\/2018\/08\/3.jpg\"><img decoding=\"async\" loading=\"lazy\" class=\"alignleft size-medium wp-image-6218\" alt=\"3\" src=\"https:\/\/baraka.cc\/wp-content\/uploads\/2018\/08\/3-300x225.jpg\" width=\"300\" height=\"225\" srcset=\"https:\/\/baraka.cc\/wp-content\/uploads\/2018\/08\/3-300x225.jpg 300w, https:\/\/baraka.cc\/wp-content\/uploads\/2018\/08\/3-1024x768.jpg 1024w\" sizes=\"(max-width: 300px) 100vw, 300px\" \/><\/a> <a href=\"https:\/\/baraka.cc\/wp-content\/uploads\/2018\/08\/4.jpg\"><img decoding=\"async\" loading=\"lazy\" class=\"alignleft size-medium wp-image-6219\" alt=\"4\" src=\"https:\/\/baraka.cc\/wp-content\/uploads\/2018\/08\/4-300x225.jpg\" width=\"300\" height=\"225\" srcset=\"https:\/\/baraka.cc\/wp-content\/uploads\/2018\/08\/4-300x225.jpg 300w, https:\/\/baraka.cc\/wp-content\/uploads\/2018\/08\/4-1024x768.jpg 1024w\" sizes=\"(max-width: 300px) 100vw, 300px\" \/><\/a><\/p><\/blockquote>\n","protected":false},"excerpt":{"rendered":"<p>Baraka K\u00fclt\u00fcr Merkezi ve Ba\u011f\u0131ms\u0131zl\u0131k Yolu&#8217;nun organize etti\u011fi Ba\u011f\u0131ms\u0131z K\u0131br\u0131s eylemi d\u00fcn ger\u00e7ekle\u015ftirildi. Dereboyu&#8217;nda ba\u015flayan y\u00fcr\u00fcy\u00fc\u015f TC El\u00e7ili\u011fi \u00f6n\u00fcnde son buldu. Kat\u0131l\u0131m\u0131n y\u00fcksek oldu\u011fu y\u00fcr\u00fcy\u00fc\u015fte<\/p>\n","protected":false},"author":11,"featured_media":6212,"comment_status":"open","ping_status":"open","sticky":false,"template":"","format":"standard","meta":{"jetpack_post_was_ever_published":false,"_jetpack_newsletter_access":"","_jetpack_newsletter_tier_id":0,"jetpack_publicize_message":"","jetpack_is_tweetstorm":false,"jetpack_publicize_feature_enabled":true,"jetpack_social_post_already_shared":true,"jetpack_social_options":{"image_generator_settings":{"template":"highway","enabled":false}}},"categories":[66,9,1],"tags":[],"jetpack_publicize_connections":[],"jetpack_featured_media_url":"https:\/\/baraka.cc\/wp-content\/uploads\/2018\/08\/2.jpg","jetpack_shortlink":"https:\/\/wp.me\/p4eHWX-1Cb","jetpack_sharing_enabled":true,"_links":{"self":[{"href":"https:\/\/baraka.cc\/index.php?rest_route=\/wp\/v2\/posts\/6211"}],"collection":[{"href":"https:\/\/baraka.cc\/index.php?rest_route=\/wp\/v2\/posts"}],"about":[{"href":"https:\/\/baraka.cc\/index.php?rest_route=\/wp\/v2\/types\/post"}],"author":[{"embeddable":true,"href":"https:\/\/baraka.cc\/index.php?rest_route=\/wp\/v2\/users\/11"}],"replies":[{"embeddable":true,"href":"https:\/\/baraka.cc\/index.php?rest_route=%2Fwp%2Fv2%2Fcomments&post=6211"}],"version-history":[{"count":2,"href":"https:\/\/baraka.cc\/index.php?rest_route=\/wp\/v2\/posts\/6211\/revisions"}],"predecessor-version":[{"id":6221,"href":"https:\/\/baraka.cc\/index.php?rest_route=\/wp\/v2\/posts\/6211\/revisions\/6221"}],"wp:featuredmedia":[{"embeddable":true,"href":"https:\/\/baraka.cc\/index.php?rest_route=\/wp\/v2\/media\/6212"}],"wp:attachment":[{"href":"https:\/\/baraka.cc\/index.php?rest_route=%2Fwp%2Fv2%2Fmedia&parent=6211"}],"wp:term":[{"taxonomy":"category","embeddable":true,"href":"https:\/\/baraka.cc\/index.php?rest_route=%2Fwp%2Fv2%2Fcategories&post=6211"},{"taxonomy":"post_tag","embeddable":true,"href":"https:\/\/baraka.cc\/index.php?rest_route=%2Fwp%2Fv2%2Ftags&post=6211"}],"curies":[{"name":"wp","href":"https:\/\/api.w.org\/{rel}","templated":true}]}}