{"id":6264,"date":"2018-08-29T11:50:46","date_gmt":"2018-08-29T09:50:46","guid":{"rendered":"https:\/\/baraka.cc\/?p=6264"},"modified":"2018-08-29T11:50:46","modified_gmt":"2018-08-29T09:50:46","slug":"roportajyurtsever-bir-mahalle-direnisi-hasan-cagin-tezbasar","status":"publish","type":"post","link":"https:\/\/baraka.cc\/?p=6264","title":{"rendered":"R\u00f6portaj:Yurtsever Bir Mahalle Direni\u015fi &#8211; Hasan \u00c7a\u011f\u0131n Tezba\u015far"},"content":{"rendered":"<p><em>Mahallelerimiz\u00a0 kom\u015fuluk ve dostluk ili\u015fkilerinin kuruldu\u011fu, \u00e7ocuklar\u0131m\u0131z\u0131n oyun oynayabildi\u011fi ya\u015fam alanlar\u0131m\u0131z&#8230;\u00a0 Bir mahalleyi mahalle yapan ona sahip \u00e7\u0131kan b\u00f6lgelilerdir. Ye\u015filin kayboldu\u011fu giderek betonla\u015fmaya ba\u015flayan\u00a0 \u00fclkemizde\u00a0 mahallesine sahip \u00e7\u0131kan Yeni\u015fehirlilerle tan\u0131\u015f\u0131n. Bu direni\u015fi \u00f6ren \u201cYeni\u015fehir Mahalleme Dokunma \u0130nisiyatifini\u201d Argasdi&#8217;nin 51. say\u0131s\u0131ndan sizlere bir kez daha hat\u0131rlatmak isteriz.\u00a0 Argasdi&#8217;ye Baraka K\u00fclt\u00fcr Merkezi lokalinden, t\u00fcm gazete bayiilerden ve b\u00f6lgenizdeki Khora Kitapcafelerden ula\u015fabilirsiniz&#8230; Siz gelemezseniz biz dergimizin \u00e7\u0131kt\u0131\u011f\u0131 aylarda ger\u00e7ekle\u015ftirdi\u011fimiz b\u00f6lge sat\u0131\u015flar\u0131yla Lefko\u015fa, Girne, Omorfo ve Ma\u011fusa&#8217;da olaca\u011f\u0131z&#8230;<\/em><\/p>\n<p>Yeni\u015fehir&#8217;de \u00e7ok g\u00fczel bir mahalle var. Son zamanlarda bu mahalleye yap\u0131lmak istenen bir m\u00fcdahale oldu ve \u201cYeni\u015fehir Mahalleme Dokunma \u0130nisiyatifini\u201d kurulup, eyleme ge\u00e7ti. Mikrofonumuzu \u0130nisiyatifin s\u00f6zc\u00fclerinden Engin An\u0131l\u2019a uzatt\u0131k\u2026<\/p>\n<p><b><a href=\"https:\/\/baraka.cc\/wp-content\/uploads\/2018\/08\/29261714_1942818545728512_393250915588702726_n.jpg\"><img decoding=\"async\" loading=\"lazy\" class=\" wp-image-6265 alignright\" alt=\"29261714_1942818545728512_393250915588702726_n\" src=\"https:\/\/baraka.cc\/wp-content\/uploads\/2018\/08\/29261714_1942818545728512_393250915588702726_n-300x168.jpg\" width=\"300\" height=\"168\" srcset=\"https:\/\/baraka.cc\/wp-content\/uploads\/2018\/08\/29261714_1942818545728512_393250915588702726_n-300x168.jpg 300w, https:\/\/baraka.cc\/wp-content\/uploads\/2018\/08\/29261714_1942818545728512_393250915588702726_n.jpg 960w\" sizes=\"(max-width: 300px) 100vw, 300px\" \/><\/a>Bize ya\u015fanan s\u00fcre\u00e7ten ve bu inisiyatifin neden kuruldu\u011fundan bahseder misiniz?<\/b><\/p>\n<p>Yeni\u015fehir\u2019de, \u015eehit Biray Mustafa Sokak\u2019ta bulunan ve Anadolu Ajans\u0131\u2019n\u0131n kullan\u0131m\u0131nda oldu\u011funu bildi\u011fimiz, fakat sonradan Maliye Bakanl\u0131\u011f\u0131\u2019na devredilen iki arsan\u0131n, \u00f6zel bir \u015firkete akrabal\u0131k ili\u015fkileri \u00e7er\u00e7evesinde rezerv edilip, \u00fczerine sekiz katl\u0131 yurt yap\u0131lmak \u00fczere ayr\u0131ld\u0131\u011f\u0131n\u0131n \u00f6\u011frenilmesi \u00fczerine, mahalleli kendisini bir travma, bir huzursuzluk i\u00e7erisinde buldu. Mahallede oturan sekiz aileden yakla\u015f\u0131k 35 ki\u015fi yan\u0131nda, \u00e7evre sokaklarda oturan di\u011fer aileler de devasa bloklardan olu\u015fan beton binalar\u0131n yap\u0131lmas\u0131yla, b\u00fcy\u00fck bir oranda gen\u00e7 ve \u00f6\u011frenci n\u00fcfusunun gelmesiyle do\u011facak g\u00fcr\u00fclt\u00fc, park, kirlilik, g\u00fcvenlik ve \u00e7evre sorunlar\u0131n\u0131n ortaya \u00e7\u0131kabilece\u011finin fark\u0131ndayd\u0131lar. Ayr\u0131ca b\u00f6ylesi yurtlar\u0131n yan\u0131nda ya\u015fayan ailelerin kar\u015f\u0131la\u015ft\u0131klar\u0131 sorunlar da sadece \u015fehir efsanesi olarak de\u011fil ama somut olarak bas\u0131n haberlerinde, medyada da yer al\u0131yordu. Bu nedenlerden \u00f6t\u00fcr\u00fc yediden yetmi\u015fe, hatta seksen ve doksan ya\u015f gruplar\u0131ndan bile kom\u015fular, kendilerini, \u00e7ocuklar\u0131n\u0131 ve mahallelerini b\u00f6ylesi bir fel\u00e2ketten korumak i\u00e7in bir araya geldi. S\u00fcre\u00e7 i\u00e7erisinde herkes kar\u0131nca karar\u0131nca elinden geldi\u011fi kadar katk\u0131 koymaya \u00e7al\u0131\u015ft\u0131.<\/p>\n<p><b>Mahalle ya\u015fam\u0131n\u0131n sizin i\u00e7in \u00f6nemi nedir? Neden mahallenize dokunulmamas\u0131n\u0131 istiyorsunuz?<\/b><\/p>\n<p>1974-1975 y\u0131l\u0131ndan beri bu mahallede ya\u015f\u0131yoruz. Ev sahiplerinin bir\u00e7o\u011fu 1974 travmas\u0131n\u0131 en k\u00f6t\u00fc bir \u015fekilde ya\u015fam\u0131\u015f bir topluluk. Onlar\u0131n \u00e7ocuklar\u0131 ve torunlar\u0131 buray\u0131 yeni yurtlar\u0131 bilerek yerle\u015fmi\u015fler ve k\u00f6k salm\u0131\u015flar. S\u00fck\u00fbnet i\u00e7erisinde, sakin bir ya\u015fam, herkesin birbirini tan\u0131d\u0131\u011f\u0131, sayg\u0131 duydu\u011fu ve k\u00f6t\u00fc anlar\u0131nda yanlar\u0131nda olabilecek bir ili\u015fki zenginli\u011fi i\u00e7erisinde bir yap\u0131 olu\u015fmu\u015f. Bunun yan\u0131nda sonradan mahalleye gelenler de, bu b\u00fct\u00fcn\u00fcn bir par\u00e7as\u0131 olmu\u015flar. B\u00f6ylesi olu\u015fmu\u015f bir yap\u0131ya 200\u2019\u00fc a\u015fk\u0131n gen\u00e7 n\u00fcfus enjekte etmenizle bu mahalle hem sosyal, hem k\u00fclt\u00fcrel hem de fiziki olarak bu yap\u0131y\u0131 kald\u0131ramayacakt\u0131r.<\/p>\n<p><b>\u0130nisiyatif olarak ne gibi eylem ve etkinlikler yapt\u0131n\u0131z? <\/b><\/p>\n<p>M\u00fccadeleye ilk ba\u015flad\u0131\u011f\u0131m\u0131z anda ne yapaca\u011f\u0131m\u0131z\u0131 bilemedik. Polis deste\u011finde sondaj yapmaya gelen ki\u015filerle ve polisle tart\u0131\u015fmalar\u0131m\u0131z oldu. O g\u00fcn i\u00e7in, sondaj yap\u0131lmas\u0131n\u0131 engelledik. Daha sonra olay\u0131n ba\u015fka boyutlar\u0131 ortaya \u00e7\u0131kt\u0131. Bu arazinin s\u00f6z konusu \u015firkete rezerv olarak ayr\u0131lmas\u0131n\u0131n gayri yasal y\u00f6nleri oldu\u011funu, yetki a\u015f\u0131m\u0131 hatta yetkisi olmad\u0131\u011f\u0131 halde Devlet Eml\u00e2k ve Malzeme Dairesi\u2019nin b\u00f6ylesi bir tasarrufa gitti\u011fini \u00f6\u011frendik ve bunlar\u0131 g\u00fcndeme getirdik. Bas\u0131n ve medya arac\u0131l\u0131\u011f\u0131yla, internet \u00fczerinden s\u00fcrekli yay\u0131nlar yapt\u0131k.\u00a0 Radyo ve televizyon programlar\u0131na \u00e7\u0131kt\u0131k. Kav\u015faklarda pankartlar a\u00e7t\u0131k. Bunun yan\u0131nda \u00e7e\u015fitli mercilere ziyaretler ger\u00e7ekle\u015ftirdik. Olay\u0131n daha \u00f6nceden Kermiya b\u00f6lgesinde ayn\u0131 \u015fah\u0131slar taraf\u0131ndan ger\u00e7ekle\u015ftirilen bir ba\u015fka mal devri ile birebir ayn\u0131 olmas\u0131 ve halk\u0131m\u0131z\u0131n yan\u0131nda o d\u00f6nem muhalefette olan siyasi partilerin de bu olaya a\u015f\u0131r\u0131 tepki verip m\u00fccadele etmi\u015f olmalar\u0131 halk\u0131n tepki ve \u00f6fkesini daha da art\u0131rd\u0131.<\/p>\n<p><b>Mahalle d\u0131\u015f\u0131ndan derneklerin, \u00f6rg\u00fctlerin, ba\u015fka b\u00f6lge inisiyatiflerinin deste\u011fi ve katk\u0131s\u0131 nas\u0131ld\u0131?<\/b><\/p>\n<p>Olay\u0131n duyulmas\u0131n\u0131n hemen arkas\u0131ndan Ba\u011f\u0131ms\u0131zl\u0131k Yolu, Baraka K\u00fclt\u00fcr Merkezi, YKP, Kad\u0131n E\u011fitimi Kolektifi, K\u0131br\u0131s D\u00fcnya Yaln\u0131z Bizim De\u011fil Hareketi, Toparlan\u0131yoruz Hareketi, Girne \u0130nisiyatifi, Zeytinlik\/Templos \u0130nisiyatifi ve Ma\u011fusa \u0130nisiyatifi gibi \u00f6rg\u00fctler gerekti\u011finde s\u0131cak m\u00fccadeleye haz\u0131r olma duygusu d\u00e2hil hep yan\u0131m\u0131zda oldular. M\u00fccadelemize destek verdiler. Onlara m\u00fcte\u015fekkiriz. \u00c7a\u011f\u0131rd\u0131\u011f\u0131m\u0131zda yan\u0131m\u0131zda oldular, bize g\u00fc\u00e7 verdiler. Baz\u0131 Milletvekillerimiz de bizlere destek olup konuyu meclisin g\u00fcndemine ta\u015f\u0131d\u0131lar.<\/p>\n<p><b>Konuyu mahkemeye ta\u015f\u0131d\u0131\u011f\u0131n\u0131z\u0131 da biliyoruz,\u00a0 hukuksal m\u00fccadeleniz ne a\u015famada? \u00a0<\/b><\/p>\n<p>Davam\u0131z\u0131, \u015eehir Pl\u00e2nlama Dairesi, Devlet Eml\u00e2k ve Malzeme Dairesi, Maliye Bakanl\u0131\u011f\u0131, \u0130\u00e7i\u015fleri Bakanl\u0131\u011f\u0131 gibi kurumlara a\u00e7t\u0131k. Bu arada \u015eirketin yurt yap\u0131m\u0131ndan vazge\u00e7ti\u011fine dair bas\u0131nda haberler \u00e7\u0131kt\u0131. Bu haberlerin bizi tatmin etmedi\u011fini belirterek yarg\u0131 arac\u0131l\u0131\u011f\u0131 ile bize durumun bildirilmesini istedik. Burada ger\u00e7ekle\u015ftirilen i\u015flemde olay sadece bir yurt yap\u0131m\u0131yla ilgili de\u011fildir asl\u0131nda. As\u0131l mesele, devlete ait bir arazinin belirli ki\u015fi ve gruplara el alt\u0131ndan verilmesidir. Biz \u015fu anda bunun \u00f6n\u00fcne ge\u00e7mek istiyoruz. Bir bak\u0131ma devletin kendi mallar\u0131n\u0131 korumas\u0131, ona buna verilmemesi i\u00e7in \u00e7al\u0131\u015f\u0131yoruz. Yani devletin kendisinin yapmas\u0131 gereken \u015feyi mahalleli, duyarl\u0131 insanlar olarak toplumumuz ad\u0131na yap\u0131yoruz.<\/p>\n<p><b>H\u00fck\u00fcmette olan partilerin baz\u0131lar\u0131n\u0131n, muhalefetteyken devlet arazilerinin \u00f6zel ki\u015filere devrine kar\u015f\u0131 \u00e7\u0131karken iktidarda olduklar\u0131 \u015fu anda herhangi bir kar\u015f\u0131 \u00e7\u0131k\u0131\u015flar\u0131 olmad\u0131\u011f\u0131 y\u00f6n\u00fcnde bir tav\u0131r sergiledikleri g\u00f6r\u00fcl\u00fcyor. Bu konuda sizin d\u00fc\u015f\u00fcnceniz nedir? Onlar\u0131n, sizin m\u00fccadelenize yakla\u015f\u0131mlar\u0131 nas\u0131l oldu?<\/b><\/p>\n<p>Bu konu maalesef \u00fclkemizin kanayan yaras\u0131 olup, ger\u00e7ekler kar\u015f\u0131s\u0131nda gerek vatanda\u015flar\u0131n, gerekse politikac\u0131lar\u0131n, gerekse makam mevki sahibi insanlar\u0131n ilkeler yerine o g\u00fcnk\u00fc pozisyonlar\u0131na g\u00f6re tav\u0131r ald\u0131klar\u0131n\u0131n bir g\u00f6stergesidir. Hatta s\u00f6z konu insanlar zaman zaman isteseler bile mevcut s\u0131k\u0131\u015fm\u0131\u015fl\u0131ktan dolay\u0131 ilkelerini hayata ge\u00e7iremiyorlar. Do\u011fru bir \u015fekilde hareket etmeleri i\u00e7in kuvvetli bir kar\u015f\u0131 duru\u015f, muhalefet ve m\u00fccadele gerekiyor. Konuyu bu \u015fekilde okumak gerekti\u011fine inan\u0131yorum.<\/p>\n<p><b>Bundan sonra neler yapmay\u0131 planl\u0131yorsunuz?<\/b><\/p>\n<p>Bizler \u201cYeni\u015fehir Mahalleme Dokunma \u0130nisiyatifi\u201d olarak, bahse konu arazinin ye\u015fil alan olmas\u0131 konusundaki m\u00fccadelemizi s\u00fcrd\u00fcrmeye kararl\u0131y\u0131z. Yarg\u0131ya ta\u015f\u0131d\u0131\u011f\u0131m\u0131z s\u00fcreci lehimize bir sonu\u00e7 al\u0131ncaya kadar s\u00fcrd\u00fcrece\u011fiz.<\/p>\n","protected":false},"excerpt":{"rendered":"<p>Mahallelerimiz\u00a0 kom\u015fuluk ve dostluk ili\u015fkilerinin kuruldu\u011fu, \u00e7ocuklar\u0131m\u0131z\u0131n oyun oynayabildi\u011fi ya\u015fam alanlar\u0131m\u0131z&#8230;\u00a0 Bir mahalleyi mahalle yapan ona sahip \u00e7\u0131kan b\u00f6lgelilerdir. Ye\u015filin kayboldu\u011fu giderek betonla\u015fmaya ba\u015flayan\u00a0 \u00fclkemizde\u00a0<\/p>\n","protected":false},"author":7,"featured_media":6265,"comment_status":"open","ping_status":"open","sticky":false,"template":"","format":"standard","meta":{"jetpack_post_was_ever_published":false,"_jetpack_newsletter_access":"","_jetpack_newsletter_tier_id":0,"jetpack_publicize_message":"","jetpack_is_tweetstorm":false,"jetpack_publicize_feature_enabled":true,"jetpack_social_post_already_shared":true,"jetpack_social_options":{"image_generator_settings":{"template":"highway","enabled":false}}},"categories":[40,67,44,9,43,1,39],"tags":[],"jetpack_publicize_connections":[],"jetpack_featured_media_url":"https:\/\/baraka.cc\/wp-content\/uploads\/2018\/08\/29261714_1942818545728512_393250915588702726_n.jpg","jetpack_shortlink":"https:\/\/wp.me\/p4eHWX-1D2","jetpack_sharing_enabled":true,"_links":{"self":[{"href":"https:\/\/baraka.cc\/index.php?rest_route=\/wp\/v2\/posts\/6264"}],"collection":[{"href":"https:\/\/baraka.cc\/index.php?rest_route=\/wp\/v2\/posts"}],"about":[{"href":"https:\/\/baraka.cc\/index.php?rest_route=\/wp\/v2\/types\/post"}],"author":[{"embeddable":true,"href":"https:\/\/baraka.cc\/index.php?rest_route=\/wp\/v2\/users\/7"}],"replies":[{"embeddable":true,"href":"https:\/\/baraka.cc\/index.php?rest_route=%2Fwp%2Fv2%2Fcomments&post=6264"}],"version-history":[{"count":1,"href":"https:\/\/baraka.cc\/index.php?rest_route=\/wp\/v2\/posts\/6264\/revisions"}],"predecessor-version":[{"id":6266,"href":"https:\/\/baraka.cc\/index.php?rest_route=\/wp\/v2\/posts\/6264\/revisions\/6266"}],"wp:featuredmedia":[{"embeddable":true,"href":"https:\/\/baraka.cc\/index.php?rest_route=\/wp\/v2\/media\/6265"}],"wp:attachment":[{"href":"https:\/\/baraka.cc\/index.php?rest_route=%2Fwp%2Fv2%2Fmedia&parent=6264"}],"wp:term":[{"taxonomy":"category","embeddable":true,"href":"https:\/\/baraka.cc\/index.php?rest_route=%2Fwp%2Fv2%2Fcategories&post=6264"},{"taxonomy":"post_tag","embeddable":true,"href":"https:\/\/baraka.cc\/index.php?rest_route=%2Fwp%2Fv2%2Ftags&post=6264"}],"curies":[{"name":"wp","href":"https:\/\/api.w.org\/{rel}","templated":true}]}}