{"id":6272,"date":"2018-08-30T08:47:45","date_gmt":"2018-08-30T06:47:45","guid":{"rendered":"https:\/\/baraka.cc\/?p=6272"},"modified":"2018-08-30T08:47:45","modified_gmt":"2018-08-30T06:47:45","slug":"baraka-baris-masada-degil-sokakta-var-edilir","status":"publish","type":"post","link":"https:\/\/baraka.cc\/?p=6272","title":{"rendered":"Baraka: Bar\u0131\u015f Masada de\u011fil, Sokakta Var Edilir"},"content":{"rendered":"<p>Uzun y\u0131llard\u0131r adam\u0131zda egemenlerin \u00e7\u0131karlar\u0131 do\u011frultusunda birbirinden ayr\u0131lm\u0131\u015f, b\u00f6l\u00fcnm\u00fc\u015f halklar olarak ya\u015fam m\u00fccadelemizi s\u00fcrd\u00fcr\u00fcyoruz.Bar\u0131\u015f\u0131, iki lider taraf\u0131ndan imzalanacak anla\u015fmalara s\u0131k\u0131\u015ft\u0131ran ve y\u0131llarca bu adan\u0131n halklar\u0131n\u0131n kaderlerini m\u00fczakare masalar\u0131ndan al\u0131nacak kararlara ba\u011flayanlar\u0131n aksine bar\u0131\u015f\u0131n sokakta, emekten yana, g\u00fcnl\u00fck s\u0131k\u0131nt\u0131lar\u0131m\u0131z\u0131n \u00e7\u00f6z\u00fcmleri do\u011frultusunda ve k\u0131br\u0131s halklar\u0131n\u0131n bug\u00fcnleri ve gelecekleri hakk\u0131nda s\u00f6z, yetki,karar ve iktidar hakk\u0131na sahip olmas\u0131yla var olaca\u011f\u0131na inan\u0131yoruz.<\/p>\n<p>G\u00f6zlerini kar h\u0131rs\u0131 b\u00fcr\u00fcm\u00fc\u015f\u00a0 sermayenin k\u0131skac\u0131nda olan adam\u0131zda b\u00fcy\u00fck bir ekolojik tahribat ya\u015fanmaktad\u0131r. Otellerin bir yandan anayasal haklar\u0131m\u0131z\u0131 gasp ederek k\u0131y\u0131lar\u0131m\u0131z\u0131 i\u015fgal ettikleri, bir yandan da denizlerimizi kirlettikleri apa\u00e7\u0131k ortadad\u0131r. Nesli t\u00fckenen hayvanlar\u0131n av\u0131n\u0131n serbest hale getirildi\u011fi, bakanlar\u0131m\u0131z\u0131n mercedes sevgisinin orman sevgimizden de\u011ferli say\u0131ld\u0131\u011f\u0131 \u00fclkemizde bar\u0131\u015f\u0131 insan\u0131n do\u011fa \u00fczerindeki hakimiyetiyle de\u011fil \u00a0insan ve do\u011fan\u0131n uyumu ile ger\u00e7ekle\u015ftirebiliriz.<\/p>\n<p>Gece kul\u00fcplerindeki seks k\u00f6leli\u011fine, \u00f6zel sekt\u00f6rdeki emek s\u00f6m\u00fcr\u00fcs\u00fcne, kad\u0131na y\u00f6nelik \u015fiddete, homofobiye, milliyet\u00e7ili\u011fe ve gericili\u011fe kar\u015f\u0131 bir m\u00fccadele y\u00fcr\u00fctmeyen, ada halklar\u0131n\u0131n kayna\u015fmas\u0131na katk\u0131 sa\u011flayacak s\u0131n\u0131r kap\u0131lar\u0131n\u0131 a\u00e7mayan adadaki iktidarlar\u0131n bar\u0131\u015f nidalar\u0131 samimiyetsiz ve \u00e7\u0131karc\u0131d\u0131r.<\/p>\n<p>Abd gibi emperyalist g\u00fc\u00e7lerin adam\u0131z co\u011frafyas\u0131nda y\u00fcr\u00fctt\u00fckleri kanl\u0131 sava\u015flar\u0131n bedelini yine halklar \u00f6demektedir. Kar\u015f\u0131l\u0131kl\u0131\u00a0 ekonomik tehditlerle birbirleriyle didi\u015fen egemenler, d\u0131\u015f bor\u00e7larla, emek ve do\u011fa s\u00f6m\u00fcr\u00fcs\u00fcyle yaratt\u0131klar\u0131 ekonomik krizlerin sefas\u0131n\u0131 s\u00fcrecekken bu krizlerin cefas\u0131n\u0131 \u00e7ekecek olan yoksul ve emek\u00e7i insanlar olacakt\u0131r.<\/p>\n<p>Bu adada bar\u0131\u015f\u0131 bir ka\u011f\u0131da imza atacak liderler de\u011fil ekonomik krizi, ekolojik tahribat\u0131, emek s\u00f6m\u00fcr\u00fcs\u00fcn\u00fc, gericili\u011fi en derinden ya\u015fayan ve bunlarla m\u00fccadele eden k\u0131br\u0131s halklar\u0131 sa\u011flayacakt\u0131r. Unutmayal\u0131m ki<\/p>\n<p>Bar\u0131\u015f Bizlerin Ellerindedir<\/p>\n<p>Ya\u015fas\u0131n Halklar\u0131n Karde\u015fli\u011fi<\/p>\n<p><a href=\"https:\/\/baraka.cc\/wp-content\/uploads\/2018\/08\/1-Eyl\u00fcl.png\"><img decoding=\"async\" loading=\"lazy\" class=\"alignleft size-medium wp-image-6274\" alt=\"1 Eyl\u00fcl\" src=\"https:\/\/baraka.cc\/wp-content\/uploads\/2018\/08\/1-Eyl\u00fcl-300x300.png\" width=\"300\" height=\"300\" srcset=\"https:\/\/baraka.cc\/wp-content\/uploads\/2018\/08\/1-Eyl\u00fcl-300x300.png 300w, https:\/\/baraka.cc\/wp-content\/uploads\/2018\/08\/1-Eyl\u00fcl-150x150.png 150w, https:\/\/baraka.cc\/wp-content\/uploads\/2018\/08\/1-Eyl\u00fcl-1024x1024.png 1024w, https:\/\/baraka.cc\/wp-content\/uploads\/2018\/08\/1-Eyl\u00fcl-200x200.png 200w, https:\/\/baraka.cc\/wp-content\/uploads\/2018\/08\/1-Eyl\u00fcl.png 1200w\" sizes=\"(max-width: 300px) 100vw, 300px\" \/><\/a><\/p>\n","protected":false},"excerpt":{"rendered":"<p>Uzun y\u0131llard\u0131r adam\u0131zda egemenlerin \u00e7\u0131karlar\u0131 do\u011frultusunda birbirinden ayr\u0131lm\u0131\u015f, b\u00f6l\u00fcnm\u00fc\u015f halklar olarak ya\u015fam m\u00fccadelemizi s\u00fcrd\u00fcr\u00fcyoruz.Bar\u0131\u015f\u0131, iki lider taraf\u0131ndan imzalanacak anla\u015fmalara s\u0131k\u0131\u015ft\u0131ran ve y\u0131llarca bu adan\u0131n halklar\u0131n\u0131n<\/p>\n","protected":false},"author":11,"featured_media":6273,"comment_status":"open","ping_status":"open","sticky":false,"template":"","format":"standard","meta":{"jetpack_post_was_ever_published":false,"_jetpack_newsletter_access":"","_jetpack_newsletter_tier_id":0,"jetpack_publicize_message":"","jetpack_is_tweetstorm":false,"jetpack_publicize_feature_enabled":true,"jetpack_social_post_already_shared":true,"jetpack_social_options":{"image_generator_settings":{"template":"highway","enabled":false}}},"categories":[41,9,1],"tags":[],"jetpack_publicize_connections":[],"jetpack_featured_media_url":"https:\/\/baraka.cc\/wp-content\/uploads\/2018\/08\/1-eyl\u00fcl.jpg","jetpack_shortlink":"https:\/\/wp.me\/p4eHWX-1Da","jetpack_sharing_enabled":true,"_links":{"self":[{"href":"https:\/\/baraka.cc\/index.php?rest_route=\/wp\/v2\/posts\/6272"}],"collection":[{"href":"https:\/\/baraka.cc\/index.php?rest_route=\/wp\/v2\/posts"}],"about":[{"href":"https:\/\/baraka.cc\/index.php?rest_route=\/wp\/v2\/types\/post"}],"author":[{"embeddable":true,"href":"https:\/\/baraka.cc\/index.php?rest_route=\/wp\/v2\/users\/11"}],"replies":[{"embeddable":true,"href":"https:\/\/baraka.cc\/index.php?rest_route=%2Fwp%2Fv2%2Fcomments&post=6272"}],"version-history":[{"count":1,"href":"https:\/\/baraka.cc\/index.php?rest_route=\/wp\/v2\/posts\/6272\/revisions"}],"predecessor-version":[{"id":6275,"href":"https:\/\/baraka.cc\/index.php?rest_route=\/wp\/v2\/posts\/6272\/revisions\/6275"}],"wp:featuredmedia":[{"embeddable":true,"href":"https:\/\/baraka.cc\/index.php?rest_route=\/wp\/v2\/media\/6273"}],"wp:attachment":[{"href":"https:\/\/baraka.cc\/index.php?rest_route=%2Fwp%2Fv2%2Fmedia&parent=6272"}],"wp:term":[{"taxonomy":"category","embeddable":true,"href":"https:\/\/baraka.cc\/index.php?rest_route=%2Fwp%2Fv2%2Fcategories&post=6272"},{"taxonomy":"post_tag","embeddable":true,"href":"https:\/\/baraka.cc\/index.php?rest_route=%2Fwp%2Fv2%2Ftags&post=6272"}],"curies":[{"name":"wp","href":"https:\/\/api.w.org\/{rel}","templated":true}]}}