{"id":6277,"date":"2018-08-31T10:32:59","date_gmt":"2018-08-31T08:32:59","guid":{"rendered":"https:\/\/baraka.cc\/?p=6277"},"modified":"2018-08-31T10:32:59","modified_gmt":"2018-08-31T08:32:59","slug":"dunya-yalniz-bizim-degil-hareketi-alagadi-sahilini-temizlemeye-davet-ediyor","status":"publish","type":"post","link":"https:\/\/baraka.cc\/?p=6277","title":{"rendered":"D\u00fcnya Yaln\u0131z Bizim De\u011fil Hareketi, Alagadi Sahilini Temizlemeye Davet Ediyor"},"content":{"rendered":"<p style=\"text-align: center;\"><a href=\"https:\/\/baraka.cc\/wp-content\/uploads\/2018\/08\/g\u00f6rsel-alagadi.jpg\"><img decoding=\"async\" loading=\"lazy\" class=\"alignnone size-medium wp-image-6279\" alt=\"g\u00f6rsel alagadi\" src=\"https:\/\/baraka.cc\/wp-content\/uploads\/2018\/08\/g\u00f6rsel-alagadi-300x150.jpg\" width=\"300\" height=\"150\" srcset=\"https:\/\/baraka.cc\/wp-content\/uploads\/2018\/08\/g\u00f6rsel-alagadi-300x150.jpg 300w, https:\/\/baraka.cc\/wp-content\/uploads\/2018\/08\/g\u00f6rsel-alagadi.jpg 960w\" sizes=\"(max-width: 300px) 100vw, 300px\" \/><\/a><\/p>\n<p>Hayvan haklar\u0131na duyarl\u0131 \u00f6rg\u00fctlerden olu\u015fan D\u00fcnya Yaln\u0131z Bizim De\u011fil Hareketi, 2 Eyl\u00fcl Pazar g\u00fcn\u00fc Alagadi sahilini temizleyecek. Saat 18.00&#8217;de Alagadi 2 otopark\u0131nda bulu\u015fularak ba\u015flayacak olan etkinlikte \u00f6nce deniz kaplumba\u011falar\u0131 ve kum zambaklar\u0131 hakk\u0131nda bilgi verilerek Alagadi&#8217;nin \u00d6zel \u00c7evre Koruma B\u00f6lgesi oldu\u011fu, bu nedenle temizlik yaparken dikkat edilmesi gereken hususlar anlat\u0131lacak. Ard\u0131ndan ise sahil temizli\u011fi ger\u00e7ekle\u015ftirilecek. Hareketten yap\u0131lan a\u00e7\u0131klamada eldiven ve \u00e7\u00f6p naylonlar\u0131n\u0131n etkinlik yerinde kat\u0131l\u0131mc\u0131lara da\u011f\u0131t\u0131laca\u011f\u0131, dileyen kat\u0131l\u0131mc\u0131n\u0131n da yan\u0131nda getirebilece\u011fi duyuruldu.<\/p>\n<p>D\u00fcnyan\u0131n ve adam\u0131z\u0131n sadece biz insanlara ait olmad\u0131\u011f\u0131n\u0131 vurgulayan hayvan severler, daha \u00f6nce de k\u0131\u015f aylar\u0131nda Akdeniz sahilini temizlemi\u015fti. Ayr\u0131ca hareket, Hayvan Refah\u0131 Yasas\u0131&#8217;n\u0131n iyile\u015ftirilmesi, yang\u0131n helikopteri al\u0131mas\u0131, sokak hayvanlar\u0131n\u0131n ve bar\u0131naklar\u0131n durumu gibi konularda \u00e7al\u0131\u015fmalar y\u00fcr\u00fctmektedir.<\/p>\n<p><a href=\"https:\/\/baraka.cc\/wp-content\/uploads\/2018\/08\/logo.jpg\"><img decoding=\"async\" loading=\"lazy\" class=\"alignnone size-medium wp-image-6278 aligncenter\" alt=\"logo\" src=\"https:\/\/baraka.cc\/wp-content\/uploads\/2018\/08\/logo-300x300.jpg\" width=\"300\" height=\"300\" srcset=\"https:\/\/baraka.cc\/wp-content\/uploads\/2018\/08\/logo-300x300.jpg 300w, https:\/\/baraka.cc\/wp-content\/uploads\/2018\/08\/logo-150x150.jpg 150w, https:\/\/baraka.cc\/wp-content\/uploads\/2018\/08\/logo-200x200.jpg 200w, https:\/\/baraka.cc\/wp-content\/uploads\/2018\/08\/logo.jpg 960w\" sizes=\"(max-width: 300px) 100vw, 300px\" \/><\/a><\/p>\n<p>D\u00fcnya Yaln\u0131z Bizim De\u011fil Hareketi&#8217;nden yap\u0131lan \u00e7a\u011fr\u0131 \u015f\u00f6yle:<\/p>\n<p>&#8220;\u00c7evreyi korumak ve denetlemek g\u00f6rev ve sorumlulu\u011funu h\u00fck\u00fcmete ve yerel y\u00f6netimlere bir kez daha hat\u0131rlatarak, Alagadi&#8217;yi temizliyoruz. Sosyal sorumluluk k\u0131l\u0131f\u0131yla pisliklerini \u00f6rtmeye \u00e7al\u0131\u015fan \u015firketlerin sponsorlu\u011funda de\u011fil, do\u011fay\u0131 evi gibi seven ki\u015filer olarak&#8230; Herkesi, ortak evimizi temizlerken dayan\u0131\u015fmaya bekleriz. 2 Eyl\u00fcl Pazar g\u00fcn\u00fc saat 18.00&#8217;de Alagadi 2 otopark\u0131nda bulu\u015fal\u0131m.&#8221;<\/p>\n","protected":false},"excerpt":{"rendered":"<p>Hayvan haklar\u0131na duyarl\u0131 \u00f6rg\u00fctlerden olu\u015fan D\u00fcnya Yaln\u0131z Bizim De\u011fil Hareketi, 2 Eyl\u00fcl Pazar g\u00fcn\u00fc Alagadi sahilini temizleyecek. Saat 18.00&#8217;de Alagadi 2 otopark\u0131nda bulu\u015fularak ba\u015flayacak olan<\/p>\n","protected":false},"author":3,"featured_media":6279,"comment_status":"open","ping_status":"open","sticky":false,"template":"","format":"standard","meta":{"jetpack_post_was_ever_published":false,"_jetpack_newsletter_access":"","_jetpack_newsletter_tier_id":0,"jetpack_publicize_message":"","jetpack_is_tweetstorm":false,"jetpack_publicize_feature_enabled":true,"jetpack_social_post_already_shared":true,"jetpack_social_options":{"image_generator_settings":{"template":"highway","enabled":false}}},"categories":[9,1],"tags":[],"jetpack_publicize_connections":[],"jetpack_featured_media_url":"https:\/\/baraka.cc\/wp-content\/uploads\/2018\/08\/g\u00f6rsel-alagadi.jpg","jetpack_shortlink":"https:\/\/wp.me\/p4eHWX-1Df","jetpack_sharing_enabled":true,"_links":{"self":[{"href":"https:\/\/baraka.cc\/index.php?rest_route=\/wp\/v2\/posts\/6277"}],"collection":[{"href":"https:\/\/baraka.cc\/index.php?rest_route=\/wp\/v2\/posts"}],"about":[{"href":"https:\/\/baraka.cc\/index.php?rest_route=\/wp\/v2\/types\/post"}],"author":[{"embeddable":true,"href":"https:\/\/baraka.cc\/index.php?rest_route=\/wp\/v2\/users\/3"}],"replies":[{"embeddable":true,"href":"https:\/\/baraka.cc\/index.php?rest_route=%2Fwp%2Fv2%2Fcomments&post=6277"}],"version-history":[{"count":1,"href":"https:\/\/baraka.cc\/index.php?rest_route=\/wp\/v2\/posts\/6277\/revisions"}],"predecessor-version":[{"id":6280,"href":"https:\/\/baraka.cc\/index.php?rest_route=\/wp\/v2\/posts\/6277\/revisions\/6280"}],"wp:featuredmedia":[{"embeddable":true,"href":"https:\/\/baraka.cc\/index.php?rest_route=\/wp\/v2\/media\/6279"}],"wp:attachment":[{"href":"https:\/\/baraka.cc\/index.php?rest_route=%2Fwp%2Fv2%2Fmedia&parent=6277"}],"wp:term":[{"taxonomy":"category","embeddable":true,"href":"https:\/\/baraka.cc\/index.php?rest_route=%2Fwp%2Fv2%2Fcategories&post=6277"},{"taxonomy":"post_tag","embeddable":true,"href":"https:\/\/baraka.cc\/index.php?rest_route=%2Fwp%2Fv2%2Ftags&post=6277"}],"curies":[{"name":"wp","href":"https:\/\/api.w.org\/{rel}","templated":true}]}}