{"id":6281,"date":"2018-09-02T12:58:14","date_gmt":"2018-09-02T10:58:14","guid":{"rendered":"https:\/\/baraka.cc\/?p=6281"},"modified":"2018-09-02T12:58:14","modified_gmt":"2018-09-02T10:58:14","slug":"sokak-yine-bos-birakilmadi-baris-sokakta-baris-hemen-simdi","status":"publish","type":"post","link":"https:\/\/baraka.cc\/?p=6281","title":{"rendered":"Sokak Yine Bo\u015f B\u0131rak\u0131lmad\u0131: &#8220;BARI\u015e SOKAKTA, BARI\u015e HEMEN \u015e\u0130MD\u0130&#8221;"},"content":{"rendered":"<p>Baraka ve Ba\u011f\u0131ms\u0131zl\u0131k Yolu&#8217;nun ger\u00e7ekle\u015ftirdi\u011fi eylemde, yeniden birle\u015fme ve bar\u0131\u015f\u0131n masada de\u011fil sokakta var olabilece\u011fi vurguland\u0131.<\/p>\n<p>Saat 17:00&#8217;de Ku\u011fulu parkta ba\u015flayan y\u00fcr\u00fcy\u00fc\u015f Cumhurba\u015fkanl\u0131\u011f\u0131 \u00f6n\u00fcnde son buldu. Kat\u0131l\u0131m\u0131n y\u00fcksek oldu\u011fu y\u00fcr\u00fcy\u00fc\u015fte &#8220;Bar\u0131\u015f Bizlerin Ellerindedir&#8221;, &#8220;Bar\u0131\u015f Sokakta,Masada De\u011fil&#8221;,&#8221;Apl\u0131\u00e7 Kap\u0131s\u0131 Derhal A\u00e7\u0131ls\u0131n&#8221;,&#8221;Derinya Kap\u0131s\u0131 Derhal A\u00e7\u0131ls\u0131n&#8221;, &#8220;Ya\u015fas\u0131n Halklar\u0131n Karde\u015fli\u011fi&#8221; ve &#8220;Kurtulu\u015f Yok Tek Ba\u015f\u0131na Ya Hep Beraber Ya Hi\u00e7birimiz&#8221; gibi sloganlar at\u0131ld\u0131. Bar\u0131\u015f \u0130\u00e7in Halklar Birle\u015fin pankart\u0131n\u0131n ta\u015f\u0131nd\u0131\u011f\u0131 y\u00fcr\u00fcy\u00fc\u015f Cumhurba\u015fkanl\u0131\u011f\u0131 \u00f6n\u00fcnde yap\u0131lan a\u00e7\u0131klamalarla son buldu.<\/p>\n<p><b>Baraka K\u00fclt\u00fcr Merkezi&#8217;nin yapt\u0131\u011f\u0131 a\u00e7\u0131klaman\u0131n tam metni:<\/b><\/p>\n<blockquote><p><b><\/b>Uzun y\u0131llard\u0131r adam\u0131zda egemenlerin \u00e7\u0131karlar\u0131 do\u011frultusunda birbirinden ayr\u0131lm\u0131\u015f, b\u00f6l\u00fcnm\u00fc\u015f halklar olarak ya\u015fam m\u00fccadelemizi s\u00fcrd\u00fcr\u00fcyoruz.Bar\u0131\u015f\u0131, iki lider taraf\u0131ndan imzalanacak anla\u015fmalara s\u0131k\u0131\u015ft\u0131ran ve y\u0131llarca bu adan\u0131n halklar\u0131n\u0131n kaderlerini m\u00fczakare masalar\u0131ndan al\u0131nacak kararlara ba\u011flayanlar\u0131n aksine bar\u0131\u015f\u0131n sokakta, emekten yana, g\u00fcnl\u00fck s\u0131k\u0131nt\u0131lar\u0131m\u0131z\u0131n \u00e7\u00f6z\u00fcmleri do\u011frultusunda ve k\u0131br\u0131s halklar\u0131n\u0131n bug\u00fcnleri ve gelecekleri hakk\u0131nda s\u00f6z, yetki,karar ve iktidar hakk\u0131na sahip olmas\u0131yla var olaca\u011f\u0131na inan\u0131yoruz.<\/p>\n<p>G\u00f6zlerini kar h\u0131rs\u0131 b\u00fcr\u00fcm\u00fc\u015f\u00a0 sermayenin k\u0131skac\u0131nda olan adam\u0131zda b\u00fcy\u00fck bir ekolojik tahribat ya\u015fanmaktad\u0131r. Otellerin bir yandan anayasal haklar\u0131m\u0131z\u0131 gasp ederek k\u0131y\u0131lar\u0131m\u0131z\u0131 i\u015fgal ettikleri, bir yandan da denizlerimizi kirlettikleri apa\u00e7\u0131k ortadad\u0131r. Nesli t\u00fckenen hayvanlar\u0131n av\u0131n\u0131n serbest hale getirildi\u011fi, bakanlar\u0131m\u0131z\u0131n mercedes sevgisinin orman sevgimizden de\u011ferli say\u0131ld\u0131\u011f\u0131 \u00fclkemizde bar\u0131\u015f\u0131 insan\u0131n do\u011fa \u00fczerindeki hakimiyetiyle de\u011fil \u00a0insan ve do\u011fan\u0131n uyumu ile ger\u00e7ekle\u015ftirebiliriz.<\/p>\n<p>Gece kul\u00fcplerindeki seks k\u00f6leli\u011fine, \u00f6zel sekt\u00f6rdeki emek s\u00f6m\u00fcr\u00fcs\u00fcne, kad\u0131na y\u00f6nelik \u015fiddete, homofobiye, milliyet\u00e7ili\u011fe ve gericili\u011fe kar\u015f\u0131 bir m\u00fccadele y\u00fcr\u00fctmeyen, ada halklar\u0131n\u0131n kayna\u015fmas\u0131na katk\u0131 sa\u011flayacak s\u0131n\u0131r kap\u0131lar\u0131n\u0131 a\u00e7mayan adadaki iktidarlar\u0131n bar\u0131\u015f nidalar\u0131 samimiyetsiz ve \u00e7\u0131karc\u0131d\u0131r.<\/p>\n<p>Abd \u00a0ve ingiltere gibi emperyalist g\u00fc\u00e7lerin adam\u0131z co\u011frafyas\u0131nda y\u00fcr\u00fctt\u00fckleri kanl\u0131 sava\u015flar\u0131n bedelini yine halklar \u00f6demektedir. Kar\u015f\u0131l\u0131kl\u0131\u00a0 ekonomik tehditlerle birbirleriyle didi\u015fen egemenler, d\u0131\u015f bor\u00e7larla, emek ve do\u011fa s\u00f6m\u00fcr\u00fcs\u00fcyle yaratt\u0131klar\u0131 ekonomik krizlerin sefas\u0131n\u0131 s\u00fcrerken bu krizlerin cefas\u0131n\u0131 \u00e7ekecek olan yoksul ve emek\u00e7i insanlar olacakt\u0131r.<\/p>\n<p>Bu adada bar\u0131\u015f\u0131 bir ka\u011f\u0131da imza atacak liderler de\u011fil ekonomik krizi, ekolojik tahribat\u0131, emek s\u00f6m\u00fcr\u00fcs\u00fcn\u00fc, gericili\u011fi en derinden ya\u015fayan ve bunlarla m\u00fccadele eden k\u0131br\u0131s halklar\u0131 sa\u011flayacakt\u0131r. Unutmayal\u0131m ki<\/p>\n<p>Bar\u0131\u015f Bizlerin Ellerindedir<\/p>\n<p>Ya\u015fas\u0131n Halklar\u0131n Karde\u015fli\u011fi<\/p><\/blockquote>\n<p><b>Ba\u011f\u0131ms\u0131zl\u0131k Yolu Genel Sekreteri \u00a0M\u00fcn\u00fcr Rahvanc\u0131o\u011flu&#8217;nun yapt\u0131\u011f\u0131 a\u00e7\u0131klama:<\/b><\/p>\n<blockquote><p>Baraka K\u00fclt\u00fcr Merkezi ve Ba\u011f\u0131ms\u0131zl\u0131k Yolu olarak bu y\u0131l 1 Eyl\u00fcl D\u00fcnya Bar\u0131\u015f G\u00fcn\u00fc&#8217;nde ortak kortej olu\u015fturulmas\u0131 i\u00e7in kamuoyuna ve \u00f6rg\u00fctlere bir \u00e7a\u011fr\u0131 yapt\u0131k. B\u00fct\u00fcn \u00f6rg\u00fctlere a\u00e7\u0131k olan eylemimizde kat\u0131lacak olan \u00f6rg\u00fctlerin kendi bas\u0131n bildirilerini okumalar\u0131 m\u00fcmk\u00fcnd\u00fc. Ancak, halk\u0131m\u0131z\u0131n ekonomik anlamda ciddi oranda ezildi\u011fi bu g\u00fcnlerde \u00f6rg\u00fctler 1 Eyl\u00fcl D\u00fcnya Bar\u0131\u015f G\u00fcn\u00fc&#8217;ne iki y\u0131ld\u0131r ilgi g\u00f6stermiyorlar.<\/p>\n<p>On y\u0131llardan beridir K\u0131br\u0131s&#8217;\u0131n kuzeyinde 1 Eyl\u00fcl D\u00fcnya Bar\u0131\u015f G\u00fcn\u00fc&#8217;nde kortej olu\u015fturan, siyasi ve ekonomik demokratik \u00f6rg\u00fctler iki y\u0131ld\u0131r 1 Eyl\u00fcl D\u00fcnya Bar\u0131\u015f G\u00fcn\u00fc&#8217;nde soka\u011f\u0131 bo\u015f b\u0131rak\u0131yorlar. Bunun bir\u00e7ok sebebi var ancak bir tanesi ve en \u00f6nemlilerinden biri ge\u00e7ti\u011fimiz y\u0131l ya\u015fanan Crans Montana ve Mont Pelerin s\u00fcre\u00e7lerinin \u00e7\u00f6k\u00fc\u015f\u00fc sonras\u0131 bar\u0131\u015f g\u00fc\u00e7lerinin i\u00e7ine d\u00fc\u015fm\u00fc\u015f olduklar\u0131 y\u0131lg\u0131nl\u0131k, umutsuzluk ve moralsizliktir. Asl\u0131nda b\u00fct\u00fcn beklentisini masadaki g\u00f6r\u00fc\u015fmelere, ka\u011f\u0131t \u00fczerine at\u0131lacak olan imzaya veya liderler ad\u0131 verilen ama toplumlar dahil edilmeden s\u00fcre\u00e7 y\u00fcr\u00fcten ki\u015filere -bu ki\u015filer her kim olursa olsun ve hangi niyetle davran\u0131yorsa olsun- ba\u011flayan \u00f6rg\u00fctlerin sonunda hayal k\u0131r\u0131kl\u0131\u011f\u0131 ya\u015famalar\u0131 ka\u00e7\u0131n\u0131lmazd\u0131. Ve bu hayal k\u0131r\u0131kl\u0131\u011f\u0131 ya\u015fanan ilk hayal k\u0131r\u0131kl\u0131\u011f\u0131 de\u011fildir.<\/p>\n<p>K\u0131br\u0131s sorununun elli y\u0131ldan fazlad\u0131r devam eden s\u00fcrecinin \u00e7ok \u00f6nemli k\u0131sm\u0131 g\u00f6r\u00fc\u015fmeler ile ge\u00e7mi\u015ftir. Ancak g\u00f6r\u00fc\u015fmeler her defas\u0131nda halktan ve sokaktan soyutlanm\u0131\u015f oldu\u011fu i\u00e7in, g\u00fcnl\u00fck hayat\u0131n s\u0131k\u0131nt\u0131lar\u0131ndan soyutlanm\u0131\u015f oldu\u011fu i\u00e7in hayal k\u0131r\u0131kl\u0131\u011f\u0131yla, moral bozuklu\u011fuyla sona ermi\u015ftir. Bir s\u00fcre ge\u00e7tikten sonra bar\u0131\u015f g\u00fc\u00e7leri kendini yeniden toplay\u0131p yeniden g\u00f6r\u00fc\u015fme s\u00fcrecinin ilerlemesi i\u00e7in bask\u0131 yapmaya ba\u015fl\u0131yor. Ancak her defas\u0131nda ayni y\u0131k\u0131m, g\u00f6r\u00fc\u015fme masas\u0131nda kim olursa olsun -solcu,sa\u011fc\u0131,ilerici, bar\u0131\u015f d\u00fc\u015fman\u0131, muhafazakar- hep ayni k\u0131s\u0131r d\u00f6ng\u00fcn\u00fcn i\u00e7erisinde ayni \u015fekilde sona eriyor. Bu k\u0131s\u0131r d\u00f6ng\u00fcy\u00fc k\u0131rman\u0131n zaman\u0131 geldi de ge\u00e7iyor bile. Bar\u0131\u015f g\u00fc\u00e7lerinde var olan ve halk\u0131m\u0131za da aktar\u0131lm\u0131\u015f olan K\u0131br\u0131s sorununun g\u00fcnl\u00fck hayattan ayr\u0131, ba\u011f\u0131ms\u0131z, farkl\u0131 bir olgu oldu\u011funa ili\u015fkin yanl\u0131\u015f d\u00fc\u015f\u00fcnce k\u0131r\u0131lmal\u0131d\u0131r.<\/p>\n<p>Bug\u00fcn K\u0131br\u0131s&#8217;\u0131n g\u00fcneyinde, K\u0131br\u0131s Cumhuriyeti yetkilileri bar\u0131\u015f istesin veya istemesin, haz\u0131rlanacak olan plana olumlu yakla\u015fs\u0131n ya da yakla\u015fmas\u0131n K\u0131br\u0131s&#8217;\u0131n kuzeyinde bar\u0131\u015f i\u00e7in yap\u0131labilecek \u015feyler vard\u0131r. K\u0131br\u0131s&#8217;\u0131n kuzeyindeki bar\u0131\u015f g\u00fc\u00e7leri Apl\u0131\u00e7 Kap\u0131s\u0131&#8217;n\u0131n a\u00e7\u0131lmas\u0131 i\u00e7in m\u00fccadele edebilirler, Derinya Kap\u0131s\u0131&#8217;n\u0131n a\u00e7\u0131lmas\u0131 i\u00e7in m\u00fccadele edebilirler. Bug\u00fcn cumhurba\u015fkanl\u0131\u011f\u0131 koltu\u011funda oturan, g\u00f6r\u00fc\u015fmecilik s\u00fcrecini y\u00fcr\u00fcten, say\u0131n Ak\u0131nc\u0131&#8217;n\u0131n se\u00e7ilmeden \u00f6nce s\u00f6z\u00fcn\u00fc verdi\u011fi ve halk\u0131m\u0131z\u0131n %60&#8217;tan fazlas\u0131n\u0131n onay verdi\u011fi Mara\u015f&#8217;\u0131n a\u00e7\u0131lmas\u0131n\u0131n g\u00f6r\u00fc\u015fme s\u00fcrecine endekslenmemesi s\u00f6z\u00fcn\u00fcn tutulmas\u0131 i\u00e7in m\u00fccadele edebilirler. Hemen yan\u0131 ba\u015f\u0131m\u0131zda yap\u0131lmakta olan ve K\u0131br\u0131s&#8217;\u0131n b\u00fct\u00fcn halklar\u0131n\u0131 olumsuz etkileme riski ta\u015f\u0131yan N\u00fckleer Santral s\u00fcrecinin durdurulmas\u0131 i\u00e7in, en yetkili makamlardan ses verilmesi i\u00e7in m\u00fccadele edilebilirler. CMC gibi K\u0131br\u0131s&#8217;\u0131n tamam\u0131n\u0131 etkileyen ekolojik sorunlar\u0131n ortak bir iradeyle ortadan kald\u0131r\u0131lmas\u0131 i\u00e7in m\u00fccadele edebilirler. Bunlar\u0131n hepsi ve daha fazlas\u0131 bar\u0131\u015f s\u00fcrecinin ilerleyebilmesi, masan\u0131n g\u00fc\u00e7lenebilmesi ve imzalar\u0131n at\u0131labilmesi i\u00e7in yap\u0131labilecek olanlard\u0131r. E\u011fer bar\u0131\u015f g\u00fc\u00e7leri hipnoza tak\u0131lm\u0131\u015f gibi oturup, birilerinin masada birilerinin kendi ad\u0131na iyi kararlar almas\u0131n\u0131 beklerlerse, elli y\u0131ld\u0131r bekledikleri gibi beklemeye devam edecekler.<\/p>\n<p>1 Eyl\u00fcl D\u00fcnya Bar\u0131\u015f G\u00fcn\u00fc&#8217;nde ve takvimin herhangi bir g\u00fcn\u00fcnde bar\u0131\u015f i\u00e7in soka\u011fa \u00e7\u0131kmay\u0131 l\u00fcks kabul eden demokratik kitle \u00f6rg\u00fctleri ve siyasi \u00f6rg\u00fctlerle bar\u0131\u015f \u00f6rg\u00fctlenemez. Bu y\u00fczden halk\u0131m\u0131z\u0131 devrimci siyasette \u00f6rg\u00fctlenmeye ve bar\u0131\u015f i\u00e7in m\u00fccadele etmeye \u00e7a\u011f\u0131r\u0131yoruz.<\/p><\/blockquote>\n<p>&nbsp;<\/p>\n<p><a href=\"https:\/\/baraka.cc\/wp-content\/uploads\/2018\/09\/EFDP0541.jpg\"><img decoding=\"async\" loading=\"lazy\" class=\"alignleft size-medium wp-image-6283\" alt=\"EFDP0541\" src=\"https:\/\/baraka.cc\/wp-content\/uploads\/2018\/09\/EFDP0541-300x168.jpg\" width=\"300\" height=\"168\" srcset=\"https:\/\/baraka.cc\/wp-content\/uploads\/2018\/09\/EFDP0541-300x168.jpg 300w, https:\/\/baraka.cc\/wp-content\/uploads\/2018\/09\/EFDP0541-1024x576.jpg 1024w, https:\/\/baraka.cc\/wp-content\/uploads\/2018\/09\/EFDP0541.jpg 1328w\" sizes=\"(max-width: 300px) 100vw, 300px\" \/><\/a> <a href=\"https:\/\/baraka.cc\/wp-content\/uploads\/2018\/09\/HYTP4216.jpg\"><img decoding=\"async\" loading=\"lazy\" class=\"alignleft size-medium wp-image-6284\" alt=\"HYTP4216\" src=\"https:\/\/baraka.cc\/wp-content\/uploads\/2018\/09\/HYTP4216-300x168.jpg\" width=\"300\" height=\"168\" srcset=\"https:\/\/baraka.cc\/wp-content\/uploads\/2018\/09\/HYTP4216-300x168.jpg 300w, https:\/\/baraka.cc\/wp-content\/uploads\/2018\/09\/HYTP4216-1024x576.jpg 1024w, https:\/\/baraka.cc\/wp-content\/uploads\/2018\/09\/HYTP4216.jpg 1328w\" sizes=\"(max-width: 300px) 100vw, 300px\" \/><\/a> <a href=\"https:\/\/baraka.cc\/wp-content\/uploads\/2018\/09\/JMWH3217.jpg\"><img decoding=\"async\" loading=\"lazy\" class=\"alignleft size-medium wp-image-6285\" alt=\"JMWH3217\" src=\"https:\/\/baraka.cc\/wp-content\/uploads\/2018\/09\/JMWH3217-300x168.jpg\" width=\"300\" height=\"168\" srcset=\"https:\/\/baraka.cc\/wp-content\/uploads\/2018\/09\/JMWH3217-300x168.jpg 300w, https:\/\/baraka.cc\/wp-content\/uploads\/2018\/09\/JMWH3217-1024x576.jpg 1024w, https:\/\/baraka.cc\/wp-content\/uploads\/2018\/09\/JMWH3217.jpg 1328w\" sizes=\"(max-width: 300px) 100vw, 300px\" \/><\/a> <a href=\"https:\/\/baraka.cc\/wp-content\/uploads\/2018\/09\/JWSP5645.jpg\"><img decoding=\"async\" loading=\"lazy\" class=\"alignleft size-medium wp-image-6286\" alt=\"JWSP5645\" src=\"https:\/\/baraka.cc\/wp-content\/uploads\/2018\/09\/JWSP5645-300x168.jpg\" width=\"300\" height=\"168\" srcset=\"https:\/\/baraka.cc\/wp-content\/uploads\/2018\/09\/JWSP5645-300x168.jpg 300w, https:\/\/baraka.cc\/wp-content\/uploads\/2018\/09\/JWSP5645-1024x576.jpg 1024w, https:\/\/baraka.cc\/wp-content\/uploads\/2018\/09\/JWSP5645.jpg 1328w\" sizes=\"(max-width: 300px) 100vw, 300px\" \/><\/a> <a href=\"https:\/\/baraka.cc\/wp-content\/uploads\/2018\/09\/OAUG8748.jpg\"><img decoding=\"async\" loading=\"lazy\" class=\"alignleft size-medium wp-image-6287\" alt=\"OAUG8748\" src=\"https:\/\/baraka.cc\/wp-content\/uploads\/2018\/09\/OAUG8748-300x168.jpg\" width=\"300\" height=\"168\" srcset=\"https:\/\/baraka.cc\/wp-content\/uploads\/2018\/09\/OAUG8748-300x168.jpg 300w, https:\/\/baraka.cc\/wp-content\/uploads\/2018\/09\/OAUG8748-1024x576.jpg 1024w, https:\/\/baraka.cc\/wp-content\/uploads\/2018\/09\/OAUG8748.jpg 1328w\" sizes=\"(max-width: 300px) 100vw, 300px\" \/><\/a> <a href=\"https:\/\/baraka.cc\/wp-content\/uploads\/2018\/09\/PZYM0657.jpg\"><img decoding=\"async\" loading=\"lazy\" class=\"alignleft size-medium wp-image-6288\" alt=\"PZYM0657\" src=\"https:\/\/baraka.cc\/wp-content\/uploads\/2018\/09\/PZYM0657-300x168.jpg\" width=\"300\" height=\"168\" srcset=\"https:\/\/baraka.cc\/wp-content\/uploads\/2018\/09\/PZYM0657-300x168.jpg 300w, https:\/\/baraka.cc\/wp-content\/uploads\/2018\/09\/PZYM0657-1024x576.jpg 1024w, https:\/\/baraka.cc\/wp-content\/uploads\/2018\/09\/PZYM0657.jpg 1328w\" sizes=\"(max-width: 300px) 100vw, 300px\" \/><\/a> <a href=\"https:\/\/baraka.cc\/wp-content\/uploads\/2018\/09\/QHGG7641.jpg\"><img decoding=\"async\" loading=\"lazy\" class=\"alignleft size-medium wp-image-6289\" alt=\"QHGG7641\" src=\"https:\/\/baraka.cc\/wp-content\/uploads\/2018\/09\/QHGG7641-300x168.jpg\" width=\"300\" height=\"168\" srcset=\"https:\/\/baraka.cc\/wp-content\/uploads\/2018\/09\/QHGG7641-300x168.jpg 300w, https:\/\/baraka.cc\/wp-content\/uploads\/2018\/09\/QHGG7641-1024x576.jpg 1024w, https:\/\/baraka.cc\/wp-content\/uploads\/2018\/09\/QHGG7641.jpg 1328w\" sizes=\"(max-width: 300px) 100vw, 300px\" \/><\/a> <a href=\"https:\/\/baraka.cc\/wp-content\/uploads\/2018\/09\/RICW2915.jpg\"><img decoding=\"async\" loading=\"lazy\" class=\"alignleft size-medium wp-image-6290\" alt=\"RICW2915\" src=\"https:\/\/baraka.cc\/wp-content\/uploads\/2018\/09\/RICW2915-300x168.jpg\" width=\"300\" height=\"168\" srcset=\"https:\/\/baraka.cc\/wp-content\/uploads\/2018\/09\/RICW2915-300x168.jpg 300w, https:\/\/baraka.cc\/wp-content\/uploads\/2018\/09\/RICW2915-1024x576.jpg 1024w, https:\/\/baraka.cc\/wp-content\/uploads\/2018\/09\/RICW2915.jpg 1328w\" sizes=\"(max-width: 300px) 100vw, 300px\" \/><\/a> <a href=\"https:\/\/baraka.cc\/wp-content\/uploads\/2018\/09\/RQAV7258.jpg\"><img decoding=\"async\" loading=\"lazy\" class=\"alignleft size-medium wp-image-6291\" alt=\"RQAV7258\" src=\"https:\/\/baraka.cc\/wp-content\/uploads\/2018\/09\/RQAV7258-300x168.jpg\" width=\"300\" height=\"168\" srcset=\"https:\/\/baraka.cc\/wp-content\/uploads\/2018\/09\/RQAV7258-300x168.jpg 300w, https:\/\/baraka.cc\/wp-content\/uploads\/2018\/09\/RQAV7258-1024x576.jpg 1024w, https:\/\/baraka.cc\/wp-content\/uploads\/2018\/09\/RQAV7258.jpg 1328w\" sizes=\"(max-width: 300px) 100vw, 300px\" \/><\/a> <a href=\"https:\/\/baraka.cc\/wp-content\/uploads\/2018\/09\/TLYI9293.jpg\"><img decoding=\"async\" loading=\"lazy\" class=\"alignleft size-medium wp-image-6292\" alt=\"TLYI9293\" src=\"https:\/\/baraka.cc\/wp-content\/uploads\/2018\/09\/TLYI9293-300x168.jpg\" width=\"300\" height=\"168\" srcset=\"https:\/\/baraka.cc\/wp-content\/uploads\/2018\/09\/TLYI9293-300x168.jpg 300w, https:\/\/baraka.cc\/wp-content\/uploads\/2018\/09\/TLYI9293-1024x576.jpg 1024w, https:\/\/baraka.cc\/wp-content\/uploads\/2018\/09\/TLYI9293.jpg 1328w\" sizes=\"(max-width: 300px) 100vw, 300px\" \/><\/a> <a href=\"https:\/\/baraka.cc\/wp-content\/uploads\/2018\/09\/UICC5990.jpg\"><img decoding=\"async\" loading=\"lazy\" class=\"alignleft size-medium wp-image-6293\" alt=\"UICC5990\" src=\"https:\/\/baraka.cc\/wp-content\/uploads\/2018\/09\/UICC5990-300x168.jpg\" width=\"300\" height=\"168\" srcset=\"https:\/\/baraka.cc\/wp-content\/uploads\/2018\/09\/UICC5990-300x168.jpg 300w, https:\/\/baraka.cc\/wp-content\/uploads\/2018\/09\/UICC5990-1024x576.jpg 1024w, https:\/\/baraka.cc\/wp-content\/uploads\/2018\/09\/UICC5990.jpg 1328w\" sizes=\"(max-width: 300px) 100vw, 300px\" \/><\/a> <a href=\"https:\/\/baraka.cc\/wp-content\/uploads\/2018\/09\/VAMX4926.jpg\"><img decoding=\"async\" loading=\"lazy\" class=\"alignleft size-medium wp-image-6294\" alt=\"VAMX4926\" src=\"https:\/\/baraka.cc\/wp-content\/uploads\/2018\/09\/VAMX4926-300x168.jpg\" width=\"300\" height=\"168\" srcset=\"https:\/\/baraka.cc\/wp-content\/uploads\/2018\/09\/VAMX4926-300x168.jpg 300w, https:\/\/baraka.cc\/wp-content\/uploads\/2018\/09\/VAMX4926-1024x576.jpg 1024w, https:\/\/baraka.cc\/wp-content\/uploads\/2018\/09\/VAMX4926.jpg 1328w\" sizes=\"(max-width: 300px) 100vw, 300px\" \/><\/a> <a href=\"https:\/\/baraka.cc\/wp-content\/uploads\/2018\/09\/VNMU3872.jpg\"><img decoding=\"async\" loading=\"lazy\" class=\"alignleft size-medium wp-image-6295\" alt=\"VNMU3872\" src=\"https:\/\/baraka.cc\/wp-content\/uploads\/2018\/09\/VNMU3872-300x168.jpg\" width=\"300\" height=\"168\" srcset=\"https:\/\/baraka.cc\/wp-content\/uploads\/2018\/09\/VNMU3872-300x168.jpg 300w, https:\/\/baraka.cc\/wp-content\/uploads\/2018\/09\/VNMU3872-1024x576.jpg 1024w, https:\/\/baraka.cc\/wp-content\/uploads\/2018\/09\/VNMU3872.jpg 1328w\" sizes=\"(max-width: 300px) 100vw, 300px\" \/><\/a> <a href=\"https:\/\/baraka.cc\/wp-content\/uploads\/2018\/09\/WKYP1404.jpg\"><img decoding=\"async\" loading=\"lazy\" class=\"alignleft size-medium wp-image-6296\" alt=\"WKYP1404\" src=\"https:\/\/baraka.cc\/wp-content\/uploads\/2018\/09\/WKYP1404-300x168.jpg\" width=\"300\" height=\"168\" srcset=\"https:\/\/baraka.cc\/wp-content\/uploads\/2018\/09\/WKYP1404-300x168.jpg 300w, https:\/\/baraka.cc\/wp-content\/uploads\/2018\/09\/WKYP1404-1024x576.jpg 1024w, https:\/\/baraka.cc\/wp-content\/uploads\/2018\/09\/WKYP1404.jpg 1328w\" sizes=\"(max-width: 300px) 100vw, 300px\" \/><\/a><\/p>\n","protected":false},"excerpt":{"rendered":"<p>Baraka ve Ba\u011f\u0131ms\u0131zl\u0131k Yolu&#8217;nun ger\u00e7ekle\u015ftirdi\u011fi eylemde, yeniden birle\u015fme ve bar\u0131\u015f\u0131n masada de\u011fil sokakta var olabilece\u011fi vurguland\u0131. Saat 17:00&#8217;de Ku\u011fulu parkta ba\u015flayan y\u00fcr\u00fcy\u00fc\u015f Cumhurba\u015fkanl\u0131\u011f\u0131 \u00f6n\u00fcnde son<\/p>\n","protected":false},"author":11,"featured_media":6282,"comment_status":"open","ping_status":"open","sticky":false,"template":"","format":"standard","meta":{"jetpack_post_was_ever_published":false,"_jetpack_newsletter_access":"","_jetpack_newsletter_tier_id":0,"jetpack_publicize_message":"","jetpack_is_tweetstorm":false,"jetpack_publicize_feature_enabled":true,"jetpack_social_post_already_shared":true,"jetpack_social_options":{"image_generator_settings":{"template":"highway","enabled":false}}},"categories":[66,9,1],"tags":[],"jetpack_publicize_connections":[],"jetpack_featured_media_url":"https:\/\/baraka.cc\/wp-content\/uploads\/2018\/09\/1..jpg","jetpack_shortlink":"https:\/\/wp.me\/p4eHWX-1Dj","jetpack_sharing_enabled":true,"_links":{"self":[{"href":"https:\/\/baraka.cc\/index.php?rest_route=\/wp\/v2\/posts\/6281"}],"collection":[{"href":"https:\/\/baraka.cc\/index.php?rest_route=\/wp\/v2\/posts"}],"about":[{"href":"https:\/\/baraka.cc\/index.php?rest_route=\/wp\/v2\/types\/post"}],"author":[{"embeddable":true,"href":"https:\/\/baraka.cc\/index.php?rest_route=\/wp\/v2\/users\/11"}],"replies":[{"embeddable":true,"href":"https:\/\/baraka.cc\/index.php?rest_route=%2Fwp%2Fv2%2Fcomments&post=6281"}],"version-history":[{"count":1,"href":"https:\/\/baraka.cc\/index.php?rest_route=\/wp\/v2\/posts\/6281\/revisions"}],"predecessor-version":[{"id":6297,"href":"https:\/\/baraka.cc\/index.php?rest_route=\/wp\/v2\/posts\/6281\/revisions\/6297"}],"wp:featuredmedia":[{"embeddable":true,"href":"https:\/\/baraka.cc\/index.php?rest_route=\/wp\/v2\/media\/6282"}],"wp:attachment":[{"href":"https:\/\/baraka.cc\/index.php?rest_route=%2Fwp%2Fv2%2Fmedia&parent=6281"}],"wp:term":[{"taxonomy":"category","embeddable":true,"href":"https:\/\/baraka.cc\/index.php?rest_route=%2Fwp%2Fv2%2Fcategories&post=6281"},{"taxonomy":"post_tag","embeddable":true,"href":"https:\/\/baraka.cc\/index.php?rest_route=%2Fwp%2Fv2%2Ftags&post=6281"}],"curies":[{"name":"wp","href":"https:\/\/api.w.org\/{rel}","templated":true}]}}