{"id":6318,"date":"2018-09-13T11:19:30","date_gmt":"2018-09-13T09:19:30","guid":{"rendered":"https:\/\/baraka.cc\/?p=6318"},"modified":"2018-09-13T11:19:30","modified_gmt":"2018-09-13T09:19:30","slug":"magusa-kent-ve-ekoloji-platformu-ile-soylesi-fatih-bayraktar","status":"publish","type":"post","link":"https:\/\/baraka.cc\/?p=6318","title":{"rendered":"\u201cMa\u011fusa Kent ve Ekoloji Platformu\u201d ile S\u00f6yle\u015fi- Fatih Bayraktar"},"content":{"rendered":"<p>&nbsp;<\/p>\n<p><i>\u201cMa\u011fusa Kent ve Ekoloji Platformu\u201d, Ma\u011fusa\u2019daki ekolojik tahribata dur demek i\u00e7in yola \u00e7\u0131kan, demokratik kitle \u00f6rg\u00fctlerinin ve partilerin olu\u015fturdu\u011fu gencecik bir yap\u0131. \u0130lk eylemlerinin sonu\u00e7 vermesi ve koruma b\u00f6lgesi olan Ayluga G\u00f6leti\u2019nde \u00f6zel m\u00fclk ad\u0131 alt\u0131nda ger\u00e7ekle\u015fen yap\u0131la\u015fmay\u0131 durdurmalar\u0131yla bir anda herkesin dikkatini \u00e7eken Platformu ve ayr\u0131ca Ma\u011fusa\u2019daki ekolojik sorunlar\u0131 ve \u00e7\u00f6z\u00fcm \u00f6nerilerini, Platformun temsilcilerine sorduk\u2026\u00a0 Argasdi&#8217;nin 51. say\u0131s\u0131nda yer alan bu r\u00f6portaj\u0131 ka\u00e7\u0131rmay\u0131n.<\/i><\/p>\n<p><i>\u00a0<\/i><a href=\"https:\/\/baraka.cc\/wp-content\/uploads\/2018\/09\/1-erol-eminn.jpg\"><img decoding=\"async\" loading=\"lazy\" class=\"wp-image-6319 alignright\" alt=\"1 erol eminn\" src=\"https:\/\/baraka.cc\/wp-content\/uploads\/2018\/09\/1-erol-eminn-300x297.jpg\" width=\"300\" height=\"297\" srcset=\"https:\/\/baraka.cc\/wp-content\/uploads\/2018\/09\/1-erol-eminn-300x297.jpg 300w, https:\/\/baraka.cc\/wp-content\/uploads\/2018\/09\/1-erol-eminn-150x150.jpg 150w, https:\/\/baraka.cc\/wp-content\/uploads\/2018\/09\/1-erol-eminn.jpg 645w\" sizes=\"(max-width: 300px) 100vw, 300px\" \/><\/a><\/p>\n<p><b>Erol Emin (G\u00fcmr\u00fck \u00c7al\u0131\u015fanlar\u0131 Sendikas\u0131 G\u00dc\u00c7-SEN)<\/b><\/p>\n<p><b>B\u00f6yle bir platfrom kurmaya neden ihtiya\u00e7 duydunuz?<\/b><\/p>\n<p>Platform somut bir ihtiya\u00e7 \u00fczerine kuruldu. Ayluga G\u00f6leti\u2019nde usuls\u00fcz bir in\u015faat giri\u015fimine kar\u015f\u0131 hareket ba\u015flat\u0131lm\u0131\u015f oldu. Ba\u011f\u0131ms\u0131zl\u0131k Yolu\u2019nun \u00e7a\u011fr\u0131s\u0131 \u00fczerine biz de G\u00fc\u00e7-Sen olarak icabet ettik. B\u00fct\u00fcn bu olumsuzluklarla m\u00fccadelenin ancak \u00f6rg\u00fctl\u00fc bir yap\u0131yla olabilece\u011fi tespiti yap\u0131ld\u0131. Tabii Ma\u011fusa Liman\u0131\u2019n\u0131ndaki \u00e7evre ko\u015fullar\u0131n\u0131n k\u00f6t\u00fc olmas\u0131 bizi m\u00fccadeleye zorlayan bir fakt\u00f6r oldu.<\/p>\n<p><b>Ma\u011fusa\u2019da ve limanda \u00e7evresel ko\u015fullar nas\u0131l?<\/b><\/p>\n<p>Ma\u011fusa\u2019daki ekolojik tahribat endi\u015fe edilecek seviyeye ula\u015ft\u0131. Evvela DA\u00dc g\u00fcney kamp\u00fcs\u00fcnde g\u00f6lete resmen tecav\u00fcz edilmi\u015f ve ald\u0131\u011f\u0131m\u0131z duyumlara g\u00f6re 7 adet yurt yap\u0131m izni verilmi\u015ftir. Ayr\u0131ca \u00e7arp\u0131k yap\u0131la\u015fma Ma\u011fusa\u2019y\u0131 ya\u015fanmaz hale getirdi. Hi\u00e7bir \u015fey planlanmad\u0131\u011f\u0131 i\u00e7in trafik, kanalizasyon, g\u00fcr\u00fclt\u00fc kirlili\u011fi her g\u00fcn art\u0131yor. Ma\u011fusa Liman\u0131 art\u0131k s\u00fcrd\u00fcr\u00fclemez duruma geldi. \u00c7al\u0131\u015fanlar, limandaki \u00e7ok k\u00f6t\u00fc \u00e7evre ko\u015fullar\u0131ndan dolay\u0131 yak\u0131n gelecekte kanser tehdidi ile kar\u015f\u0131 kar\u015f\u0131ya.<\/p>\n<p><b>\u00c7evre ve ekoloji m\u00fccadelesi sizce neden \u00f6nemli? \u00a0<\/b><\/p>\n<p>Unutulmas\u0131n ki ekolojik tahribat\u0131n tamiri m\u00fcmk\u00fcn de\u011fildir. Yeniden bir Ayluga G\u00f6leti, G\u00fclseren G\u00f6leti yaratamazs\u0131n\u0131z. Yeniden Ma\u011fusa surlar\u0131n\u0131 ve tarihsel dokusunu in\u015fa edemezsiniz. O vakit gelin sahip \u00e7\u0131kal\u0131m.<\/p>\n<p>&nbsp;<\/p>\n<p><b>Ece Balc\u0131 (TDP Ma\u011fusa \u00d6rg\u00fct\u00fc)<\/b><\/p>\n<p><b>Platformda yer alma nedeninizi k\u0131saca a\u00e7\u0131klar m\u0131s\u0131n\u0131z?<\/b><a href=\"https:\/\/baraka.cc\/wp-content\/uploads\/2018\/09\/2-ece-balc\u0131.jpg\"><img decoding=\"async\" loading=\"lazy\" class=\"size-medium wp-image-6320 alignleft\" alt=\"2 ece balc\u0131\" src=\"https:\/\/baraka.cc\/wp-content\/uploads\/2018\/09\/2-ece-balc\u0131-298x300.jpg\" width=\"298\" height=\"300\" srcset=\"https:\/\/baraka.cc\/wp-content\/uploads\/2018\/09\/2-ece-balc\u0131-298x300.jpg 298w, https:\/\/baraka.cc\/wp-content\/uploads\/2018\/09\/2-ece-balc\u0131-150x150.jpg 150w, https:\/\/baraka.cc\/wp-content\/uploads\/2018\/09\/2-ece-balc\u0131-200x200.jpg 200w, https:\/\/baraka.cc\/wp-content\/uploads\/2018\/09\/2-ece-balc\u0131.jpg 671w\" sizes=\"(max-width: 298px) 100vw, 298px\" \/><\/a><\/p>\n<p>Ekolojik dengenin s\u00fcrd\u00fcr\u00fclebilmesi i\u00e7in gerekli olan \u00e7evre ko\u015fullar\u0131n\u0131n sa\u011flanmas\u0131 ve kent ya\u015fam\u0131n\u0131 etkileyen plans\u0131z yap\u0131la\u015fmaya neden olan yasal eksikliklerin giderilmesi i\u00e7in gerekli olan yasa ve t\u00fcz\u00fcklerin haz\u0131rlanmas\u0131na \u0131\u015f\u0131k tutmak amac\u0131 ile Platformun bile\u015feni olmaya karar verdik.<\/p>\n<p><b>Kentinizdeki sorunlara \u00e7\u00f6z\u00fcm \u00f6nerileriniz nelerdir?<\/b><\/p>\n<p>Kanalizasyondaki ar\u0131zan\u0131n giderilmesi ve ar\u0131t\u0131lan suyun kentteki ye\u015fil alan d\u00fczenlemeleri i\u00e7in kullan\u0131lmas\u0131 g\u00f6letteki kirlilik sorununu giderecek, g\u00f6letler do\u011fal ya\u015fama kazand\u0131r\u0131larak sinek ve koku sorunundan kurtar\u0131lacakt\u0131r. Ar\u0131tma tesisinin kapasitesinin de art\u0131r\u0131lmas\u0131 ile kentin geli\u015fimine cevap verilebilecektir.<\/p>\n<p><b>Platformun bundan sonraki hedefleri\u2026<\/b><\/p>\n<p>Ekolojik dengeyi ve kent geli\u015fimini olumsuz etkileyen gayri yasal uygulamalar\u0131 tespit edip engellemek, eksik t\u00fcz\u00fck ve yasalar\u0131 belirlemek ve yap\u0131lacak yasalar\u0131 takip ve kontrol etmek.<\/p>\n<p><b>\u00a0<\/b><\/p>\n<p><b>S\u0131d\u0131ka \u00d6zdo\u011fan (Ma\u011fusa Kad\u0131n Merkezi Derne\u011fi MAKAMER)<\/b><\/p>\n<p><b>Ma\u011fusa\u2019da g\u00f6rd\u00fc\u011f\u00fcn\u00fcz ba\u015fl\u0131ca \u00e7evresel sorunlar nelerdir?<\/b><a href=\"https:\/\/baraka.cc\/wp-content\/uploads\/2018\/09\/3-s\u0131d\u0131ka-\u00f6zdogan.jpg\"><img decoding=\"async\" loading=\"lazy\" class=\"wp-image-6321 alignright\" alt=\"3 s\u0131d\u0131ka \u00f6zdogan\" src=\"https:\/\/baraka.cc\/wp-content\/uploads\/2018\/09\/3-s\u0131d\u0131ka-\u00f6zdogan-300x262.jpg\" width=\"300\" height=\"262\" srcset=\"https:\/\/baraka.cc\/wp-content\/uploads\/2018\/09\/3-s\u0131d\u0131ka-\u00f6zdogan-300x262.jpg 300w, https:\/\/baraka.cc\/wp-content\/uploads\/2018\/09\/3-s\u0131d\u0131ka-\u00f6zdogan.jpg 484w\" sizes=\"(max-width: 300px) 100vw, 300px\" \/><\/a><\/p>\n<p>Ma\u011fusa Liman\u0131\u2019ndaki kirlilik, kentteki insan hayat\u0131n\u0131 tehdit eder boyutlara ula\u015fm\u0131\u015ft\u0131r. Dere yataklar\u0131 doldurulmakta, koruma alt\u0131ndaki sulak alanlarda a\u011fa\u00e7lar kesilmekte, dolgular yap\u0131lmakta, in\u015faat temeli at\u0131lmaktad\u0131r.<\/p>\n<p><b>Sizce bu sorunlar nas\u0131l \u00e7\u00f6z\u00fclebilir?<\/b><\/p>\n<p>Devlet daireleri, kurumlar ve sorumlu merciler i\u015fbirli\u011fi yaparak ka\u00e7ak in\u015faatlar hemen y\u0131k\u0131lmal\u0131 ve temizlenmeli, b\u00f6lge yeniden rehabilite edilmelidir. \u00d6zel \u00c7evre Koruma B\u00f6lgelerindeki yap\u0131la\u015fmalar \u00c7ED (\u00c7evre Etki De\u011ferlendirme) raporu ko\u015fuluna ba\u011flanmal\u0131d\u0131r. Ve tabii ki bunlar i\u00e7in m\u00fccadele gerekir.<\/p>\n<p><b>Platforma kat\u0131lma amac\u0131n\u0131z bu m\u00fccadeleyi b\u00fcy\u00fctmek mi?<\/b><\/p>\n<p>Evet. \u00c7evre Koruma Dairesine, Kaymakaml\u0131\u011fa ve Ma\u011fusa Belediyesine yap\u0131lan t\u00fcm giri\u015fimlere ve yaz\u0131l\u0131 uyar\u0131lara ra\u011fmen Ayluga G\u00f6leti ve di\u011fer sulak alanlarda tahribat, kirlilik ve yasa d\u0131\u015f\u0131 yap\u0131la\u015fmaya izin verilmi\u015f ve duyars\u0131z kal\u0131nm\u0131\u015ft\u0131r. Ayluga G\u00f6leti ve Ma\u011fusa\u2019daki di\u011fer sulak alanlar ve \u00e7evre sorunlar\u0131 ile daha g\u00fc\u00e7l\u00fc, \u00f6rg\u00fctl\u00fc ve s\u00fcrd\u00fcr\u00fclebilir bir m\u00fccadele i\u00e7in Platformda yer almaya karar verdik.<\/p>\n<p><b>\u00a0<\/b><a href=\"https:\/\/baraka.cc\/wp-content\/uploads\/2018\/09\/4-\u00e7ise-sezerel.jpg\"><img decoding=\"async\" loading=\"lazy\" class=\"size-medium wp-image-6322 alignleft\" alt=\"4 \u00e7ise sezerel\" src=\"https:\/\/baraka.cc\/wp-content\/uploads\/2018\/09\/4-\u00e7ise-sezerel-300x196.jpg\" width=\"300\" height=\"196\" srcset=\"https:\/\/baraka.cc\/wp-content\/uploads\/2018\/09\/4-\u00e7ise-sezerel-300x196.jpg 300w, https:\/\/baraka.cc\/wp-content\/uploads\/2018\/09\/4-\u00e7ise-sezerel.jpg 617w\" sizes=\"(max-width: 300px) 100vw, 300px\" \/><\/a><\/p>\n<p><b>\u00c7ise Sezerel (Ba\u011f\u0131ms\u0131zl\u0131k Yolu Ma\u011fusa \u00d6rg\u00fct\u00fc)<\/b><\/p>\n<p><b>Ma\u011fusa\u2019da \u015fehir ve ekolojiyle ilgili ne gibi sorunlar ya\u015fan\u0131yor?<\/b><\/p>\n<p>Ma\u011fusa&#8217;da \u00e7arp\u0131k kentle\u015fme ile her taraf betonla\u015f\u0131yor, \u00d6zel \u00c7evre Koruma B\u00f6lgeleri i\u015fgal ediliyor, sulak alanlar tahrip ediliyor. Ma\u011fusa Liman\u0131\u2019nda ya\u015fanan \u00e7evre kirlili\u011fi insanlar\u0131n sa\u011fl\u0131\u011f\u0131n\u0131 tehdit ediyor.<\/p>\n<p><b>Platform hangi ama\u00e7larla kuruldu?<\/b><\/p>\n<p>\u00d6rg\u00fctl\u00fc sermayenin yaratt\u0131\u011f\u0131 ve g\u00fcnden g\u00fcne artan ekolojik tahribata kar\u015f\u0131 \u00f6rgutl\u00fc ve tek \u00e7at\u0131 alt\u0131nda m\u00fccadele vermenin gereklili\u011finin bilincinde olan yap\u0131lar olarak Ma\u011fusa Kent ve Ekoloji Platformunu kurduk. Platformun amac\u0131 b\u00f6lgemizde ya\u015fanan ekolojik ve kentsel problemlerden rahats\u0131zl\u0131k duyan, ekolojiye duyarl\u0131 t\u00fcm ki\u015fi, \u00f6rg\u00fct ve dernekler ile birlikte m\u00fccadele verilebilecek bir olu\u015fum yaratmak.<\/p>\n<p><b>Son olarak eklemek istedi\u011finiz bir \u015fey\u2026<\/b><\/p>\n<p>Ma\u011fusa&#8217;da s\u00fcrd\u00fcr\u00fclen ekolojik tahribatlardan rahats\u0131z olan t\u00fcm ki\u015fi ve yap\u0131lara Argasdi Dergisi arac\u0131l\u0131\u011f\u0131yla bir kez daha \u00e7a\u011fr\u0131 yapmak istiyoruz. Ma\u011fusa Kent ve Ekoloji Platformuna kat\u0131lmalar\u0131 ve beraber m\u00fccadele vermemiz bizler i\u00e7in, ya\u015fad\u0131\u011f\u0131m\u0131z \u015fehir Ma\u011fusa i\u00e7in \u00e7ok de\u011ferlidir.<\/p>\n<p>&nbsp;<\/p>\n<p><a href=\"https:\/\/baraka.cc\/wp-content\/uploads\/2018\/09\/IMG_9807.jpg\"><img decoding=\"async\" loading=\"lazy\" class=\"alignnone size-medium wp-image-6323\" alt=\"IMG_9807\" src=\"https:\/\/baraka.cc\/wp-content\/uploads\/2018\/09\/IMG_9807-300x225.jpg\" width=\"300\" height=\"225\" srcset=\"https:\/\/baraka.cc\/wp-content\/uploads\/2018\/09\/IMG_9807-300x225.jpg 300w, https:\/\/baraka.cc\/wp-content\/uploads\/2018\/09\/IMG_9807.jpg 960w\" sizes=\"(max-width: 300px) 100vw, 300px\" \/><\/a><\/p>\n","protected":false},"excerpt":{"rendered":"<p>&nbsp; \u201cMa\u011fusa Kent ve Ekoloji Platformu\u201d, Ma\u011fusa\u2019daki ekolojik tahribata dur demek i\u00e7in yola \u00e7\u0131kan, demokratik kitle \u00f6rg\u00fctlerinin ve partilerin olu\u015fturdu\u011fu gencecik bir yap\u0131. \u0130lk eylemlerinin<\/p>\n","protected":false},"author":7,"featured_media":6323,"comment_status":"open","ping_status":"open","sticky":false,"template":"","format":"standard","meta":{"jetpack_post_was_ever_published":false,"_jetpack_newsletter_access":"","_jetpack_newsletter_tier_id":0,"jetpack_publicize_message":"","jetpack_is_tweetstorm":false,"jetpack_publicize_feature_enabled":true,"jetpack_social_post_already_shared":true,"jetpack_social_options":{"image_generator_settings":{"template":"highway","enabled":false}}},"categories":[40,67,44,9,43,1,39],"tags":[],"jetpack_publicize_connections":[],"jetpack_featured_media_url":"https:\/\/baraka.cc\/wp-content\/uploads\/2018\/09\/IMG_9807.jpg","jetpack_shortlink":"https:\/\/wp.me\/p4eHWX-1DU","jetpack_sharing_enabled":true,"_links":{"self":[{"href":"https:\/\/baraka.cc\/index.php?rest_route=\/wp\/v2\/posts\/6318"}],"collection":[{"href":"https:\/\/baraka.cc\/index.php?rest_route=\/wp\/v2\/posts"}],"about":[{"href":"https:\/\/baraka.cc\/index.php?rest_route=\/wp\/v2\/types\/post"}],"author":[{"embeddable":true,"href":"https:\/\/baraka.cc\/index.php?rest_route=\/wp\/v2\/users\/7"}],"replies":[{"embeddable":true,"href":"https:\/\/baraka.cc\/index.php?rest_route=%2Fwp%2Fv2%2Fcomments&post=6318"}],"version-history":[{"count":1,"href":"https:\/\/baraka.cc\/index.php?rest_route=\/wp\/v2\/posts\/6318\/revisions"}],"predecessor-version":[{"id":6324,"href":"https:\/\/baraka.cc\/index.php?rest_route=\/wp\/v2\/posts\/6318\/revisions\/6324"}],"wp:featuredmedia":[{"embeddable":true,"href":"https:\/\/baraka.cc\/index.php?rest_route=\/wp\/v2\/media\/6323"}],"wp:attachment":[{"href":"https:\/\/baraka.cc\/index.php?rest_route=%2Fwp%2Fv2%2Fmedia&parent=6318"}],"wp:term":[{"taxonomy":"category","embeddable":true,"href":"https:\/\/baraka.cc\/index.php?rest_route=%2Fwp%2Fv2%2Fcategories&post=6318"},{"taxonomy":"post_tag","embeddable":true,"href":"https:\/\/baraka.cc\/index.php?rest_route=%2Fwp%2Fv2%2Ftags&post=6318"}],"curies":[{"name":"wp","href":"https:\/\/api.w.org\/{rel}","templated":true}]}}