{"id":6347,"date":"2018-09-28T14:55:28","date_gmt":"2018-09-28T12:55:28","guid":{"rendered":"https:\/\/baraka.cc\/?p=6347"},"modified":"2018-09-28T14:55:28","modified_gmt":"2018-09-28T12:55:28","slug":"izle-tartista-yol-ayrimi-izlenilecek","status":"publish","type":"post","link":"https:\/\/baraka.cc\/?p=6347","title":{"rendered":"\u0130ZLE-TARTI\u015e\u2019TA YOL AYRIMI \u0130ZLEN\u0130LECEK"},"content":{"rendered":"<p><a href=\"https:\/\/baraka.cc\/wp-content\/uploads\/2018\/09\/yol-ayr\u0131m\u0131.jpg\"><img decoding=\"async\" loading=\"lazy\" class=\"alignnone size-medium wp-image-6348\" alt=\"yol ayr\u0131m\u0131\" src=\"https:\/\/baraka.cc\/wp-content\/uploads\/2018\/09\/yol-ayr\u0131m\u0131-300x114.jpg\" width=\"300\" height=\"114\" srcset=\"https:\/\/baraka.cc\/wp-content\/uploads\/2018\/09\/yol-ayr\u0131m\u0131-300x114.jpg 300w, https:\/\/baraka.cc\/wp-content\/uploads\/2018\/09\/yol-ayr\u0131m\u0131-1024x389.jpg 1024w\" sizes=\"(max-width: 300px) 100vw, 300px\" \/><\/a>Baraka\u2019n\u0131n kesintisiz devam eden \u0130zle-Tart\u0131\u015f etkinli\u011fi, serin bir sonbahar ak\u015fam\u0131nda Yol Ayr\u0131m\u0131 filmini izleyiciler ile bulu\u015fturuyor.<\/p>\n<p>&nbsp;<\/p>\n<p>Mazhar, hayat\u0131n\u0131 babas\u0131ndan devrald\u0131\u011f\u0131 teskstil imparatorlu\u011funu b\u00fcy\u00fctmeye adam\u0131\u015ft\u0131r. Bunun i\u00e7in de agresif ve ac\u0131mas\u0131z y\u00f6ntemler izlemekten \u00e7ekinmez. Fakat Mazhar&#8217;\u0131n ya\u015fad\u0131\u011f\u0131 trafik kazas\u0131 bir\u00e7ok \u015feyi de\u011fi\u015ftirir. Kaza Mazhar&#8217;\u0131n hayata yeniden tutunmas\u0131n\u0131 sa\u011flar.\u00a0Belki b\u00f6ylece ge\u00e7mi\u015ften bug\u00fcne fark etmeden ya\u015fad\u0131\u011f\u0131 a\u011f\u0131r y\u00fckten de kurtulabilecektir. Bu de\u011fi\u015fim tabii ki kolay olmayacak, ba\u015fka bir insana d\u00f6n\u00fc\u015fme giri\u015fimleri, ba\u015fta ailesi olmak \u00fczere \u00e7ok ki\u015fiyi kar\u015f\u0131s\u0131na almas\u0131na neden olacakt\u0131r. Mazhar Kozanl\u0131, yapt\u0131\u011f\u0131 tercihin bedelini ya \u00f6demek ya da pes etmekle kar\u015f\u0131 kar\u015f\u0131ya kalacakt\u0131r.\u00a0 Ailesi mi? Yeni tan\u0131\u015ft\u0131\u011f\u0131 arkada\u015flar\u0131 m\u0131? Yoksa \u00e7ocuklu\u011fundan beri d\u00fc\u015fleyip de yapamad\u0131\u011f\u0131 hayallerinin mi pe\u015finden ko\u015facakt\u0131r \u00a0Mazhar?..<\/p>\n<p>&nbsp;<\/p>\n<p>E\u011fer siz de; \u201cHer \u00e7ocu\u011fun i\u00e7inde, ge\u00e7mi\u015fine dair yapmak isteyip de yapamad\u0131\u011f\u0131 ya da ebeveynlerinden isteyip de yap\u0131lmayan bir \u015feyler mutlaka vard\u0131r. O hi\u00e7 unutulmaz, beynimizin bir k\u00f6\u015fesinde durur ve ortaya \u00e7\u0131kaca\u011f\u0131 g\u00fcn\u00fc bekler.\u201d diyorsan\u0131z gelin birlikte izleyelim, birlikte tart\u0131\u015fal\u0131m.<\/p>\n<p>&nbsp;<\/p>\n<p>6 Ekim Cumartesi ak\u015fam\u0131 20:00\u2019de Baraka K\u00fclt\u00fcr Merkezi\u2019nde bulu\u015fal\u0131m. Yol ayr\u0131mlar\u0131m\u0131z\u0131 konu\u015fal\u0131m.<\/p>\n","protected":false},"excerpt":{"rendered":"<p>Baraka\u2019n\u0131n kesintisiz devam eden \u0130zle-Tart\u0131\u015f etkinli\u011fi, serin bir sonbahar ak\u015fam\u0131nda Yol Ayr\u0131m\u0131 filmini izleyiciler ile bulu\u015fturuyor. &nbsp; Mazhar, hayat\u0131n\u0131 babas\u0131ndan devrald\u0131\u011f\u0131 teskstil imparatorlu\u011funu b\u00fcy\u00fctmeye adam\u0131\u015ft\u0131r.<\/p>\n","protected":false},"author":8,"featured_media":6348,"comment_status":"open","ping_status":"open","sticky":false,"template":"","format":"standard","meta":{"jetpack_post_was_ever_published":false,"_jetpack_newsletter_access":"","_jetpack_newsletter_tier_id":0,"jetpack_publicize_message":"","jetpack_is_tweetstorm":false,"jetpack_publicize_feature_enabled":true,"jetpack_social_post_already_shared":true,"jetpack_social_options":{"image_generator_settings":{"template":"highway","enabled":false}}},"categories":[20,45,9,28,60,1],"tags":[],"jetpack_publicize_connections":[],"jetpack_featured_media_url":"https:\/\/baraka.cc\/wp-content\/uploads\/2018\/09\/yol-ayr\u0131m\u0131.jpg","jetpack_shortlink":"https:\/\/wp.me\/p4eHWX-1En","jetpack_sharing_enabled":true,"_links":{"self":[{"href":"https:\/\/baraka.cc\/index.php?rest_route=\/wp\/v2\/posts\/6347"}],"collection":[{"href":"https:\/\/baraka.cc\/index.php?rest_route=\/wp\/v2\/posts"}],"about":[{"href":"https:\/\/baraka.cc\/index.php?rest_route=\/wp\/v2\/types\/post"}],"author":[{"embeddable":true,"href":"https:\/\/baraka.cc\/index.php?rest_route=\/wp\/v2\/users\/8"}],"replies":[{"embeddable":true,"href":"https:\/\/baraka.cc\/index.php?rest_route=%2Fwp%2Fv2%2Fcomments&post=6347"}],"version-history":[{"count":1,"href":"https:\/\/baraka.cc\/index.php?rest_route=\/wp\/v2\/posts\/6347\/revisions"}],"predecessor-version":[{"id":6349,"href":"https:\/\/baraka.cc\/index.php?rest_route=\/wp\/v2\/posts\/6347\/revisions\/6349"}],"wp:featuredmedia":[{"embeddable":true,"href":"https:\/\/baraka.cc\/index.php?rest_route=\/wp\/v2\/media\/6348"}],"wp:attachment":[{"href":"https:\/\/baraka.cc\/index.php?rest_route=%2Fwp%2Fv2%2Fmedia&parent=6347"}],"wp:term":[{"taxonomy":"category","embeddable":true,"href":"https:\/\/baraka.cc\/index.php?rest_route=%2Fwp%2Fv2%2Fcategories&post=6347"},{"taxonomy":"post_tag","embeddable":true,"href":"https:\/\/baraka.cc\/index.php?rest_route=%2Fwp%2Fv2%2Ftags&post=6347"}],"curies":[{"name":"wp","href":"https:\/\/api.w.org\/{rel}","templated":true}]}}