{"id":6350,"date":"2018-10-02T13:58:13","date_gmt":"2018-10-02T11:58:13","guid":{"rendered":"https:\/\/baraka.cc\/?p=6350"},"modified":"2018-10-03T10:52:30","modified_gmt":"2018-10-03T08:52:30","slug":"dunya-yalniz-bizim-degil-hareketi-4-ekim-hayvanlari-koruma-gununde-meclis-onunde-basin-aciklamasi-yapacak","status":"publish","type":"post","link":"https:\/\/baraka.cc\/?p=6350","title":{"rendered":"D\u00fcnya Yaln\u0131z Bizim De\u011fil Hareketi 4 Ekim Hayvanlar\u0131 Koruma G\u00fcn\u00fc\u2019nde Meclis \u00d6n\u00fcnde Bas\u0131n A\u00e7\u0131klamas\u0131 Yapacak"},"content":{"rendered":"<p style=\"text-align: center;\"><a href=\"https:\/\/baraka.cc\/wp-content\/uploads\/2018\/10\/logo.jpg\"><img decoding=\"async\" loading=\"lazy\" class=\"alignnone size-medium wp-image-6351\" alt=\"logo\" src=\"https:\/\/baraka.cc\/wp-content\/uploads\/2018\/10\/logo-300x300.jpg\" width=\"300\" height=\"300\" srcset=\"https:\/\/baraka.cc\/wp-content\/uploads\/2018\/10\/logo-300x300.jpg 300w, https:\/\/baraka.cc\/wp-content\/uploads\/2018\/10\/logo-150x150.jpg 150w, https:\/\/baraka.cc\/wp-content\/uploads\/2018\/10\/logo-200x200.jpg 200w, https:\/\/baraka.cc\/wp-content\/uploads\/2018\/10\/logo.jpg 960w\" sizes=\"(max-width: 300px) 100vw, 300px\" \/><\/a><\/p>\n<p>Hayvan haklar\u0131na duyarl\u0131 pek \u00e7ok \u00f6rg\u00fct ve ki\u015fiden olu\u015fan, Baraka olarak da bile\u015feni oldu\u011fumuz D\u00fcnya Yaln\u0131z Bizim De\u011fil Hareketi, 4 Ekim Hayvanlar\u0131 Koruma G\u00fcn\u00fc\u2019nde Meclis \u00f6n\u00fcnde toplanarak bir bas\u0131n a\u00e7\u0131klamas\u0131 ve eylem ger\u00e7ekle\u015ftirecek.<\/p>\n<p>\u201cHayvan Refah\u0131 Yasas\u0131 \u0130yile\u015ftirilsin\u201d talebinin \u00f6n plana al\u0131nd\u0131\u011f\u0131 eylem, \u00e7al\u0131\u015fan ki\u015filerin \u00f6\u011flen tatilinde kat\u0131labilmesi amac\u0131yla 13.00\u2019de ba\u015flayacak ve 13.15\u2019te bas\u0131na a\u00e7\u0131klama yap\u0131larak 13.30\u2019da son bulacak. Eyleme, t\u00fcm hayvan severler ile iki veya d\u00f6rt ayakl\u0131 dostlar davet edildi.<\/p>\n<p>Sokak hayvanlar\u0131n\u0131n, do\u011fal ya\u015famda var olmaya \u00e7al\u0131\u015fan hayvan t\u00fcrlerinin ve t\u00fcm canl\u0131lar\u0131n haklar\u0131n\u0131n hat\u0131rlat\u0131laca\u011f\u0131 bas\u0131n a\u00e7\u0131klamas\u0131nda, hareketin haz\u0131rlad\u0131\u011f\u0131, TDP Milletvekili H\u00fcseyin Angolemli taraf\u0131ndan Meclis\u2019e sunulmu\u015f olan ve Meclis&#8217;te oybirli\u011fi ile ivedili\u011fi kabul edilen Hayvan Refah\u0131 (De\u011fi\u015fiklik) Yasas\u0131\u2019n\u0131n neler i\u00e7erdi\u011fi de bas\u0131n ve kamuoyuyla payla\u015f\u0131lacak.<\/p>\n<p>Hayvan sever halk\u0131m\u0131z\u0131n ve bas\u0131n emek\u00e7ilerinin ilgisi ve kat\u0131l\u0131m\u0131 \u00f6zlenir.<\/p>\n","protected":false},"excerpt":{"rendered":"<p>Hayvan haklar\u0131na duyarl\u0131 pek \u00e7ok \u00f6rg\u00fct ve ki\u015fiden olu\u015fan, Baraka olarak da bile\u015feni oldu\u011fumuz D\u00fcnya Yaln\u0131z Bizim De\u011fil Hareketi, 4 Ekim Hayvanlar\u0131 Koruma G\u00fcn\u00fc\u2019nde Meclis<\/p>\n","protected":false},"author":3,"featured_media":6352,"comment_status":"open","ping_status":"open","sticky":false,"template":"","format":"standard","meta":{"jetpack_post_was_ever_published":false,"_jetpack_newsletter_access":"","_jetpack_newsletter_tier_id":0,"jetpack_publicize_message":"","jetpack_is_tweetstorm":false,"jetpack_publicize_feature_enabled":true,"jetpack_social_post_already_shared":true,"jetpack_social_options":{"image_generator_settings":{"template":"highway","enabled":false}}},"categories":[47,9,1],"tags":[],"jetpack_publicize_connections":[],"jetpack_featured_media_url":"https:\/\/baraka.cc\/wp-content\/uploads\/2018\/10\/19665215_10155482632637445_8288618434360898828_n.jpg","jetpack_shortlink":"https:\/\/wp.me\/p4eHWX-1Eq","jetpack_sharing_enabled":true,"_links":{"self":[{"href":"https:\/\/baraka.cc\/index.php?rest_route=\/wp\/v2\/posts\/6350"}],"collection":[{"href":"https:\/\/baraka.cc\/index.php?rest_route=\/wp\/v2\/posts"}],"about":[{"href":"https:\/\/baraka.cc\/index.php?rest_route=\/wp\/v2\/types\/post"}],"author":[{"embeddable":true,"href":"https:\/\/baraka.cc\/index.php?rest_route=\/wp\/v2\/users\/3"}],"replies":[{"embeddable":true,"href":"https:\/\/baraka.cc\/index.php?rest_route=%2Fwp%2Fv2%2Fcomments&post=6350"}],"version-history":[{"count":3,"href":"https:\/\/baraka.cc\/index.php?rest_route=\/wp\/v2\/posts\/6350\/revisions"}],"predecessor-version":[{"id":6355,"href":"https:\/\/baraka.cc\/index.php?rest_route=\/wp\/v2\/posts\/6350\/revisions\/6355"}],"wp:featuredmedia":[{"embeddable":true,"href":"https:\/\/baraka.cc\/index.php?rest_route=\/wp\/v2\/media\/6352"}],"wp:attachment":[{"href":"https:\/\/baraka.cc\/index.php?rest_route=%2Fwp%2Fv2%2Fmedia&parent=6350"}],"wp:term":[{"taxonomy":"category","embeddable":true,"href":"https:\/\/baraka.cc\/index.php?rest_route=%2Fwp%2Fv2%2Fcategories&post=6350"},{"taxonomy":"post_tag","embeddable":true,"href":"https:\/\/baraka.cc\/index.php?rest_route=%2Fwp%2Fv2%2Ftags&post=6350"}],"curies":[{"name":"wp","href":"https:\/\/api.w.org\/{rel}","templated":true}]}}