{"id":6374,"date":"2018-10-11T11:54:22","date_gmt":"2018-10-11T09:54:22","guid":{"rendered":"https:\/\/baraka.cc\/?p=6374"},"modified":"2018-10-11T11:54:22","modified_gmt":"2018-10-11T09:54:22","slug":"baraka-kultur-merkezinden-tiyatro-kampi","status":"publish","type":"post","link":"https:\/\/baraka.cc\/?p=6374","title":{"rendered":"Baraka K\u00fclt\u00fcr Merkezi\u2019nden Tiyatro Kamp\u0131"},"content":{"rendered":"<p style=\"text-align: center;\"><a href=\"https:\/\/baraka.cc\/wp-content\/uploads\/2018\/10\/deneme-kamp.jpg\"><img decoding=\"async\" loading=\"lazy\" class=\"alignnone size-medium wp-image-6375\" alt=\"deneme kamp\" src=\"https:\/\/baraka.cc\/wp-content\/uploads\/2018\/10\/deneme-kamp-300x144.jpg\" width=\"300\" height=\"144\" srcset=\"https:\/\/baraka.cc\/wp-content\/uploads\/2018\/10\/deneme-kamp-300x144.jpg 300w, https:\/\/baraka.cc\/wp-content\/uploads\/2018\/10\/deneme-kamp.jpg 960w\" sizes=\"(max-width: 300px) 100vw, 300px\" \/><\/a><\/p>\n<p>Baraka K\u00fclt\u00fcr Merkezi, 27-29 Ekim tarihleri aras\u0131nda Lapta Gen\u00e7lik Kamp\u0131 tesislerinde tiyatro kamp\u0131 d\u00fczenliyor. 15 ya\u015f ve \u00fczeri gen\u00e7lere ve yeti\u015fkinlere y\u00f6nelik tiyatro e\u011fitimlerini i\u00e7eren kamp program\u0131nda, m\u00fczik ve ritim at\u00f6lyeleri, Ya\u015far Ersoy ile s\u00f6yle\u015fi, ezilenlerin tiyatrosu cephaneli\u011finden oyunlar, okuma-tart\u0131\u015fma gruplar\u0131 ve forum tiyatrosu \u00e7al\u0131\u015fmalar\u0131 gibi etkinlikler yer alacak. Derne\u011fin gen\u00e7 ve yeti\u015fkin tiyatro ekiplerinin yan\u0131 s\u0131ra d\u0131\u015far\u0131dan da tiyatro severlere ve e\u011fitimlerle kendini geli\u015ftirmek isteyenlere a\u00e7\u0131k olan kampa kat\u0131l\u0131m i\u00e7in 13 Ekim Cumartesi veya 16 Ekim Sal\u0131 saat 17.30-19.30 aras\u0131nda Baraka K\u00fclt\u00fcr Merkezi\u2019nde kay\u0131t yapt\u0131rmak gerekmekte. Gen\u00e7lik Dairesi taraf\u0131ndan talep edilen \u00fccret 100TL oldu\u011fundan, kampa kat\u0131l\u0131m \u00fccreti \u00f6\u011frenciler i\u00e7in 100TL, yeti\u015fkinler i\u00e7in ise 120TL olarak belirtildi.<\/p>\n<p>Baraka K\u00fclt\u00fcr Merkezi\u2019nden yap\u0131lan a\u00e7\u0131klamada kampla ilgili \u015fu detaylar da belirtildi:<\/p>\n<p>\u2022 Kamp\u0131m\u0131z, tiyatro e\u011fitim \u00e7al\u0131\u015fmalar\u0131na ilgi duyan 15 ya\u015f ve \u00fczeri gen\u00e7 ve yeti\u015fkinlere a\u00e7\u0131kt\u0131r.<br \/>\n\u2022 Ula\u015f\u0131m \u00f6zel arabalarla sa\u011flanacakt\u0131r, arabas\u0131 olmayanlar i\u00e7in ayarlama yap\u0131lacakt\u0131r.<br \/>\n\u2022 4 ki\u015filik odalarda konaklanacakt\u0131r.<br \/>\n\u2022 Kahvalt\u0131, \u00f6\u011flen yeme\u011fi ve ak\u015fam yeme\u011fi verilecektir.<br \/>\n\u2022 Gen\u00e7lik kamp\u0131 tesisi oldu\u011fundan ve 18 ya\u015f\u0131ndan k\u00fc\u00e7\u00fckler de bulundu\u011fundan dolay\u0131 alkoll\u00fc i\u00e7ki getirilmesi kesinlikle yasakt\u0131r.<br \/>\n\u2022 Kamp\u0131m\u0131z\u0131n t\u00fcm\u00fcne kay\u0131t yap\u0131lmas\u0131 gerekmektedir, g\u00fcnl\u00fck kat\u0131l\u0131m veya d\u0131\u015far\u0131dan misafir kabul edilmemektedir.<br \/>\n\u2022 Kamp \u00fccreti \u00f6\u011frenciler i\u00e7in 100TL, yeti\u015fkinler i\u00e7in 120TL.dir. (100TL Gen\u00e7lik Dairesi\u2019nin verdi\u011fi fiyat olup taraf\u0131m\u0131zdan Gen\u00e7lik Dairesi\u2019ne yat\u0131r\u0131lacakt\u0131r. 20TL ise derne\u011fin giderlerine katk\u0131 olarak al\u0131nmaktad\u0131r.)<\/p>\n<p>\u2022 Kay\u0131t ve \u00f6deme, 13 Ekim Cumartesi veya 16 Ekim Sal\u0131 saat 17.30-19.30 aras\u0131nda Baraka K\u00fclt\u00fcr Merkezi\u2019nde yap\u0131lacakt\u0131r.<\/p>\n","protected":false},"excerpt":{"rendered":"<p>Baraka K\u00fclt\u00fcr Merkezi, 27-29 Ekim tarihleri aras\u0131nda Lapta Gen\u00e7lik Kamp\u0131 tesislerinde tiyatro kamp\u0131 d\u00fczenliyor. 15 ya\u015f ve \u00fczeri gen\u00e7lere ve yeti\u015fkinlere y\u00f6nelik tiyatro e\u011fitimlerini i\u00e7eren<\/p>\n","protected":false},"author":3,"featured_media":6375,"comment_status":"open","ping_status":"open","sticky":false,"template":"","format":"standard","meta":{"jetpack_post_was_ever_published":false,"_jetpack_newsletter_access":"","_jetpack_newsletter_tier_id":0,"jetpack_publicize_message":"","jetpack_is_tweetstorm":false,"jetpack_publicize_feature_enabled":true,"jetpack_social_post_already_shared":true,"jetpack_social_options":{"image_generator_settings":{"template":"highway","enabled":false}}},"categories":[70,21,20,9,1],"tags":[],"jetpack_publicize_connections":[],"jetpack_featured_media_url":"https:\/\/baraka.cc\/wp-content\/uploads\/2018\/10\/deneme-kamp.jpg","jetpack_shortlink":"https:\/\/wp.me\/p4eHWX-1EO","jetpack_sharing_enabled":true,"_links":{"self":[{"href":"https:\/\/baraka.cc\/index.php?rest_route=\/wp\/v2\/posts\/6374"}],"collection":[{"href":"https:\/\/baraka.cc\/index.php?rest_route=\/wp\/v2\/posts"}],"about":[{"href":"https:\/\/baraka.cc\/index.php?rest_route=\/wp\/v2\/types\/post"}],"author":[{"embeddable":true,"href":"https:\/\/baraka.cc\/index.php?rest_route=\/wp\/v2\/users\/3"}],"replies":[{"embeddable":true,"href":"https:\/\/baraka.cc\/index.php?rest_route=%2Fwp%2Fv2%2Fcomments&post=6374"}],"version-history":[{"count":1,"href":"https:\/\/baraka.cc\/index.php?rest_route=\/wp\/v2\/posts\/6374\/revisions"}],"predecessor-version":[{"id":6376,"href":"https:\/\/baraka.cc\/index.php?rest_route=\/wp\/v2\/posts\/6374\/revisions\/6376"}],"wp:featuredmedia":[{"embeddable":true,"href":"https:\/\/baraka.cc\/index.php?rest_route=\/wp\/v2\/media\/6375"}],"wp:attachment":[{"href":"https:\/\/baraka.cc\/index.php?rest_route=%2Fwp%2Fv2%2Fmedia&parent=6374"}],"wp:term":[{"taxonomy":"category","embeddable":true,"href":"https:\/\/baraka.cc\/index.php?rest_route=%2Fwp%2Fv2%2Fcategories&post=6374"},{"taxonomy":"post_tag","embeddable":true,"href":"https:\/\/baraka.cc\/index.php?rest_route=%2Fwp%2Fv2%2Ftags&post=6374"}],"curies":[{"name":"wp","href":"https:\/\/api.w.org\/{rel}","templated":true}]}}