{"id":6393,"date":"2018-10-18T10:32:15","date_gmt":"2018-10-18T08:32:15","guid":{"rendered":"https:\/\/baraka.cc\/?p=6393"},"modified":"2018-10-18T10:32:15","modified_gmt":"2018-10-18T08:32:15","slug":"nenemin-deyisiynan-kibris-kulturu-uzerine-yazilar-isimli-kitap-cikti","status":"publish","type":"post","link":"https:\/\/baraka.cc\/?p=6393","title":{"rendered":"\u201cNenemin Deyi\u015fiynan (K\u0131br\u0131s K\u00fclt\u00fcr\u00fc \u00dczerine Yaz\u0131lar)\u201d \u0130simli Kitap \u00c7\u0131kt\u0131"},"content":{"rendered":"<p>\u015eifa Al\u00e7\u0131c\u0131o\u011flu\u2019nun yazd\u0131\u011f\u0131 \u201cNenemin Deyi\u015fiynan (K\u0131br\u0131s K\u00fclt\u00fcr\u00fc \u00dczerine Yaz\u0131lar)\u201d isimli kitap Argasdi yay\u0131nlar\u0131ndan \u00e7\u0131kt\u0131. Kitap, Baraka K\u00fclt\u00fcr Merkezi\u2019nin k\u00fclt\u00fcr-sanat-politika dergisi Argasdi\u2019de 2012 y\u0131l\u0131ndan bu yana yay\u0131mlanan k\u00fclt\u00fcre dair yaz\u0131lardan olu\u015fmakta. \u00c7ocuk oyunlar\u0131m\u0131zdan ovalar\u0131m\u0131zda yeti\u015fen yabani bitkilere, \u00f6zg\u00fcr K\u0131br\u0131s e\u015feklerinin tarihinden goncoloz hikayelerine, de\u011fi\u015fen \u00f6l\u00e7\u00fc birimlerinden kaybolan mesleklere kadar \u00e7ok \u00e7e\u015fitli temalarda ara\u015ft\u0131rma yaz\u0131lar\u0131n\u0131n yer ald\u0131\u011f\u0131 \u201cNenemin Deyi\u015fiynan\u201d, Mehmet Altuner ve Mustafa Korkut\u2019un ar\u015fivinden eski K\u0131br\u0131s foto\u011fraflar\u0131yla da zenginle\u015ftirildi.<\/p>\n<p>K\u00fclt\u00fcr Dairesi\u2019nin maddi katk\u0131lar\u0131yla bas\u0131lan kitap, \u201cHem akademik anlamda ara\u015ft\u0131rma yapan ki\u015filere hem de k\u00fclt\u00fcr\u00fcn\u00fc \u00f6\u011frenip yeni nesillere aktarma sorumlulu\u011fu hissedenlere faydal\u0131 olaca\u011f\u0131 inanc\u0131nday\u0131z. Ayr\u0131ca s\u00fcrekli g\u00f6\u00e7 alan \u00e7ok k\u00fclt\u00fcrl\u00fc adam\u0131zda, bir yandan k\u00fclt\u00fcrel asimilasyona direni\u015f niteli\u011finde olaca\u011f\u0131n\u0131, di\u011fer yandan da k\u00fclt\u00fcrlerin kayna\u015fmas\u0131na hizmet edece\u011fini umuyoruz.\u201d s\u00f6zleriyle okura sunuluyor.<\/p>\n<p>Kitab\u0131n yazar\u0131 \u015eifa Al\u00e7\u0131c\u0131o\u011flu, 1983 Lefko\u015fa do\u011fumlu olup 2005 y\u0131l\u0131ndan bu yana ilko\u00adkul \u00f6\u011fretmeni olarak g\u00f6rev yapmakta. Baraka K\u00fclt\u00fcr Merkezi\u2019nde on y\u0131l\u0131 a\u015fk\u0131n bir s\u00fcre boyunca amat\u00f6r tiyatro oyunculu\u011fu\u00adnu deneyimleyen yazar, sanat\u0131 ve k\u00fclt\u00fcr\u00fc i\u00e7inde bar\u0131nd\u0131ran, ayn\u0131 zamanda \u00fclke sorunlar\u0131 ve toplumsal konular hakk\u0131nda fikir beyan eden Argasdi dergisinin edit\u00f6ryal i\u015f\u00adlerinin yap\u0131ld\u0131\u011f\u0131 Hammaliye Kurulu\u2019nda \u00e7al\u0131\u015fmakta. Ayr\u0131ca Baraka Yaz Kurslar\u0131nda ve Kad\u0131n E\u011fitimi Kolektifinde g\u00f6n\u00fcll\u00fc e\u011fitmenlik yapmakta.<\/p>\n<p>Yay\u0131na haz\u0131rlanmas\u0131n\u0131 Aziz G\u00fcven ve Nazen \u015eansal\u2019\u0131n \u00fcstlendi\u011fi kitab\u0131n kapak ve sayfa tasar\u0131m\u0131 Mustafa Batak ve Erkal T\u00fclek\u2019e ait. Argasdi Yay\u0131nlar\u0131\u2019n\u0131n d\u00f6rd\u00fcnc\u00fc kitab\u0131 olan 112 sayfal\u0131k eser, 20TL. okur katk\u0131s\u0131 kar\u015f\u0131l\u0131\u011f\u0131nda t\u00fcm kitap evlerinden temin edilebilir.<\/p>\n<p style=\"text-align: center;\"><b>\u00a0<a href=\"https:\/\/baraka.cc\/wp-content\/uploads\/2018\/10\/44252434_2224100861210291_6802416512469565440_n.jpg\"><img decoding=\"async\" loading=\"lazy\" class=\"alignnone size-medium wp-image-6394\" alt=\"44252434_2224100861210291_6802416512469565440_n\" src=\"https:\/\/baraka.cc\/wp-content\/uploads\/2018\/10\/44252434_2224100861210291_6802416512469565440_n-300x128.jpg\" width=\"300\" height=\"128\" srcset=\"https:\/\/baraka.cc\/wp-content\/uploads\/2018\/10\/44252434_2224100861210291_6802416512469565440_n-300x128.jpg 300w, https:\/\/baraka.cc\/wp-content\/uploads\/2018\/10\/44252434_2224100861210291_6802416512469565440_n-1024x440.jpg 1024w, https:\/\/baraka.cc\/wp-content\/uploads\/2018\/10\/44252434_2224100861210291_6802416512469565440_n.jpg 2048w\" sizes=\"(max-width: 300px) 100vw, 300px\" \/><\/a><\/b><\/p>\n<p><b>Tan\u0131t\u0131m B\u00fclteni:<\/b><\/p>\n<p><i>\u201cNenemin Deyi\u015fiynan (K\u0131br\u0131s K\u00fclt\u00fcr\u00fc \u00dczerine<\/i><\/p>\n<p><i>Yaz\u0131lar)\u201d, 2012 y\u0131l\u0131ndan bu yana Argasdi<\/i><\/p>\n<p><i>dergisinin k\u00fclt\u00fcr sayfas\u0131nda yay\u0131mlanan<\/i><\/p>\n<p><i>yaz\u0131lardan olu\u015fmaktad\u0131r. \u015eifa (Sofu) nenenin<\/i><\/p>\n<p><i>anlatt\u0131klar\u0131ndan ilham al\u0131narak haz\u0131rlanan bu<\/i><\/p>\n<p><i>kitap, K\u0131br\u0131s tarihi ve k\u00fclt\u00fcr\u00fc konusunda \u00e7e\u015fitli<\/i><\/p>\n<p><i>kaynaklardan yap\u0131lan derin ara\u015ft\u0131rmalar\u0131 da<\/i><\/p>\n<p><i>i\u00e7ermektedir. Kitab\u0131n, hem akademik anlamda<\/i><\/p>\n<p><i>ara\u015ft\u0131rma yapan ki\u015filere hem de k\u00fclt\u00fcr\u00fcn\u00fc<\/i><\/p>\n<p><i>\u00f6\u011frenip yeni nesillere aktarma sorumlulu\u011fu<\/i><\/p>\n<p><i>hissedenlere faydal\u0131 olaca\u011f\u0131 inanc\u0131nday\u0131z.<\/i><\/p>\n<p><i>Ayr\u0131ca s\u00fcrekli g\u00f6\u00e7 alan \u00e7ok k\u00fclt\u00fcrl\u00fc adam\u0131zda,<\/i><\/p>\n<p><i>bir yandan k\u00fclt\u00fcrel asimilasyona direni\u015fe;<\/i><\/p>\n<p><i>di\u011fer yandan k\u00fclt\u00fcrlerin, halklar\u0131n karde\u015fli\u011fi<\/i><\/p>\n<p><i>temelinde kayna\u015fmas\u0131na hizmet edece\u011fini<\/i><\/p>\n<p><i>umuyoruz. Kopar\u0131lan k\u00f6klerimizi hat\u0131rlamaya<\/i><\/p>\n<p><i>\u015fifa olmas\u0131 dile\u011fiyle&#8230;<\/i><\/p>\n<p><i>\u00a0<\/i><\/p>\n","protected":false},"excerpt":{"rendered":"<p>\u015eifa Al\u00e7\u0131c\u0131o\u011flu\u2019nun yazd\u0131\u011f\u0131 \u201cNenemin Deyi\u015fiynan (K\u0131br\u0131s K\u00fclt\u00fcr\u00fc \u00dczerine Yaz\u0131lar)\u201d isimli kitap Argasdi yay\u0131nlar\u0131ndan \u00e7\u0131kt\u0131. Kitap, Baraka K\u00fclt\u00fcr Merkezi\u2019nin k\u00fclt\u00fcr-sanat-politika dergisi Argasdi\u2019de 2012 y\u0131l\u0131ndan bu yana<\/p>\n","protected":false},"author":3,"featured_media":6394,"comment_status":"open","ping_status":"open","sticky":false,"template":"","format":"standard","meta":{"jetpack_post_was_ever_published":false,"_jetpack_newsletter_access":"","_jetpack_newsletter_tier_id":0,"jetpack_publicize_message":"","jetpack_is_tweetstorm":false,"jetpack_publicize_feature_enabled":true,"jetpack_social_post_already_shared":true,"jetpack_social_options":{"image_generator_settings":{"template":"highway","enabled":false}}},"categories":[40,9,1,39],"tags":[],"jetpack_publicize_connections":[],"jetpack_featured_media_url":"https:\/\/baraka.cc\/wp-content\/uploads\/2018\/10\/44252434_2224100861210291_6802416512469565440_n.jpg","jetpack_shortlink":"https:\/\/wp.me\/p4eHWX-1F7","jetpack_sharing_enabled":true,"_links":{"self":[{"href":"https:\/\/baraka.cc\/index.php?rest_route=\/wp\/v2\/posts\/6393"}],"collection":[{"href":"https:\/\/baraka.cc\/index.php?rest_route=\/wp\/v2\/posts"}],"about":[{"href":"https:\/\/baraka.cc\/index.php?rest_route=\/wp\/v2\/types\/post"}],"author":[{"embeddable":true,"href":"https:\/\/baraka.cc\/index.php?rest_route=\/wp\/v2\/users\/3"}],"replies":[{"embeddable":true,"href":"https:\/\/baraka.cc\/index.php?rest_route=%2Fwp%2Fv2%2Fcomments&post=6393"}],"version-history":[{"count":1,"href":"https:\/\/baraka.cc\/index.php?rest_route=\/wp\/v2\/posts\/6393\/revisions"}],"predecessor-version":[{"id":6395,"href":"https:\/\/baraka.cc\/index.php?rest_route=\/wp\/v2\/posts\/6393\/revisions\/6395"}],"wp:featuredmedia":[{"embeddable":true,"href":"https:\/\/baraka.cc\/index.php?rest_route=\/wp\/v2\/media\/6394"}],"wp:attachment":[{"href":"https:\/\/baraka.cc\/index.php?rest_route=%2Fwp%2Fv2%2Fmedia&parent=6393"}],"wp:term":[{"taxonomy":"category","embeddable":true,"href":"https:\/\/baraka.cc\/index.php?rest_route=%2Fwp%2Fv2%2Fcategories&post=6393"},{"taxonomy":"post_tag","embeddable":true,"href":"https:\/\/baraka.cc\/index.php?rest_route=%2Fwp%2Fv2%2Ftags&post=6393"}],"curies":[{"name":"wp","href":"https:\/\/api.w.org\/{rel}","templated":true}]}}