{"id":6397,"date":"2018-10-19T08:09:59","date_gmt":"2018-10-19T06:09:59","guid":{"rendered":"https:\/\/baraka.cc\/?p=6397"},"modified":"2019-07-31T11:47:28","modified_gmt":"2019-07-31T09:47:28","slug":"baraka-okuma-tartisma-grubu-aynalar-kitabina-basliyor","status":"publish","type":"post","link":"https:\/\/baraka.cc\/?p=6397","title":{"rendered":"BARAKA OKUMA-TARTI\u015eMA GRUBU &#8220;AYNALAR&#8221; K\u0130TABINA BA\u015eLIYOR"},"content":{"rendered":"<p>Baraka Okuma \u2013 Tart\u0131\u015fma Grubu, bir s\u00fcredir okudu\u011fu\u00a0 Stefan Zweig \u00a0taraf\u0131ndan kaleme al\u0131nm\u0131\u015f \u201cSatran\u00e7\u201d kitab\u0131n\u0131 tamamlayarak, okunacak yeni kitab\u0131 belirledi.<\/p>\n<p><b>Yeni Kitap: &#8220;Aynalar&#8221;<\/b><\/p>\n<p><a href=\"https:\/\/baraka.cc\/wp-content\/uploads\/2018\/10\/Aynalar.jpg\"><img decoding=\"async\" loading=\"lazy\" class=\"alignleft size-medium wp-image-6398\" alt=\"Aynalar\" src=\"https:\/\/baraka.cc\/wp-content\/uploads\/2018\/10\/Aynalar-205x300.jpg\" width=\"205\" height=\"300\" srcset=\"https:\/\/baraka.cc\/wp-content\/uploads\/2018\/10\/Aynalar-205x300.jpg 205w, https:\/\/baraka.cc\/wp-content\/uploads\/2018\/10\/Aynalar.jpg 343w\" sizes=\"(max-width: 205px) 100vw, 205px\" \/><\/a><\/p>\n<p>&nbsp;<\/p>\n<blockquote><p><em>\u201cBen hat\u0131rlama tak\u0131nt\u0131s\u0131 olan bir insan\u0131m,\u201d diyor Eduardo Galeano, tarih\u00e7i olarak an\u0131lmas\u0131na itiraz ederek. \u201cHer \u015feyden \u00e7ok da Amerika\u2019n\u0131n, unutkanl\u0131ktan mustarip Latin Amerika\u2019n\u0131n ge\u00e7mi\u015fini hat\u0131rlama tak\u0131nt\u0131m var.\u201d<\/em><\/p>\n<p><em>Ancak bu kez d\u00fcnyan\u0131n b\u00fct\u00fcn co\u011frafyalar\u0131n\u0131 dola\u015farak, fiziki oldu\u011fu kadar zihinlerdeki s\u0131n\u0131rlar\u0131n da \u00f6tesine ge\u00e7erek, unutulmu\u015f ya da \u00f6\u011fretilmemi\u015f bamba\u015fka bir tarihi hat\u0131rlat\u0131yor Galeano. Her \u015feyin \u00f6z\u00fcne inmeye \u00e7al\u0131\u015fan minimalist ve n\u00fcktedan diliyle, fazladan tek bir kelime kullanmayarak; eski \u00e7a\u011flardan g\u00fcn\u00fcm\u00fcze tarihi, edebi, politik anekdotlarla ve ba\u015fka bir bak\u0131\u015f a\u00e7\u0131s\u0131yla \u201cNeredeyse Evrensel Bir Tarih\u201d.<\/em><\/p>\n<p><em>Alternatif tarih yaz\u0131m\u0131n\u0131n en g\u00fczel \u00f6rneklerinden biri olan<b>\u00a0Aynalar<\/b>, insanl\u0131k tarihinin ac\u0131 ancak umut dolu b\u00fct\u00fcn ayr\u0131nt\u0131lar\u0131nda soluk ald\u0131rarak, d\u00fcnyaya bak\u0131\u015f\u0131n\u0131z\u0131 de\u011fi\u015ftirmeyi vaat ediyor ve Eduardo Galeano bir kez daha \u201cd\u00fcnyan\u0131n vicdan\u0131\u201d olmaya devam ediyor.<\/em><\/p><\/blockquote>\n<p>&nbsp;<\/p>\n<p>\u0130steyen herkesin dahil olabilece\u011fi Okuma \u2013 Tart\u0131\u015fma Grubu, 24 Ekim \u00c7ar\u015famba\u2019dan ba\u015flayarak her \u00e7ar\u015famba saat 18.20-19.30 aras\u0131nda okumalar\u0131na devam edecektir. Dileyen herkesi, insanl\u0131k tarihini anlatan bu harika kitab\u0131 birlikte okumaya bekleriz.<\/p>\n","protected":false},"excerpt":{"rendered":"<p>Baraka Okuma \u2013 Tart\u0131\u015fma Grubu, bir s\u00fcredir okudu\u011fu\u00a0 Stefan Zweig \u00a0taraf\u0131ndan kaleme al\u0131nm\u0131\u015f \u201cSatran\u00e7\u201d kitab\u0131n\u0131 tamamlayarak, okunacak yeni kitab\u0131 belirledi. Yeni Kitap: &#8220;Aynalar&#8221; &nbsp; \u201cBen<\/p>\n","protected":false},"author":11,"featured_media":6398,"comment_status":"open","ping_status":"open","sticky":false,"template":"","format":"standard","meta":{"jetpack_post_was_ever_published":false,"_jetpack_newsletter_access":"","_jetpack_newsletter_tier_id":0,"jetpack_publicize_message":"","jetpack_is_tweetstorm":false,"jetpack_publicize_feature_enabled":true,"jetpack_social_post_already_shared":true,"jetpack_social_options":{"image_generator_settings":{"template":"highway","enabled":false}}},"categories":[20,9,31,30,1],"tags":[],"jetpack_publicize_connections":[],"jetpack_featured_media_url":"https:\/\/baraka.cc\/wp-content\/uploads\/2018\/10\/Aynalar.jpg","jetpack_shortlink":"https:\/\/wp.me\/p4eHWX-1Fb","jetpack_sharing_enabled":true,"_links":{"self":[{"href":"https:\/\/baraka.cc\/index.php?rest_route=\/wp\/v2\/posts\/6397"}],"collection":[{"href":"https:\/\/baraka.cc\/index.php?rest_route=\/wp\/v2\/posts"}],"about":[{"href":"https:\/\/baraka.cc\/index.php?rest_route=\/wp\/v2\/types\/post"}],"author":[{"embeddable":true,"href":"https:\/\/baraka.cc\/index.php?rest_route=\/wp\/v2\/users\/11"}],"replies":[{"embeddable":true,"href":"https:\/\/baraka.cc\/index.php?rest_route=%2Fwp%2Fv2%2Fcomments&post=6397"}],"version-history":[{"count":3,"href":"https:\/\/baraka.cc\/index.php?rest_route=\/wp\/v2\/posts\/6397\/revisions"}],"predecessor-version":[{"id":6401,"href":"https:\/\/baraka.cc\/index.php?rest_route=\/wp\/v2\/posts\/6397\/revisions\/6401"}],"wp:featuredmedia":[{"embeddable":true,"href":"https:\/\/baraka.cc\/index.php?rest_route=\/wp\/v2\/media\/6398"}],"wp:attachment":[{"href":"https:\/\/baraka.cc\/index.php?rest_route=%2Fwp%2Fv2%2Fmedia&parent=6397"}],"wp:term":[{"taxonomy":"category","embeddable":true,"href":"https:\/\/baraka.cc\/index.php?rest_route=%2Fwp%2Fv2%2Fcategories&post=6397"},{"taxonomy":"post_tag","embeddable":true,"href":"https:\/\/baraka.cc\/index.php?rest_route=%2Fwp%2Fv2%2Ftags&post=6397"}],"curies":[{"name":"wp","href":"https:\/\/api.w.org\/{rel}","templated":true}]}}