{"id":6406,"date":"2018-10-22T10:23:50","date_gmt":"2018-10-22T08:23:50","guid":{"rendered":"https:\/\/baraka.cc\/?p=6406"},"modified":"2018-10-22T10:23:50","modified_gmt":"2018-10-22T08:23:50","slug":"kriz-ve-argasdi-hammaliye-kurulu","status":"publish","type":"post","link":"https:\/\/baraka.cc\/?p=6406","title":{"rendered":"Kriz ve Argasdi &#8211; Hammaliye Kurulu"},"content":{"rendered":"<p align=\"center\"><a href=\"https:\/\/baraka.cc\/wp-content\/uploads\/2018\/10\/43173515_189258171971505_4551608316538650624_n.jpg\"><img decoding=\"async\" loading=\"lazy\" class=\"alignnone size-medium wp-image-6368\" alt=\"43173515_189258171971505_4551608316538650624_n\" src=\"https:\/\/baraka.cc\/wp-content\/uploads\/2018\/10\/43173515_189258171971505_4551608316538650624_n-211x300.jpg\" width=\"211\" height=\"300\" srcset=\"https:\/\/baraka.cc\/wp-content\/uploads\/2018\/10\/43173515_189258171971505_4551608316538650624_n-211x300.jpg 211w, https:\/\/baraka.cc\/wp-content\/uploads\/2018\/10\/43173515_189258171971505_4551608316538650624_n.jpg 678w\" sizes=\"(max-width: 211px) 100vw, 211px\" \/><\/a><\/p>\n<p>Kavurucu yaz s\u0131caklar\u0131n\u0131 yava\u015f yava\u015f geride b\u0131rakt\u0131\u011f\u0131m\u0131z bu g\u00fcnlerde, ya\u015famakta oldu\u011fumuz ekonomik kriz hen\u00fcz hazana bile h\u00fcz\u00fcnlenemeden \u201ckara k\u0131\u015f\u201d misali \u00e7al\u0131verdi kap\u0131lar\u0131m\u0131z\u0131&#8230; Bir anda pahal\u0131la\u015fan hayatlar ya\u015fanamaz hale gelirken, y\u0131llard\u0131r binbir t\u00fcrl\u00fc cambazl\u0131kla ge\u00e7inebilmeye \u00e7al\u0131\u015fan emek\u00e7ilerin bu \u201cyetenekleri\u201d bile art\u0131k yetemiyor insanca ya\u015fayabilmelerine&#8230; Halk\u0131n al\u0131m g\u00fcc\u00fc \u00fczerindeki etkilerini ciddi bir \u015fekilde hissettiren ekonomik kriz, maliyetler noktas\u0131nda bir\u00e7ok alana yay\u0131l\u0131rken, ku\u015fkusuz Argasdi de \u00a0\u00a0al\u0131yor t\u00fcm bunlardan pay\u0131n\u0131&#8230;<\/p>\n<p>15 y\u0131ld\u0131r kesintisiz bir \u015fekilde s\u00fcrd\u00fcrd\u00fc\u011f\u00fc yay\u0131n hayat\u0131na k\u00fclt\u00fcr, sanat, politika alanlar\u0131nda \u00e7ok say\u0131da makale s\u0131\u011fd\u0131rabildi\u011fimiz dergimizi bir taraftan okuyucular\u0131na \u00a0bir kez daha ula\u015ft\u0131rabilmenin mutlulu\u011funu ya\u015farken, di\u011fer taraftan ise krizin Euro ile \u00e7al\u0131\u015fan matbaalar\u0131n fiyatlar\u0131n\u0131 olumsuz y\u00f6nde etkilemesinin, ka\u011f\u0131tlar\u0131n geri d\u00f6n\u00fc\u015f\u00fcm\u00fc ve \u00fcretimi ile ilgili teknolojilerin \u00fclkemizde olmay\u0131\u015f\u0131n\u0131n yaratt\u0131\u011f\u0131 d\u00f6vize ba\u011f\u0131ml\u0131 olma durumunun Argasdi\u2019nin gelece\u011fini ciddi bir \u015fekilde etkileyecek olu\u015funun da buruklu\u011funu ya\u015f\u0131yoruz. \u00dcretimden kopar\u0131lan \u00fclkemiz \u015f\u00f6yle dursun, T\u00fcrkiye\u2019de de SEKA ka\u011f\u0131t fabrikas\u0131n\u0131n \u00f6nce \u00f6zelle\u015ftirilip sonra kapat\u0131lmas\u0131 sonucu matbaa maliyetlerinin d\u00f6vize endeksli olmas\u0131 t\u00fcm alternatif ve muhalif bas\u0131n\u0131 olumsuz etkilemekte, \u00fclkemiz bas\u0131n\u0131 ve Argasdimiz de bundan nasibini almaktad\u0131r. \u00dc\u00e7 ayl\u0131k periyotlar ile \u00e7\u0131kard\u0131\u011f\u0131m\u0131z, yazarlar\u0131, \u00e7izerleri ve g\u00f6n\u00fcll\u00fc aktivistleri taraf\u0131ndan t\u00fcm b\u00f6lgelerdeki okurlar\u0131na elden ula\u015ft\u0131rmaya \u00e7al\u0131\u015ft\u0131\u011f\u0131m\u0131z dergimiz; \u00e7\u0131kt\u0131\u011f\u0131 ilk g\u00fcnden beri, yay\u0131n politikas\u0131nda herhangi bir fikir taraf\u0131ndan y\u00f6nlendirilmemeyi, icazet almamay\u0131, dolay\u0131s\u0131yla fonlanmaya ve reklam almaya kar\u015f\u0131 olmay\u0131 savunarak \u00fccretsiz bir \u015fekilde okurlara ula\u015fmay\u0131 prensip edinmi\u015ftir. Mali anlamda ise yay\u0131n hayat\u0131n\u0131, asl\u0131nda bele\u015f olmas\u0131 arzu edilse de gelece\u011fi d\u00fc\u015f\u00fcn\u00fclerek \u201cokurlar\u0131n\u0131n katk\u0131s\u0131\u201d ile s\u00fcrd\u00fcrmektedir. \u00dclkemizdeki g\u00fcnl\u00fck gazetelerin de fiyatlar\u0131n\u0131 art\u0131rmak zorunda kald\u0131\u011f\u0131 bu ekonomik kriz ko\u015fullar\u0131nda, fikirlerin okuyucular\u0131 ile payla\u015f\u0131labilmesinin ve derginin yay\u0131n hayat\u0131n\u0131n devaml\u0131l\u0131\u011f\u0131 a\u00e7\u0131s\u0131ndan ne yaz\u0131k ki \u00f6n\u00fcm\u00fczdeki y\u0131l \u201cokur katk\u0131s\u0131\u201dn\u0131 bizim de art\u0131rmak zorunda kalabilece\u011fimizi \u00fcz\u00fclerek sizlerle payla\u015fmak isteriz. Krizi okurlar\u0131m\u0131za yans\u0131tmamak ad\u0131na alabilece\u011fimiz t\u00fcm \u00f6nlemleri ald\u0131k; elinizde tuttu\u011funuz derginin i\u00e7erik zenginli\u011finden \u00f6d\u00fcn vermeden, kapak kalitesini ve sayfa say\u0131s\u0131n\u0131 azaltmak zorundayd\u0131k.<\/p>\n<p>Dergimizin 52. say\u0131s\u0131nda dosya konumuzu \u00fclkenin birinci s\u0131radaki g\u00fcndemine, krize ay\u0131rd\u0131k. \u00dclkemizin ekonomik ve siyasi a\u00e7\u0131dan TC\u2019ye ba\u011fl\u0131 durumu, TL\u2019nin d\u00f6viz kar\u015f\u0131s\u0131nda de\u011fer kayb\u0131 ve para birimi olarak TL\u2019nin kullan\u0131lmas\u0131, T\u00fcrkiye\u2019de ba\u015flayan ekonomik krizin etkilerinin ayn\u0131 anda ve \u00e7ok ciddi \u015fekilde burada da ya\u015fanmas\u0131na sebep olmu\u015ftur. Ancak krizin toplumun her kesimini ayn\u0131 oranda etkilemedi\u011fi de g\u00f6z ard\u0131 edilemeyecek bir ger\u00e7ektir. Bir taraftan al\u0131m g\u00fcc\u00fc d\u00fc\u015fen ve g\u00fcnden g\u00fcne daha da fakirle\u015fen emek\u00e7i y\u0131\u011f\u0131nlar\u0131 krizin yaratt\u0131\u011f\u0131 t\u00fcm olumsuzluklara kar\u015f\u0131 hayatta kalabilmek i\u00e7in \u00e7abalarken, di\u011fer yandan kapitalizm t\u0131k\u0131r t\u0131k\u0131r i\u015flemeye devam etmekte; tekelle\u015fen sermaye ile neoliberal ekonomi politikalar\u0131n\u0131 devletlere daha kolay dayatarak krizi f\u0131rsata d\u00f6n\u00fc\u015ft\u00fcrmektedir.<\/p>\n<p>Dosya konusu olarak g\u00fcn\u00fcm\u00fczde ya\u015fan\u0131lan krizin tarihsel arka plan\u0131na, krizin kimin krizi oldu\u011funa ve en \u00e7ok hangi kesimleri etkiledi\u011fine y\u00f6nelik makalelere yer verdi\u011fimiz dergimizde ayrca krize kar\u015f\u0131 verilmesi gereken siyasi, ekonomik ve politik m\u00fccadeleler ile ilgili fikirlerimizi sizlerle payla\u015fmaya \u00e7al\u0131\u015ft\u0131k. Krize kar\u015f\u0131 direnmenin, m\u00fccadele etmenin, kriz ko\u015fullar\u0131n\u0131 ortadan kald\u0131rman\u0131n ve kapitalizmi y\u0131k\u0131p ba\u015fka bir d\u00fcnyay\u0131 yaratman\u0131n yollar\u0131 elbette ki vard\u0131r. Ancak unutmamam\u0131z gerekir ki kapitalizme ve do\u011fas\u0131 gere\u011fi ihtiya\u00e7 duydu\u011fu krizlere kar\u015f\u0131 politik ve \u00f6rg\u00fctl\u00fc bir m\u00fccadele y\u00fcr\u00fctmeden, sistem i\u00e7inde at\u0131labilecek ve ciddi etkiler yaratabilecek ad\u0131mlar\u0131 g\u00f6rmezden gelerek salt \u201cdevrimi bekleyen\u201d bir anlay\u0131\u015f da m\u00fccadeleyi ba\u015far\u0131ya ula\u015ft\u0131ramayacakt\u0131r.<\/p>\n<p>&nbsp;<\/p>\n","protected":false},"excerpt":{"rendered":"<p>Kavurucu yaz s\u0131caklar\u0131n\u0131 yava\u015f yava\u015f geride b\u0131rakt\u0131\u011f\u0131m\u0131z bu g\u00fcnlerde, ya\u015famakta oldu\u011fumuz ekonomik kriz hen\u00fcz hazana bile h\u00fcz\u00fcnlenemeden \u201ckara k\u0131\u015f\u201d misali \u00e7al\u0131verdi kap\u0131lar\u0131m\u0131z\u0131&#8230; Bir anda pahal\u0131la\u015fan<\/p>\n","protected":false},"author":3,"featured_media":6364,"comment_status":"open","ping_status":"open","sticky":false,"template":"","format":"standard","meta":{"jetpack_post_was_ever_published":false,"_jetpack_newsletter_access":"","_jetpack_newsletter_tier_id":0,"jetpack_publicize_message":"","jetpack_is_tweetstorm":false,"jetpack_publicize_feature_enabled":true,"jetpack_social_post_already_shared":true,"jetpack_social_options":{"image_generator_settings":{"template":"highway","enabled":false}}},"categories":[40,67,9,1,39],"tags":[],"jetpack_publicize_connections":[],"jetpack_featured_media_url":"https:\/\/baraka.cc\/wp-content\/uploads\/2018\/10\/argasdi-say\u0131-52-.jpg","jetpack_shortlink":"https:\/\/wp.me\/p4eHWX-1Fk","jetpack_sharing_enabled":true,"_links":{"self":[{"href":"https:\/\/baraka.cc\/index.php?rest_route=\/wp\/v2\/posts\/6406"}],"collection":[{"href":"https:\/\/baraka.cc\/index.php?rest_route=\/wp\/v2\/posts"}],"about":[{"href":"https:\/\/baraka.cc\/index.php?rest_route=\/wp\/v2\/types\/post"}],"author":[{"embeddable":true,"href":"https:\/\/baraka.cc\/index.php?rest_route=\/wp\/v2\/users\/3"}],"replies":[{"embeddable":true,"href":"https:\/\/baraka.cc\/index.php?rest_route=%2Fwp%2Fv2%2Fcomments&post=6406"}],"version-history":[{"count":1,"href":"https:\/\/baraka.cc\/index.php?rest_route=\/wp\/v2\/posts\/6406\/revisions"}],"predecessor-version":[{"id":6407,"href":"https:\/\/baraka.cc\/index.php?rest_route=\/wp\/v2\/posts\/6406\/revisions\/6407"}],"wp:featuredmedia":[{"embeddable":true,"href":"https:\/\/baraka.cc\/index.php?rest_route=\/wp\/v2\/media\/6364"}],"wp:attachment":[{"href":"https:\/\/baraka.cc\/index.php?rest_route=%2Fwp%2Fv2%2Fmedia&parent=6406"}],"wp:term":[{"taxonomy":"category","embeddable":true,"href":"https:\/\/baraka.cc\/index.php?rest_route=%2Fwp%2Fv2%2Fcategories&post=6406"},{"taxonomy":"post_tag","embeddable":true,"href":"https:\/\/baraka.cc\/index.php?rest_route=%2Fwp%2Fv2%2Ftags&post=6406"}],"curies":[{"name":"wp","href":"https:\/\/api.w.org\/{rel}","templated":true}]}}