{"id":6408,"date":"2018-10-23T08:51:49","date_gmt":"2018-10-23T06:51:49","guid":{"rendered":"https:\/\/baraka.cc\/?p=6408"},"modified":"2018-10-25T16:04:49","modified_gmt":"2018-10-25T14:04:49","slug":"baraka-kultur-merkezinden-hayat-pahaliligini-protesto-mitingine-destek-kara-bir-suyu-birlikte-gecmek-icin","status":"publish","type":"post","link":"https:\/\/baraka.cc\/?p=6408","title":{"rendered":"Baraka K\u00fclt\u00fcr Merkezi&#8217;nden Hayat Pahal\u0131l\u0131\u011f\u0131n\u0131 Protesto Mitingine Destek: \u201cKara Bir Suyu Birlikte Ge\u00e7mek \u0130\u00e7in&#8230;\u201d"},"content":{"rendered":"<p>\u201cYar\u0131n farkl\u0131d\u0131r bug\u00fcnden,<br \/>\nAd\u0131 de\u011fi\u015fir hi\u00e7 olmazsa,<br \/>\nKara bir suyu<br \/>\nGe\u00e7iyoruz \u015fimdilerde<br \/>\nBasarak yosunlu ta\u015flara.<\/p>\n<p>Sen bug\u00fcnden yar\u0131na<br \/>\nBirazc\u0131k umut sakla\u2026\u201d<\/p>\n<p>Metin Alt\u0131ok<\/p>\n<p>&nbsp;<\/p>\n<p>\u015eairin de dedi\u011fi gibi, \u201cKara bir suyu\/ Ge\u00e7iyoruz \u015fimdilerde\/ Basarak yosunlu ta\u015flara&#8230;\u201d Hayat pahal\u0131l\u0131\u011f\u0131n\u0131n hat safhaya ula\u015ft\u0131\u011f\u0131 \u015fu g\u00fcnlerde vatanda\u015f temel ya\u015famsal ihtiya\u00e7lar\u0131n\u0131 bile kar\u015f\u0131layamazken h\u00fck\u00fcmetimiz bu ekonomik krize siyasal bir kriz deyip ithal oldu\u011funu iddia ederek acil \u00f6nlemler almaktan k\u00f6\u015fe bucak ka\u00e7\u0131yor.<\/p>\n<p>Elektrikten suya, g\u0131da \u00fcr\u00fcnlerinden temizlik maddelerine, toplu ta\u015f\u0131madan benzine hayat\u0131m\u0131zda zamlanmam\u0131\u015f tek bir alan dahi kalmad\u0131. \u0130nsanlar damlaya damlaya bile artmayan maa\u015flar\u0131yla ay\u0131n sonunu \u00e7\u0131karamay\u0131p s\u00fcrekli bor\u00e7 bata\u011f\u0131na s\u00fcr\u00fcklenirken h\u00fck\u00fcmetimiz \u00e7\u00f6z\u00fcm\u00fc sadece emek\u00e7inin cebinde ar\u0131yor. Te\u015fvik ede ede bir olduklar\u0131 patronlardan tek bir kuru\u015f bile talep etmezken, \u201czamlar ka\u00e7\u0131n\u0131lmazd\u0131r\u201d diyerek vatanda\u015f\u0131n bo\u011faz\u0131n\u0131 s\u0131kmaya devam ediyorlar.<\/p>\n<p>Hal b\u00f6yle iken kimse temel ya\u015famsal ihtiya\u00e7lar\u0131n\u0131 gidermek yerine sosyal ihtiya\u00e7lar\u0131n\u0131 gidermeyi tercih etmiyor. Halk\u0131m\u0131z sinema, tiyatro, konser, kitap gibi sosyal ihtiya\u00e7lar\u0131n\u0131 kar\u015f\u0131layamaz duruma geliyor. Kriz sadece k\u00fc\u00e7\u00fck esnaf\u0131 vurmuyor, k\u00fclt\u00fcr-sanat da pay\u0131n\u0131 gani gani al\u0131yor.<\/p>\n<p>\u0130\u015fte tam da bu noktada k\u00fclt\u00fcr-sanat\u0131n \u00f6nemini vurgulamak ve acilen \u00f6nlem talep etmek isteriz. Kap\u0131m\u0131zda \u201cmuhafazakarla\u015fma\u201d gibi gittik\u00e7e yay\u0131lan ve kal\u0131c\u0131 hasarlar b\u0131rakan bir hastal\u0131k varken k\u00fclt\u00fcr-sanat kritik bir \u00f6neme sahiptir. Cinsiyet\u00e7ilik, \u0131rk\u00e7\u0131l\u0131k, ayr\u0131mc\u0131l\u0131k, fa\u015fizm gibi \u00f6\u011felerin peki\u015ftirildi\u011fi ve topluma kal\u0131c\u0131 hasarlar b\u0131rakan gerici pratiklerin kar\u015f\u0131s\u0131nda, e\u015fitlik, adalet, bar\u0131\u015f, karde\u015flik gibi insanlar\u0131 d\u00fc\u015f\u00fcnmeye ve payla\u015farak bir olamaya iten k\u00fclt\u00fcr-sanat aktivitelerinin ula\u015f\u0131labilir olmas\u0131 toplumu daha ya\u015fan\u0131labilir bir \u015fekle d\u00f6n\u00fc\u015ft\u00fcrmesi i\u00e7in kritik \u00f6nem ta\u015f\u0131maktad\u0131r.<\/p>\n<p>Tam da bu y\u00fczden Baraka K\u00fclt\u00fcr Merkezi olarak, 26 Ekim 2018 Cuma saat 19:00\u2019da kara bir suyu, yosunlu ta\u015flara birlikte basarak ge\u00e7mek ve bug\u00fcnden yar\u0131na birazc\u0131k umut saklayabilmek i\u00e7in Selimiye meydan\u0131nda olaca\u011f\u0131z. Yar\u0131na bir umut da siz saklay\u0131n diye t\u00fcm Baraka dostlar\u0131n\u0131 bekleriz.<\/p>\n","protected":false},"excerpt":{"rendered":"<p>\u201cYar\u0131n farkl\u0131d\u0131r bug\u00fcnden, Ad\u0131 de\u011fi\u015fir hi\u00e7 olmazsa, Kara bir suyu Ge\u00e7iyoruz \u015fimdilerde Basarak yosunlu ta\u015flara. Sen bug\u00fcnden yar\u0131na Birazc\u0131k umut sakla\u2026\u201d Metin Alt\u0131ok &nbsp; \u015eairin<\/p>\n","protected":false},"author":3,"featured_media":6409,"comment_status":"open","ping_status":"open","sticky":false,"template":"","format":"standard","meta":{"jetpack_post_was_ever_published":false,"_jetpack_newsletter_access":"","_jetpack_newsletter_tier_id":0,"jetpack_publicize_message":"","jetpack_is_tweetstorm":false,"jetpack_publicize_feature_enabled":true,"jetpack_social_post_already_shared":true,"jetpack_social_options":{"image_generator_settings":{"template":"highway","enabled":false}}},"categories":[41,38,9,1],"tags":[],"jetpack_publicize_connections":[],"jetpack_featured_media_url":"https:\/\/baraka.cc\/wp-content\/uploads\/2018\/10\/baraka-logo.jpg","jetpack_shortlink":"https:\/\/wp.me\/p4eHWX-1Fm","jetpack_sharing_enabled":true,"_links":{"self":[{"href":"https:\/\/baraka.cc\/index.php?rest_route=\/wp\/v2\/posts\/6408"}],"collection":[{"href":"https:\/\/baraka.cc\/index.php?rest_route=\/wp\/v2\/posts"}],"about":[{"href":"https:\/\/baraka.cc\/index.php?rest_route=\/wp\/v2\/types\/post"}],"author":[{"embeddable":true,"href":"https:\/\/baraka.cc\/index.php?rest_route=\/wp\/v2\/users\/3"}],"replies":[{"embeddable":true,"href":"https:\/\/baraka.cc\/index.php?rest_route=%2Fwp%2Fv2%2Fcomments&post=6408"}],"version-history":[{"count":4,"href":"https:\/\/baraka.cc\/index.php?rest_route=\/wp\/v2\/posts\/6408\/revisions"}],"predecessor-version":[{"id":6419,"href":"https:\/\/baraka.cc\/index.php?rest_route=\/wp\/v2\/posts\/6408\/revisions\/6419"}],"wp:featuredmedia":[{"embeddable":true,"href":"https:\/\/baraka.cc\/index.php?rest_route=\/wp\/v2\/media\/6409"}],"wp:attachment":[{"href":"https:\/\/baraka.cc\/index.php?rest_route=%2Fwp%2Fv2%2Fmedia&parent=6408"}],"wp:term":[{"taxonomy":"category","embeddable":true,"href":"https:\/\/baraka.cc\/index.php?rest_route=%2Fwp%2Fv2%2Fcategories&post=6408"},{"taxonomy":"post_tag","embeddable":true,"href":"https:\/\/baraka.cc\/index.php?rest_route=%2Fwp%2Fv2%2Ftags&post=6408"}],"curies":[{"name":"wp","href":"https:\/\/api.w.org\/{rel}","templated":true}]}}