{"id":6412,"date":"2018-10-25T09:46:41","date_gmt":"2018-10-25T07:46:41","guid":{"rendered":"https:\/\/baraka.cc\/?p=6412"},"modified":"2018-10-25T09:46:41","modified_gmt":"2018-10-25T07:46:41","slug":"kitabimizi-kultur-dairesi-mudurune-takdim-ettik","status":"publish","type":"post","link":"https:\/\/baraka.cc\/?p=6412","title":{"rendered":"Kitab\u0131m\u0131z\u0131 K\u00fclt\u00fcr Dairesi M\u00fcd\u00fcr\u00fc&#8217;ne Takdim Ettik"},"content":{"rendered":"<p>&nbsp;<\/p>\n<p style=\"text-align: center;\"><b><a href=\"https:\/\/baraka.cc\/wp-content\/uploads\/2018\/10\/44646618_292265898278585_1350566308906795008_n.jpg\"><img decoding=\"async\" loading=\"lazy\" class=\"alignnone size-medium wp-image-6414\" alt=\"44646618_292265898278585_1350566308906795008_n\" src=\"https:\/\/baraka.cc\/wp-content\/uploads\/2018\/10\/44646618_292265898278585_1350566308906795008_n-212x300.jpg\" width=\"212\" height=\"300\" srcset=\"https:\/\/baraka.cc\/wp-content\/uploads\/2018\/10\/44646618_292265898278585_1350566308906795008_n-212x300.jpg 212w, https:\/\/baraka.cc\/wp-content\/uploads\/2018\/10\/44646618_292265898278585_1350566308906795008_n.jpg 679w\" sizes=\"(max-width: 212px) 100vw, 212px\" \/><\/a><\/b><\/p>\n<p style=\"text-align: center;\"><b>K\u0131br\u0131s K\u00fclt\u00fcr\u00fc \u00dczerine Yeni Bir kitap: \u201cNenemin Deyi\u015fiynan\u201d<\/b><\/p>\n<p>\u201cNenemin Deyi\u015fiynan (K\u0131br\u0131s K\u00fclt\u00fcr\u00fc \u00dczerine Yaz\u0131lar)\u201d isimli kitap Argasdi yay\u0131nlar\u0131ndan \u00e7\u0131kt\u0131. \u015eifa Al\u00e7\u0131c\u0131o\u011flu\u2019nun s\u00f6zl\u00fc ve yaz\u0131l\u0131 tarih ara\u015ft\u0131rmalar\u0131ndan derlenen kitap, Baraka K\u00fclt\u00fcr Merkezi\u2019nin k\u00fclt\u00fcr-sanat-politika dergisi Argasdi\u2019de 2012 y\u0131l\u0131ndan bu yana yay\u0131mlanan k\u00fclt\u00fcre dair yaz\u0131lardan olu\u015fmakta.<\/p>\n<p>K\u00fclt\u00fcr Dairesi\u2019nin maddi katk\u0131lar\u0131yla bas\u0131lan kitap, \u201cHem akademik anlamda ara\u015ft\u0131rma yapan ki\u015filere hem de k\u00fclt\u00fcr\u00fcn\u00fc \u00f6\u011frenip yeni nesillere aktarma sorumlulu\u011fu hissedenlere faydal\u0131 olaca\u011f\u0131 inanc\u0131nday\u0131z. Ayr\u0131ca s\u00fcrekli g\u00f6\u00e7 alan \u00e7ok k\u00fclt\u00fcrl\u00fc adam\u0131zda, bir yandan k\u00fclt\u00fcrel asimilasyona direni\u015f niteli\u011finde olaca\u011f\u0131n\u0131, di\u011fer yandan da k\u00fclt\u00fcrlerin kayna\u015fmas\u0131na hizmet edece\u011fini umuyoruz.\u201d s\u00f6zleriyle okura sunuluyor.<\/p>\n<p><b>Kitap, K\u00fclt\u00fcr Dairesi M\u00fcd\u00fcr\u00fc&#8217;ne Takdim Edildi<\/b><\/p>\n<p>Kitab\u0131n yazar\u0131 \u015eifa Al\u00e7\u0131c\u0131o\u011flu, Baraka K\u00fclt\u00fcr Merkezi temsilcileriyle birlikte K\u00fclt\u00fcr Dairesi M\u00fcd\u00fcr\u00fc \u015eehbal Hamzao\u011fullar\u0131\u2019n\u0131 ziyaret ederek kitab\u0131 takdim etti. K\u00fclt\u00fcrel, sanatsal \u00fcretimler \u00fczerine fikir al\u0131\u015f veri\u015finde bulunulan g\u00f6r\u00fc\u015fmede K\u00fclt\u00fcr Dairesi\u2019nin \u00fcretim yapan derneklere destek oldu\u011fu da belirtildi.<\/p>\n<p style=\"text-align: center;\"><a href=\"https:\/\/baraka.cc\/wp-content\/uploads\/2018\/10\/44289387_10156971727169170_3733785133937852416_n.jpg\"><img decoding=\"async\" loading=\"lazy\" class=\"alignnone size-medium wp-image-6415\" alt=\"44289387_10156971727169170_3733785133937852416_n\" src=\"https:\/\/baraka.cc\/wp-content\/uploads\/2018\/10\/44289387_10156971727169170_3733785133937852416_n-226x300.jpg\" width=\"226\" height=\"300\" srcset=\"https:\/\/baraka.cc\/wp-content\/uploads\/2018\/10\/44289387_10156971727169170_3733785133937852416_n-226x300.jpg 226w, https:\/\/baraka.cc\/wp-content\/uploads\/2018\/10\/44289387_10156971727169170_3733785133937852416_n.jpg 561w\" sizes=\"(max-width: 226px) 100vw, 226px\" \/><\/a><\/p>\n<p>\u201cK\u0131br\u0131s K\u00fclt\u00fcr\u00fc \u00dczerine Yaz\u0131lar\u201d alt ba\u015fl\u0131\u011f\u0131yla okura sunulan kitapta, Tohumdan Ya\u015fama, Unutulan S\u00f6zc\u00fckler, Develer ve Devecilik, K\u0131br\u0131s\u2019\u0131n Ovalar\u0131nda Yeti\u015fen Yabani Bitkiler, Ma\u011fusa ve Othello Kalesi, K\u0131br\u0131s\u2019\u0131n \u00d6zg\u00fcr E\u015fekleri, \u00c7ocuk Oyunlar\u0131, D\u00fcnden Bug\u00fcne Bayramlar, Goncolozlar, Tren ve Tren Yolu, Kaybolan Meslekler, Yar\u0131m \u00d6nge Bir Ogga, Ge\u00e7mi\u015ften G\u00fcn\u00fcm\u00fcze Masallar gibi \u00e7e\u015fitli temalarda ara\u015ft\u0131rma yaz\u0131lar\u0131 yer al\u0131yor. Ayr\u0131ca Mehmet Altuner ve Mustafa Korkut\u2019un ar\u015fivinden al\u0131nan eski K\u0131br\u0131s foto\u011fraflar\u0131 da kitap sayfalar\u0131nda an\u0131lar\u0131 canland\u0131r\u0131yor.<\/p>\n<p>Yay\u0131na haz\u0131rlanmas\u0131n\u0131 Aziz G\u00fcven ve Nazen \u015eansal\u2019\u0131n \u00fcstlendi\u011fi kitab\u0131n kapak ve sayfa tasar\u0131m\u0131 Mustafa Batak ve Erkal T\u00fclek\u2019e ait. Argasdi Yay\u0131nlar\u0131\u2019n\u0131n d\u00f6rd\u00fcnc\u00fc kitab\u0131 olan 112 sayfal\u0131k eser, 20TL. okur katk\u0131s\u0131 kar\u015f\u0131l\u0131\u011f\u0131nda t\u00fcm kitap evlerinden temin edilebilir.<\/p>\n<p>&nbsp;<\/p>\n","protected":false},"excerpt":{"rendered":"<p>&nbsp; K\u0131br\u0131s K\u00fclt\u00fcr\u00fc \u00dczerine Yeni Bir kitap: \u201cNenemin Deyi\u015fiynan\u201d \u201cNenemin Deyi\u015fiynan (K\u0131br\u0131s K\u00fclt\u00fcr\u00fc \u00dczerine Yaz\u0131lar)\u201d isimli kitap Argasdi yay\u0131nlar\u0131ndan \u00e7\u0131kt\u0131. \u015eifa Al\u00e7\u0131c\u0131o\u011flu\u2019nun s\u00f6zl\u00fc ve yaz\u0131l\u0131<\/p>\n","protected":false},"author":3,"featured_media":6413,"comment_status":"open","ping_status":"open","sticky":false,"template":"","format":"standard","meta":{"jetpack_post_was_ever_published":false,"_jetpack_newsletter_access":"","_jetpack_newsletter_tier_id":0,"jetpack_publicize_message":"","jetpack_is_tweetstorm":false,"jetpack_publicize_feature_enabled":true,"jetpack_social_post_already_shared":true,"jetpack_social_options":{"image_generator_settings":{"template":"highway","enabled":false}}},"categories":[40,9,1,39],"tags":[],"jetpack_publicize_connections":[],"jetpack_featured_media_url":"https:\/\/baraka.cc\/wp-content\/uploads\/2018\/10\/xxx.jpg","jetpack_shortlink":"https:\/\/wp.me\/p4eHWX-1Fq","jetpack_sharing_enabled":true,"_links":{"self":[{"href":"https:\/\/baraka.cc\/index.php?rest_route=\/wp\/v2\/posts\/6412"}],"collection":[{"href":"https:\/\/baraka.cc\/index.php?rest_route=\/wp\/v2\/posts"}],"about":[{"href":"https:\/\/baraka.cc\/index.php?rest_route=\/wp\/v2\/types\/post"}],"author":[{"embeddable":true,"href":"https:\/\/baraka.cc\/index.php?rest_route=\/wp\/v2\/users\/3"}],"replies":[{"embeddable":true,"href":"https:\/\/baraka.cc\/index.php?rest_route=%2Fwp%2Fv2%2Fcomments&post=6412"}],"version-history":[{"count":1,"href":"https:\/\/baraka.cc\/index.php?rest_route=\/wp\/v2\/posts\/6412\/revisions"}],"predecessor-version":[{"id":6416,"href":"https:\/\/baraka.cc\/index.php?rest_route=\/wp\/v2\/posts\/6412\/revisions\/6416"}],"wp:featuredmedia":[{"embeddable":true,"href":"https:\/\/baraka.cc\/index.php?rest_route=\/wp\/v2\/media\/6413"}],"wp:attachment":[{"href":"https:\/\/baraka.cc\/index.php?rest_route=%2Fwp%2Fv2%2Fmedia&parent=6412"}],"wp:term":[{"taxonomy":"category","embeddable":true,"href":"https:\/\/baraka.cc\/index.php?rest_route=%2Fwp%2Fv2%2Fcategories&post=6412"},{"taxonomy":"post_tag","embeddable":true,"href":"https:\/\/baraka.cc\/index.php?rest_route=%2Fwp%2Fv2%2Ftags&post=6412"}],"curies":[{"name":"wp","href":"https:\/\/api.w.org\/{rel}","templated":true}]}}