{"id":6421,"date":"2018-10-25T20:40:40","date_gmt":"2018-10-25T18:40:40","guid":{"rendered":"https:\/\/baraka.cc\/?p=6421"},"modified":"2018-10-25T22:43:31","modified_gmt":"2018-10-25T20:43:31","slug":"mitingde-sol-anahtari-konser-verecek","status":"publish","type":"post","link":"https:\/\/baraka.cc\/?p=6421","title":{"rendered":"M\u0130T\u0130NGDE SOL ANAHTARI KONSER VERECEK"},"content":{"rendered":"<p>Ba\u011f\u0131ms\u0131zl\u0131k Yolu taraf\u0131ndan organize edilen &#8220;Pahal\u0131l\u0131\u011f\u0131 Protesto Mitingi&#8221;nde Baraka M\u00fczik Grubu Sol Anahtar\u0131 sahne alacak. 26 Ekim Cuma gecesi saat 19.00&#8217;da Selimiye Meydan\u0131&#8217;ndaki mitingde Sol Anahtar\u0131 konser verecek.<\/p>\n<p>&nbsp;<\/p>\n","protected":false},"excerpt":{"rendered":"<p>Ba\u011f\u0131ms\u0131zl\u0131k Yolu taraf\u0131ndan organize edilen &#8220;Pahal\u0131l\u0131\u011f\u0131 Protesto Mitingi&#8221;nde Baraka M\u00fczik Grubu Sol Anahtar\u0131 sahne alacak. 26 Ekim Cuma gecesi saat 19.00&#8217;da Selimiye Meydan\u0131&#8217;ndaki mitingde Sol<\/p>\n","protected":false},"author":4,"featured_media":6422,"comment_status":"open","ping_status":"open","sticky":false,"template":"","format":"standard","meta":{"jetpack_post_was_ever_published":false,"_jetpack_newsletter_access":"","_jetpack_newsletter_tier_id":0,"jetpack_publicize_message":"","jetpack_is_tweetstorm":false,"jetpack_publicize_feature_enabled":true,"jetpack_social_post_already_shared":true,"jetpack_social_options":{"image_generator_settings":{"template":"highway","enabled":false}}},"categories":[9,1],"tags":[],"jetpack_publicize_connections":[],"jetpack_featured_media_url":"https:\/\/baraka.cc\/wp-content\/uploads\/2018\/10\/42892611_2141969729351794_8103529519958196224_n.jpg","jetpack_shortlink":"https:\/\/wp.me\/p4eHWX-1Fz","jetpack_sharing_enabled":true,"_links":{"self":[{"href":"https:\/\/baraka.cc\/index.php?rest_route=\/wp\/v2\/posts\/6421"}],"collection":[{"href":"https:\/\/baraka.cc\/index.php?rest_route=\/wp\/v2\/posts"}],"about":[{"href":"https:\/\/baraka.cc\/index.php?rest_route=\/wp\/v2\/types\/post"}],"author":[{"embeddable":true,"href":"https:\/\/baraka.cc\/index.php?rest_route=\/wp\/v2\/users\/4"}],"replies":[{"embeddable":true,"href":"https:\/\/baraka.cc\/index.php?rest_route=%2Fwp%2Fv2%2Fcomments&post=6421"}],"version-history":[{"count":3,"href":"https:\/\/baraka.cc\/index.php?rest_route=\/wp\/v2\/posts\/6421\/revisions"}],"predecessor-version":[{"id":6425,"href":"https:\/\/baraka.cc\/index.php?rest_route=\/wp\/v2\/posts\/6421\/revisions\/6425"}],"wp:featuredmedia":[{"embeddable":true,"href":"https:\/\/baraka.cc\/index.php?rest_route=\/wp\/v2\/media\/6422"}],"wp:attachment":[{"href":"https:\/\/baraka.cc\/index.php?rest_route=%2Fwp%2Fv2%2Fmedia&parent=6421"}],"wp:term":[{"taxonomy":"category","embeddable":true,"href":"https:\/\/baraka.cc\/index.php?rest_route=%2Fwp%2Fv2%2Fcategories&post=6421"},{"taxonomy":"post_tag","embeddable":true,"href":"https:\/\/baraka.cc\/index.php?rest_route=%2Fwp%2Fv2%2Ftags&post=6421"}],"curies":[{"name":"wp","href":"https:\/\/api.w.org\/{rel}","templated":true}]}}