{"id":6433,"date":"2018-11-05T10:28:31","date_gmt":"2018-11-05T08:28:31","guid":{"rendered":"https:\/\/baraka.cc\/?p=6433"},"modified":"2018-11-05T10:28:31","modified_gmt":"2018-11-05T08:28:31","slug":"nenemin-deyisiynan-kitabinin-tanitim-ve-imza-gunu-yapilacak","status":"publish","type":"post","link":"https:\/\/baraka.cc\/?p=6433","title":{"rendered":"\u201cNenemin Deyi\u015fiynan\u201d Kitab\u0131n\u0131n Tan\u0131t\u0131m ve \u0130mza G\u00fcn\u00fc Yap\u0131lacak"},"content":{"rendered":"<p style=\"text-align: center;\"><a href=\"https:\/\/baraka.cc\/wp-content\/uploads\/2018\/11\/kitap-tan\u0131t\u0131m\u0131-g\u00f6rsel.jpg\"><img decoding=\"async\" loading=\"lazy\" class=\"alignnone size-medium wp-image-6434\" alt=\"kitap tan\u0131t\u0131m\u0131 g\u00f6rsel\" src=\"https:\/\/baraka.cc\/wp-content\/uploads\/2018\/11\/kitap-tan\u0131t\u0131m\u0131-g\u00f6rsel-300x128.jpg\" width=\"300\" height=\"128\" srcset=\"https:\/\/baraka.cc\/wp-content\/uploads\/2018\/11\/kitap-tan\u0131t\u0131m\u0131-g\u00f6rsel-300x128.jpg 300w, https:\/\/baraka.cc\/wp-content\/uploads\/2018\/11\/kitap-tan\u0131t\u0131m\u0131-g\u00f6rsel-1024x440.jpg 1024w, https:\/\/baraka.cc\/wp-content\/uploads\/2018\/11\/kitap-tan\u0131t\u0131m\u0131-g\u00f6rsel.jpg 2048w\" sizes=\"(max-width: 300px) 100vw, 300px\" \/><\/a><\/p>\n<p>Baraka aktivisti \u015eifa Al\u00e7\u0131c\u0131o\u011flu\u2019nun kaleme ald\u0131\u011f\u0131, Argasdi Yay\u0131nlar\u0131\u2019ndan \u00e7\u0131kan; s\u00f6zl\u00fc ve yaz\u0131l\u0131 tarih ara\u015ft\u0131rmalar\u0131ndan derlenen \u201cNenemin Deyi\u015fiynan (K\u0131br\u0131s K\u00fclt\u00fcr\u00fc \u00dczerine Yaz\u0131lar)\u201d isimli kitab\u0131n tan\u0131t\u0131m\u0131 ve imza etkinli\u011fi\u00a0 10 Kas\u0131m Cumartesi\u00a0 g\u00fcn\u00fc,\u00a0 saat 15.00 &#8211; 17:00 saatleri aras\u0131nda Tango Cafe by Colorido\u2019da ger\u00e7ekle\u015fiyor.\u00a0 K\u00fclt\u00fcr\u00fcm\u00fczde yer alan buhur, hellim, \u00e7\u00f6rek ve K\u0131br\u0131s \u015fark\u0131lar\u0131yla yarat\u0131lacak b\u00fcy\u00fcl\u00fc atmosfere, \u00a0yazar\u0131n hayat\u0131ndan kesitler ald\u0131\u011f\u0131 nenesi de kat\u0131lacak. Etkinli\u011fe k\u00fclt\u00fcr\u00fcne, ge\u00e7mi\u015fine ve gelece\u011fine inanan herkes davetlidir.<\/p>\n<p>Baraka K\u00fclt\u00fcr Merkezi\u2019nin k\u00fclt\u00fcr-sanat-politika dergisi Argasdi\u2019de 2012 y\u0131l\u0131ndan bu yana yay\u0131mlanan k\u00fclt\u00fcre dair yaz\u0131lardan olu\u015fan kitapta, \u201cTohumdan Ya\u015fama, Unutulan S\u00f6zc\u00fckler, Develer ve Devecilik, K\u0131br\u0131s\u2019\u0131n Ovalar\u0131nda Yeti\u015fen Yabani Bitkiler, Ma\u011fusa ve Othello Kalesi, K\u0131br\u0131s\u2019\u0131n \u00d6zg\u00fcr E\u015fekleri, \u00c7ocuk Oyunlar\u0131, D\u00fcnden Bug\u00fcne Bayramlar, Goncolozlar, Tren ve Tren Yolu, Kaybolan Meslekler, Yar\u0131m \u00d6nge Bir Ogga, Ge\u00e7mi\u015ften G\u00fcn\u00fcm\u00fcze Masallar\u201d gibi \u00e7e\u015fitli temalarda ara\u015ft\u0131rma yaz\u0131lar\u0131 yer al\u0131yor. Ayr\u0131ca Mehmet Altuner ve Mustafa Korkut\u2019un ar\u015fivinden al\u0131nan eski K\u0131br\u0131s foto\u011fraflar\u0131 da kitap sayfalar\u0131nda an\u0131lar\u0131 canland\u0131r\u0131yor.<\/p>\n<p>K\u00fclt\u00fcr Dairesi\u2019nin maddi katk\u0131lar\u0131yla bas\u0131lan kitap, \u201cHem akademik anlamda ara\u015ft\u0131rma yapan ki\u015filere hem de k\u00fclt\u00fcr\u00fcn\u00fc \u00f6\u011frenip yeni nesillere aktarma sorumlulu\u011fu hissedenlere faydal\u0131 olaca\u011f\u0131 inanc\u0131nday\u0131z. Ayr\u0131ca s\u00fcrekli g\u00f6\u00e7 alan \u00e7ok k\u00fclt\u00fcrl\u00fc adam\u0131zda, bir yandan k\u00fclt\u00fcrel asimilasyona direni\u015f niteli\u011finde olaca\u011f\u0131n\u0131, di\u011fer yandan da k\u00fclt\u00fcrlerin kayna\u015fmas\u0131na hizmet edece\u011fini umuyoruz.\u201d s\u00f6zleriyle okura sunuluyor.<\/p>\n","protected":false},"excerpt":{"rendered":"<p>Baraka aktivisti \u015eifa Al\u00e7\u0131c\u0131o\u011flu\u2019nun kaleme ald\u0131\u011f\u0131, Argasdi Yay\u0131nlar\u0131\u2019ndan \u00e7\u0131kan; s\u00f6zl\u00fc ve yaz\u0131l\u0131 tarih ara\u015ft\u0131rmalar\u0131ndan derlenen \u201cNenemin Deyi\u015fiynan (K\u0131br\u0131s K\u00fclt\u00fcr\u00fc \u00dczerine Yaz\u0131lar)\u201d isimli kitab\u0131n tan\u0131t\u0131m\u0131 ve<\/p>\n","protected":false},"author":3,"featured_media":6434,"comment_status":"open","ping_status":"open","sticky":false,"template":"","format":"standard","meta":{"jetpack_post_was_ever_published":false,"_jetpack_newsletter_access":"","_jetpack_newsletter_tier_id":0,"jetpack_publicize_message":"","jetpack_is_tweetstorm":false,"jetpack_publicize_feature_enabled":true,"jetpack_social_post_already_shared":true,"jetpack_social_options":{"image_generator_settings":{"template":"highway","enabled":false}}},"categories":[40,9,1,39],"tags":[],"jetpack_publicize_connections":[],"jetpack_featured_media_url":"https:\/\/baraka.cc\/wp-content\/uploads\/2018\/11\/kitap-tan\u0131t\u0131m\u0131-g\u00f6rsel.jpg","jetpack_shortlink":"https:\/\/wp.me\/p4eHWX-1FL","jetpack_sharing_enabled":true,"_links":{"self":[{"href":"https:\/\/baraka.cc\/index.php?rest_route=\/wp\/v2\/posts\/6433"}],"collection":[{"href":"https:\/\/baraka.cc\/index.php?rest_route=\/wp\/v2\/posts"}],"about":[{"href":"https:\/\/baraka.cc\/index.php?rest_route=\/wp\/v2\/types\/post"}],"author":[{"embeddable":true,"href":"https:\/\/baraka.cc\/index.php?rest_route=\/wp\/v2\/users\/3"}],"replies":[{"embeddable":true,"href":"https:\/\/baraka.cc\/index.php?rest_route=%2Fwp%2Fv2%2Fcomments&post=6433"}],"version-history":[{"count":1,"href":"https:\/\/baraka.cc\/index.php?rest_route=\/wp\/v2\/posts\/6433\/revisions"}],"predecessor-version":[{"id":6435,"href":"https:\/\/baraka.cc\/index.php?rest_route=\/wp\/v2\/posts\/6433\/revisions\/6435"}],"wp:featuredmedia":[{"embeddable":true,"href":"https:\/\/baraka.cc\/index.php?rest_route=\/wp\/v2\/media\/6434"}],"wp:attachment":[{"href":"https:\/\/baraka.cc\/index.php?rest_route=%2Fwp%2Fv2%2Fmedia&parent=6433"}],"wp:term":[{"taxonomy":"category","embeddable":true,"href":"https:\/\/baraka.cc\/index.php?rest_route=%2Fwp%2Fv2%2Fcategories&post=6433"},{"taxonomy":"post_tag","embeddable":true,"href":"https:\/\/baraka.cc\/index.php?rest_route=%2Fwp%2Fv2%2Ftags&post=6433"}],"curies":[{"name":"wp","href":"https:\/\/api.w.org\/{rel}","templated":true}]}}