{"id":6437,"date":"2018-11-05T10:43:22","date_gmt":"2018-11-05T08:43:22","guid":{"rendered":"https:\/\/baraka.cc\/?p=6437"},"modified":"2018-11-05T10:43:22","modified_gmt":"2018-11-05T08:43:22","slug":"kriz-federal-kibris-ve-tasin-altindakiler-mehmet-adaman","status":"publish","type":"post","link":"https:\/\/baraka.cc\/?p=6437","title":{"rendered":"Kriz, Federal K\u0131br\u0131s ve Ta\u015f\u0131n Alt\u0131ndakiler &#8211; Mehmet Adaman"},"content":{"rendered":"<p style=\"text-align: center;\">\n<p style=\"text-align: center;\">\n<p style=\"text-align: center;\">\n<p style=\"text-align: left;\">Argasdi dergimizim &#8220;Kiriz&#8221; dosya konulu 52. say\u0131s\u0131ndan bir makale&#8230;<\/p>\n<p style=\"text-align: left;\">Kriz ko\u015fullar\u0131nda ayakta kalmaya \u00e7al\u0131\u015fan &#8220;Argasdi&#8221;nizi, Baraka aktivistlerinden ve\u00a0 Khora Kitap Cafe&#8217;lerden \u0131srarla isteyiniz&#8230;<\/p>\n<p style=\"text-align: center;\"><a href=\"https:\/\/baraka.cc\/wp-content\/uploads\/2018\/11\/G\u00dcNDEM.jpg\"><img decoding=\"async\" loading=\"lazy\" class=\"alignnone size-medium wp-image-6438\" alt=\"G\u00dcNDEM\" src=\"https:\/\/baraka.cc\/wp-content\/uploads\/2018\/11\/G\u00dcNDEM-300x166.jpg\" width=\"300\" height=\"166\" srcset=\"https:\/\/baraka.cc\/wp-content\/uploads\/2018\/11\/G\u00dcNDEM-300x166.jpg 300w, https:\/\/baraka.cc\/wp-content\/uploads\/2018\/11\/G\u00dcNDEM.jpg 710w\" sizes=\"(max-width: 300px) 100vw, 300px\" \/><\/a><\/p>\n<p>\u00dclkemizde y\u0131llardan beridir g\u00fcvencesiz, kaderi patronunun iki duda\u011f\u0131 aras\u0131nda, yoksulluk s\u0131n\u0131r\u0131n\u0131n alt\u0131nda, asgari \u00fccretle \u00e7al\u0131\u015ft\u0131r\u0131lan \u00e7ok say\u0131da insan ya\u015famaktad\u0131r. \u00d6zellikle, son zamanlarda TL\u2019nin de\u011fer kaybetmesi ve ekonomik krizi sebep g\u00f6stererek h\u00fck\u00fcmet taraf\u0131ndan yap\u0131lan pe\u015fi s\u0131ra zamlar nedeniyle zaten k\u0131t kanaat ya\u015fayan emek\u00e7iler, ekonomik krizden en b\u00fcy\u00fck zarar\u0131 g\u00f6ren kesimi olu\u015fturuyorlar. \u00d6te taraftan birka\u00e7 y\u0131l \u00f6ncesine bak\u0131ld\u0131\u011f\u0131nda, asgari \u00fccretliye oranla nispeten daha iyi bir ya\u015fam standard\u0131na sahip kamu \u00e7al\u0131\u015fanlar\u0131 ise, \u00f6zellikle \u201cG\u00f6\u00e7 Yasas\u0131\u201dn\u0131n ard\u0131ndan giderek yoksulla\u015fmaya ba\u015flam\u0131\u015flard\u0131. Ya\u015fanan bu son ekonomik kriz ise art\u0131k onlar\u0131 da yoksulluk s\u0131n\u0131r\u0131n\u0131n alt\u0131na itmi\u015f durumda. K\u0131sacas\u0131 hepimiz, giderek daha da yoksulla\u015f\u0131yoruz.<\/p>\n<p><b>H\u00fck\u00fcmet Ne Yap\u0131yor?<\/b><\/p>\n<p>D\u00f6rtl\u00fc koalisyon h\u00fck\u00fcmeti, TL\u2019deki de\u011fer kayb\u0131na ba\u011fl\u0131 olarak y\u00fckselen d\u00f6viz kurlar\u0131n\u0131 bahane ederek elektrikten, benzinden tutun da temel ya\u015fam \u00fcr\u00fcnlerine kadar her \u015feye y\u00fckl\u00fc miktarda zam yap\u0131yor. K\u0131sacas\u0131 zaten gerek \u201cG\u00f6\u00e7 Yasas\u0131\u201d ile gerekse de yoksulluk s\u0131n\u0131r\u0131n\u0131n alt\u0131ndaki asgari \u00fccretle ya\u015famaya \u00e7al\u0131\u015fan emek\u00e7iler bu zamlarla birlikte daha da yoksulla\u015f\u0131yor. Krize \u00e7\u00f6z\u00fcm olarak sunulan s\u00f6zde \u00f6nlemler ile birlikte fatura hep halka kesiliyor. Elini ta\u015f\u0131n alt\u0131na koymas\u0131 gereken, fedakarl\u0131k beklenen, zaten g\u00fcnden g\u00fcne daha da yoksulla\u015fan halk oluyor. \u00d6te yandan krizi f\u0131rsata \u00e7evirmeye \u00e7al\u0131\u015fan t\u00fcccarlar ise g\u00fcn\u00fcn\u00fc g\u00fcn etmeye devam ediyor. H\u00fck\u00fcmet, halk\u0131n\u0131 de\u011fil halk d\u00fc\u015fman\u0131 patronlar\u0131 koruyor. Kriz i\u00e7in h\u00fck\u00fcmetin ald\u0131\u011f\u0131 s\u00f6zde \u00f6nlemleri incelersek, halk\u0131n \u00e7\u0131karlar\u0131n\u0131 de\u011fil t\u00fcccarlar\u0131n, b\u00fcy\u00fck in\u015faat \u015firketlerinin yani sermayedarlar\u0131n \u00e7\u0131karlar\u0131n\u0131 korudu\u011funu g\u00f6r\u00fcr\u00fcz. Peki tersi m\u00fcmk\u00fcn m\u00fc? Evet m\u00fcmk\u00fcn. Bankalarda y\u00fckl\u00fc miktarda mevduat\u0131 olanlar\u0131n bir defaya mahsus olmak \u00fczere servetinin bir k\u0131sm\u0131na el konularak i\u015fsizlik, sosyal yard\u0131m ve kamu altyap\u0131 yat\u0131r\u0131mlar\u0131 i\u00e7in olu\u015fturulacak fonlara aktar\u0131labilir. Dahas\u0131 b\u00fcy\u00fck otel sahiplerinin servetlerinin bir k\u0131sm\u0131 bir defaya mahsus olmak \u00fczere yerli \u00fcretimi te\u015fvik fonuna aktar\u0131labilir. Mesela devlete ait arsalar\u0131n, arazilerin ve binalar\u0131n komik bedeller kar\u015f\u0131l\u0131\u011f\u0131nda sermayeye pe\u015fke\u015fi durdurulup b\u00fcy\u00fck sermayeye sa\u011flanan arsa, arazi ve binalar\u0131n kira bedelleri art\u0131r\u0131labilir. Bu ve buna benzer pek\u00e7ok \u00f6neri Ba\u011f\u0131ms\u0131zl\u0131k Yolu taraf\u0131ndan h\u00fck\u00fcmete hali haz\u0131rda sunulmu\u015f bulunmaktad\u0131r. K\u0131sacas\u0131 halk\u0131 ezmekten ba\u015fka \u00e7areler de var ama bunu yapabilecek siyasi vizyona ve iradeye sahip bir h\u00fck\u00fcmet yok.<\/p>\n<p><b>Euro\u2019ya Ge\u00e7ersek Krizden Kurtulur muyuz?<\/b><\/p>\n<p>Ya\u015fad\u0131\u011f\u0131m\u0131z ekonomik krizden kurtulu\u015f i\u00e7in Federal K\u0131br\u0131s\u2019tan veya Euro\u2019ya ge\u00e7mekten ba\u015fka hi\u00e7bir \u015fey yap\u0131lamayaca\u011f\u0131n\u0131 savunanlar da var. Ekonomi bilimi a\u00e7\u0131s\u0131ndan bir anda para biriminizi de\u011fi\u015ftirmek m\u00fcmk\u00fcn m\u00fc de\u011fil mi, sonu\u00e7lar\u0131 ne olur vs. o apayr\u0131 bir tart\u0131\u015fma konusu\u2026 Yukar\u0131da k\u00fc\u00e7\u00fck bir miktar\u0131n\u0131 saymaya \u00e7al\u0131\u015ft\u0131\u011f\u0131m\u0131z, patronlar\u0131n de\u011fil halk\u0131n \u00e7\u0131karlar\u0131n\u0131 koruyacak \u00f6nerileri asl\u0131nda aynen h\u00fck\u00fcmet gibi g\u00f6rmezden gelen bir kesimce bu \u00f6neri s\u00fcrekli dile getiriliyor. A\u00e7\u0131k\u00e7as\u0131 Euro\u2019ya ge\u00e7mek (Euro\u2019nun bu kadar de\u011ferlendi\u011fi bu g\u00fcnlerde) olduk\u00e7a g\u00fczel duyuluyor de\u011fil mi? Hele ki tek \u00e7are olarak Federal K\u0131br\u0131s\u2019\u0131 savunmak? O daha da g\u00fczel. Bunlar g\u00fczel ama yoksulla\u015fan halk i\u00e7in ger\u00e7ekten do\u011fru \u00e7\u0131k\u0131\u015f yolu bunlar m\u0131? Bug\u00fcn hali haz\u0131rda Euro kullanan Yunanistan, \u0130spanya, Portekiz gibi AB \u00fclkelerine ve pek \u00e7ok G\u00fcney Amerika \u00fclkesine bakt\u0131\u011f\u0131m\u0131zda bu \u00fclkelerde de faturan\u0131n halka kesilmeye \u00e7al\u0131\u015f\u0131ld\u0131\u011f\u0131 ekonomik krizler ya\u015fand\u0131\u011f\u0131n\u0131 g\u00f6r\u00fcr\u00fcz. Yani s\u00f6z konusu kriz sadece T\u00fcrkiye\u2019ye veya kktc\u2019ye \u00f6zg\u00fc bir kriz de\u011fildir. Bu kriz her ne kadar AKP ve Erdo\u011fan\u2019\u0131n yanl\u0131\u015f politikalar\u0131yla katlansa da, \u00f6z\u00fcnde kapitalizmin krizidir ve farkl\u0131 bi\u00e7imlerle farkl\u0131 farkl\u0131 co\u011frafyalarda ortaya \u00e7\u0131kmaktad\u0131r. K\u0131sacas\u0131 baz\u0131 kesimlerce ekonomik krize \u00e7\u00f6z\u00fcm olarak g\u00f6sterilen Federal K\u0131br\u0131s veya Euro\u2019ya ge\u00e7i\u015f, ekonomik krizden \u00e7\u0131k\u0131\u015f de\u011fil; yeni ekonomik krizlere yelken a\u00e7ma riski ta\u015f\u0131maktad\u0131r. Bunu, ya\u011fmurdan ka\u00e7arken doluya tutulmak olarak da d\u00fc\u015f\u00fcnebiliriz. Bizler krizin sebeplerini do\u011fru tahlil edemezsek ve krizden \u00e7\u0131k\u0131\u015f i\u00e7in sadece \u201c\u00c7are Federal K\u0131br\u0131s\u201d dersek ho\u015f ama bo\u015f konu\u015fmu\u015f oluruz. \u00c7\u00fcnk\u00fc kktc\u2019de yoksul olmakla Federal K\u0131br\u0131s\u2019ta yoksul olmak aras\u0131nda hi\u00e7bir fark yoktur. Federal K\u0131br\u0131s veya yeniden birle\u015fme elbette ki u\u011fruna m\u00fccadele verilmesi gereken ve \u00fclkemizdeki \u201csiyasi krizin\u201d \u00e7\u00f6z\u00fcm\u00fc ile alakal\u0131 bir konudur. Oysa ki g\u00fcn\u00fcm\u00fczde ya\u015fanan bir ekonomik krizdir ve burada esas mesele halk\u0131n yoksulluktan kurtulmas\u0131 olmal\u0131d\u0131r. K\u0131sacas\u0131 tek \u00e7arenin Federal K\u0131br\u0131s oldu\u011funu s\u00f6yleyenler ekonomik kriz ile siyasi krizi ayn\u0131 \u015fey gibi kabul etmektedir ve bu hatal\u0131 bir bak\u0131\u015f a\u00e7\u0131s\u0131d\u0131r. Yoksulluktan kurtulmadan var\u0131lacak bir Federal K\u0131br\u0131s hedefi, halklar i\u00e7in yeni ve hatta ge\u00e7mi\u015ftekilerinden \u00e7ok daha b\u00fcy\u00fck \u00e7apl\u0131 bir hayal k\u0131r\u0131kl\u0131\u011f\u0131 yarat\u0131r.<\/p>\n<p><b>Ne Yapabiliriz?<\/b><\/p>\n<p>Ya\u015fad\u0131\u011f\u0131m\u0131z ekonomik krizin farkl\u0131 \u015fekillerle pek \u00e7ok \u00fclkede ya\u015fand\u0131\u011f\u0131 ger\u00e7e\u011fini ve oralarda verilen m\u00fccadeleleri g\u00f6z \u00f6n\u00fcnde bulundurarak, krizden dolay\u0131 yoksulla\u015fan halk\u0131n yani biz emek\u00e7ilerin, s\u0131n\u0131fsal temelli bir m\u00fccadele vermekten ba\u015fka bir \u00e7aresi bulunmamaktad\u0131r. Yani krizin faturas\u0131n\u0131n emek\u00e7ilere de\u011fil, sermayedarlara \u00e7\u0131kar\u0131lmas\u0131 i\u00e7in m\u00fccadele etmeliyiz. Krizin bedelini emek\u00e7ilere de\u011fil patronlara \u00f6detmek i\u00e7in \u00f6rg\u00fctlenmeliyiz. Bunu yaparken ayn\u0131 dertlerden farkl\u0131 \u015fekillerde muzdarip K\u0131br\u0131sl\u0131 Elenlerle de ezilen ve gittik\u00e7e yoksulla\u015fan halklar olarak s\u0131n\u0131fsal temelli bir dayan\u0131\u015fma kurmal\u0131y\u0131z. Ve emin olun ki bu, Federal K\u0131br\u0131s ve yeniden birle\u015fme i\u00e7in de b\u00fcy\u00fck bir ad\u0131m olacakt\u0131r.<\/p>\n","protected":false},"excerpt":{"rendered":"<p>Argasdi dergimizim &#8220;Kiriz&#8221; dosya konulu 52. say\u0131s\u0131ndan bir makale&#8230; Kriz ko\u015fullar\u0131nda ayakta kalmaya \u00e7al\u0131\u015fan &#8220;Argasdi&#8221;nizi, Baraka aktivistlerinden ve\u00a0 Khora Kitap Cafe&#8217;lerden \u0131srarla isteyiniz&#8230; \u00dclkemizde y\u0131llardan<\/p>\n","protected":false},"author":3,"featured_media":6438,"comment_status":"open","ping_status":"open","sticky":false,"template":"","format":"standard","meta":{"jetpack_post_was_ever_published":false,"_jetpack_newsletter_access":"","_jetpack_newsletter_tier_id":0,"jetpack_publicize_message":"","jetpack_is_tweetstorm":false,"jetpack_publicize_feature_enabled":true,"jetpack_social_post_already_shared":true,"jetpack_social_options":{"image_generator_settings":{"template":"highway","enabled":false}}},"categories":[40,67,38,9,42,1,39],"tags":[],"jetpack_publicize_connections":[],"jetpack_featured_media_url":"https:\/\/baraka.cc\/wp-content\/uploads\/2018\/11\/G\u00dcNDEM.jpg","jetpack_shortlink":"https:\/\/wp.me\/p4eHWX-1FP","jetpack_sharing_enabled":true,"_links":{"self":[{"href":"https:\/\/baraka.cc\/index.php?rest_route=\/wp\/v2\/posts\/6437"}],"collection":[{"href":"https:\/\/baraka.cc\/index.php?rest_route=\/wp\/v2\/posts"}],"about":[{"href":"https:\/\/baraka.cc\/index.php?rest_route=\/wp\/v2\/types\/post"}],"author":[{"embeddable":true,"href":"https:\/\/baraka.cc\/index.php?rest_route=\/wp\/v2\/users\/3"}],"replies":[{"embeddable":true,"href":"https:\/\/baraka.cc\/index.php?rest_route=%2Fwp%2Fv2%2Fcomments&post=6437"}],"version-history":[{"count":2,"href":"https:\/\/baraka.cc\/index.php?rest_route=\/wp\/v2\/posts\/6437\/revisions"}],"predecessor-version":[{"id":6440,"href":"https:\/\/baraka.cc\/index.php?rest_route=\/wp\/v2\/posts\/6437\/revisions\/6440"}],"wp:featuredmedia":[{"embeddable":true,"href":"https:\/\/baraka.cc\/index.php?rest_route=\/wp\/v2\/media\/6438"}],"wp:attachment":[{"href":"https:\/\/baraka.cc\/index.php?rest_route=%2Fwp%2Fv2%2Fmedia&parent=6437"}],"wp:term":[{"taxonomy":"category","embeddable":true,"href":"https:\/\/baraka.cc\/index.php?rest_route=%2Fwp%2Fv2%2Fcategories&post=6437"},{"taxonomy":"post_tag","embeddable":true,"href":"https:\/\/baraka.cc\/index.php?rest_route=%2Fwp%2Fv2%2Ftags&post=6437"}],"curies":[{"name":"wp","href":"https:\/\/api.w.org\/{rel}","templated":true}]}}