{"id":6442,"date":"2018-11-11T11:25:19","date_gmt":"2018-11-11T09:25:19","guid":{"rendered":"https:\/\/baraka.cc\/?p=6442"},"modified":"2018-11-11T11:25:19","modified_gmt":"2018-11-11T09:25:19","slug":"kibris-kokan-kitap-kibris-kokan-etkinlikle-tanitildi","status":"publish","type":"post","link":"https:\/\/baraka.cc\/?p=6442","title":{"rendered":"K\u0131br\u0131s Kokan Kitap, K\u0131br\u0131s Kokan Etkinlikle Tan\u0131t\u0131ld\u0131"},"content":{"rendered":"<p>Argasdi Yay\u0131nlar\u0131\u2019ndan \u00e7\u0131kan \u201cNenemin Deyi\u015fiynan\u201d kitab\u0131n\u0131n tan\u0131t\u0131m\u0131, Lefko\u015fa Surlari\u00e7i\u2019nde Tango Cafe by Colorido\u2019da ger\u00e7ekle\u015ftirildi.<\/p>\n<p>Zeytin dallar\u0131n\u0131n kokusu alt\u0131nda ger\u00e7ekle\u015ftirilen etkinlikte konuklara gulliri ve hellim ikram edildi. Etkinlikte Baraka M\u00fczik Grubu Sol Anahtar\u0131 da K\u0131br\u0131s melodileriyle konuklara duygu dolu anlar ya\u015fatt\u0131.<\/p>\n<p><a href=\"https:\/\/baraka.cc\/wp-content\/uploads\/2018\/11\/DSC0100.jpg\"><img decoding=\"async\" loading=\"lazy\" class=\"alignnone size-medium wp-image-6444\" alt=\"_DSC0100\" src=\"https:\/\/baraka.cc\/wp-content\/uploads\/2018\/11\/DSC0100-300x199.jpg\" width=\"300\" height=\"199\" srcset=\"https:\/\/baraka.cc\/wp-content\/uploads\/2018\/11\/DSC0100-300x199.jpg 300w, https:\/\/baraka.cc\/wp-content\/uploads\/2018\/11\/DSC0100-1024x680.jpg 1024w\" sizes=\"(max-width: 300px) 100vw, 300px\" \/><\/a><\/p>\n<p><b>\u015eansal: \u201cBu Kitapta T\u00fcm Argasdi Okur\/Yazarlar\u0131n\u0131n Eme\u011fi Var\u201d<\/b><\/p>\n<p>Etkinlikte ilk s\u00f6z\u00fc, Argasdi Hammaliye (Yay\u0131n) Kurulu ad\u0131na Nazen \u015eansal ald\u0131. Duvar gazetesi olarak yay\u0131n hayat\u0131na ba\u015flayan Argasdi\u2019nin 15 y\u0131ld\u0131r aral\u0131ks\u0131z \u00e7\u0131karak K\u0131br\u0131s\u2019\u0131n kuzeyinde en uzun s\u00fcredir yay\u0131nlanan K\u00fclt\u00fcr-Sanat-Politika dergisi haline geldi\u011fini ifade etti.<\/p>\n<p>\u015eansal, \u201cNenemin Deyi\u015fiynan\u201d kitab\u0131nda Argasdi\u2019nin gelmi\u015f ge\u00e7mi\u015f t\u00fcm yazarlar\u0131 ve okurlar\u0131n\u0131n eme\u011fi oldu\u011funu s\u00f6yledi.<\/p>\n<p>Tan\u0131t\u0131mda s\u00f6z\u00fc alan Tango Cafe i\u015fletme sahibi \u00dcmm\u00fchan G\u00f6kp\u0131nar ise, yazar \u015eifa Al\u00e7\u0131c\u0131o\u011flu ile \u00e7ocukluklar\u0131n\u0131n birlikte ge\u00e7ti\u011fini, k\u00fclt\u00fcr\u00fcm\u00fcze dair b\u00f6ylesi \u00f6nemli bir kitab\u0131n tan\u0131t\u0131m\u0131na ev sahipli\u011fi yapmaktan mutluluk duyduklar\u0131n\u0131 ifade etti. G\u00f6kp\u0131nar, Tango Cafe\u2019nin birinci y\u0131la girdi\u011fi b\u00f6ylesi \u00f6zel bir g\u00fcn\u00fc, K\u0131br\u0131s t\u00fcten bu etkinlikle kutlamalar\u0131n\u0131n ayr\u0131ca g\u00fczel bir duygu oldu\u011funu belirtti.<\/p>\n<p><a href=\"https:\/\/baraka.cc\/wp-content\/uploads\/2018\/11\/DSC0007.jpg\"><img decoding=\"async\" loading=\"lazy\" class=\"alignnone size-medium wp-image-6445\" alt=\"_DSC0007\" src=\"https:\/\/baraka.cc\/wp-content\/uploads\/2018\/11\/DSC0007-300x199.jpg\" width=\"300\" height=\"199\" srcset=\"https:\/\/baraka.cc\/wp-content\/uploads\/2018\/11\/DSC0007-300x199.jpg 300w, https:\/\/baraka.cc\/wp-content\/uploads\/2018\/11\/DSC0007-1024x680.jpg 1024w\" sizes=\"(max-width: 300px) 100vw, 300px\" \/><\/a> <a href=\"https:\/\/baraka.cc\/wp-content\/uploads\/2018\/11\/DSC0010.jpg\"><img decoding=\"async\" loading=\"lazy\" class=\"alignnone size-medium wp-image-6446\" alt=\"_DSC0010\" src=\"https:\/\/baraka.cc\/wp-content\/uploads\/2018\/11\/DSC0010-300x199.jpg\" width=\"300\" height=\"199\" srcset=\"https:\/\/baraka.cc\/wp-content\/uploads\/2018\/11\/DSC0010-300x199.jpg 300w, https:\/\/baraka.cc\/wp-content\/uploads\/2018\/11\/DSC0010-1024x680.jpg 1024w\" sizes=\"(max-width: 300px) 100vw, 300px\" \/><\/a> <a href=\"https:\/\/baraka.cc\/wp-content\/uploads\/2018\/11\/DSC0013.jpg\"><img decoding=\"async\" loading=\"lazy\" class=\"alignnone size-medium wp-image-6447\" alt=\"_DSC0013\" src=\"https:\/\/baraka.cc\/wp-content\/uploads\/2018\/11\/DSC0013-300x199.jpg\" width=\"300\" height=\"199\" srcset=\"https:\/\/baraka.cc\/wp-content\/uploads\/2018\/11\/DSC0013-300x199.jpg 300w, https:\/\/baraka.cc\/wp-content\/uploads\/2018\/11\/DSC0013-1024x680.jpg 1024w\" sizes=\"(max-width: 300px) 100vw, 300px\" \/><\/a><\/p>\n<p><b>Al\u00e7\u0131c\u0131o\u011flu: \u201cK\u00fclt\u00fcr Nostaljik Bir \u00d6\u011fe Olarak Kalmamal\u0131, Ya\u015fam \u015eeklimizin Par\u00e7as\u0131 Olmal\u0131&#8221;<\/b><\/p>\n<p>Kitab\u0131n yazar\u0131 \u015eifa Al\u00e7\u0131c\u0131o\u011flu, kitab\u0131n haz\u0131rlan\u0131\u015f s\u00fcrecinde kar\u015f\u0131la\u015ft\u0131\u011f\u0131 s\u0131k\u0131nt\u0131lardan bahsederek, k\u00fclt\u00fcr\u00fcm\u00fcze dair \u00e7al\u0131\u015fmalar haz\u0131rlan\u0131rken ya\u015fan\u0131lan zorluklardan bahsetti. Al\u00e7\u0131c\u0131o\u011flu, k\u00fclt\u00fcr\u00fcm\u00fcze y\u00f6nelik her sald\u0131r\u0131n\u0131n bir direni\u015fle kar\u015f\u0131lanmas\u0131 gerekti\u011fini s\u00f6yleyerek, bu kitab\u0131n da \u00f6yle bir direni\u015f oldu\u011funu kaydetti. K\u00fclt\u00fcr\u00fcn nostaljik bir \u00f6\u011fe olarak kalmamas\u0131 gerekti\u011fini, ya\u015fam tarz\u0131m\u0131z\u0131n par\u00e7as\u0131 olarak hayat\u0131m\u0131zda yer almas\u0131 gerekti\u011fini s\u00f6yleyen Al\u00e7\u0131c\u0131o\u011flu, \u00fclkemizde farkl\u0131 k\u00fclt\u00fcrlerin ayr\u0131\u015ft\u0131r\u0131c\u0131 de\u011fil, birle\u015ftirici g\u00fcc\u00fcne inand\u0131klar\u0131n\u0131 s\u00f6yledi.<\/p>\n<p>Al\u00e7\u0131c\u0131o\u011flu, kitab\u0131n \u201ccopyleft\u201d oldu\u011funu, yani kaynak g\u00f6sterilmek suretiyle istenildi\u011fi zaman istenildi\u011fi yerde kullan\u0131lmas\u0131n\u0131n kendilerini mutlu edece\u011fini s\u00f6yleyerek, \u201cbilgi payla\u015f\u0131ld\u0131k\u00e7a \u00e7o\u011fal\u0131r\u201d dedi. Nenemin Deyi\u015fiynan kitan\u0131n\u0131n ilham kayna\u011f\u0131 \u015eifa Sofu ise, okurlardan gelen sorular \u00fczerine el makarnas\u0131n\u0131n ve hartu\u00e7un nas\u0131l yap\u0131ld\u0131\u011f\u0131 anlatt\u0131.<\/p>\n<p>Tan\u0131t\u0131m etkinli\u011fi, soru ve g\u00f6r\u00fc\u015flerin ard\u0131ndan imza etkinli\u011fi ile sona erdi.<\/p>\n<p><a href=\"https:\/\/baraka.cc\/wp-content\/uploads\/2018\/11\/DSC0043.jpg\"><img decoding=\"async\" loading=\"lazy\" class=\"alignnone size-medium wp-image-6448\" alt=\"_DSC0043\" src=\"https:\/\/baraka.cc\/wp-content\/uploads\/2018\/11\/DSC0043-300x199.jpg\" width=\"300\" height=\"199\" srcset=\"https:\/\/baraka.cc\/wp-content\/uploads\/2018\/11\/DSC0043-300x199.jpg 300w, https:\/\/baraka.cc\/wp-content\/uploads\/2018\/11\/DSC0043-1024x680.jpg 1024w\" sizes=\"(max-width: 300px) 100vw, 300px\" \/><\/a> <a href=\"https:\/\/baraka.cc\/wp-content\/uploads\/2018\/11\/DSC0054.jpg\"><img decoding=\"async\" loading=\"lazy\" class=\"alignnone size-medium wp-image-6449\" alt=\"_DSC0054\" src=\"https:\/\/baraka.cc\/wp-content\/uploads\/2018\/11\/DSC0054-300x199.jpg\" width=\"300\" height=\"199\" srcset=\"https:\/\/baraka.cc\/wp-content\/uploads\/2018\/11\/DSC0054-300x199.jpg 300w, https:\/\/baraka.cc\/wp-content\/uploads\/2018\/11\/DSC0054-1024x680.jpg 1024w\" sizes=\"(max-width: 300px) 100vw, 300px\" \/><\/a> <a href=\"https:\/\/baraka.cc\/wp-content\/uploads\/2018\/11\/DSC0056.jpg\"><img decoding=\"async\" loading=\"lazy\" class=\"alignnone size-medium wp-image-6450\" alt=\"_DSC0056\" src=\"https:\/\/baraka.cc\/wp-content\/uploads\/2018\/11\/DSC0056-300x199.jpg\" width=\"300\" height=\"199\" srcset=\"https:\/\/baraka.cc\/wp-content\/uploads\/2018\/11\/DSC0056-300x199.jpg 300w, https:\/\/baraka.cc\/wp-content\/uploads\/2018\/11\/DSC0056-1024x680.jpg 1024w\" sizes=\"(max-width: 300px) 100vw, 300px\" \/><\/a> <a href=\"https:\/\/baraka.cc\/wp-content\/uploads\/2018\/11\/DSC0079.jpg\"><img decoding=\"async\" loading=\"lazy\" class=\"alignnone size-medium wp-image-6451\" alt=\"_DSC0079\" src=\"https:\/\/baraka.cc\/wp-content\/uploads\/2018\/11\/DSC0079-300x199.jpg\" width=\"300\" height=\"199\" srcset=\"https:\/\/baraka.cc\/wp-content\/uploads\/2018\/11\/DSC0079-300x199.jpg 300w, https:\/\/baraka.cc\/wp-content\/uploads\/2018\/11\/DSC0079-1024x680.jpg 1024w\" sizes=\"(max-width: 300px) 100vw, 300px\" \/><\/a><\/p>\n<p><a href=\"https:\/\/baraka.cc\/wp-content\/uploads\/2018\/11\/DSC0089.jpg\"><img decoding=\"async\" loading=\"lazy\" class=\"alignnone size-medium wp-image-6452\" alt=\"_DSC0089\" src=\"https:\/\/baraka.cc\/wp-content\/uploads\/2018\/11\/DSC0089-300x199.jpg\" width=\"300\" height=\"199\" srcset=\"https:\/\/baraka.cc\/wp-content\/uploads\/2018\/11\/DSC0089-300x199.jpg 300w, https:\/\/baraka.cc\/wp-content\/uploads\/2018\/11\/DSC0089-1024x680.jpg 1024w\" sizes=\"(max-width: 300px) 100vw, 300px\" \/><\/a><\/p>\n","protected":false},"excerpt":{"rendered":"<p>Argasdi Yay\u0131nlar\u0131\u2019ndan \u00e7\u0131kan \u201cNenemin Deyi\u015fiynan\u201d kitab\u0131n\u0131n tan\u0131t\u0131m\u0131, Lefko\u015fa Surlari\u00e7i\u2019nde Tango Cafe by Colorido\u2019da ger\u00e7ekle\u015ftirildi. Zeytin dallar\u0131n\u0131n kokusu alt\u0131nda ger\u00e7ekle\u015ftirilen etkinlikte konuklara gulliri ve hellim ikram<\/p>\n","protected":false},"author":12,"featured_media":6443,"comment_status":"open","ping_status":"open","sticky":false,"template":"","format":"standard","meta":{"jetpack_post_was_ever_published":false,"_jetpack_newsletter_access":"","_jetpack_newsletter_tier_id":0,"jetpack_publicize_message":"K\u0131br\u0131s Kokan Kitap, K\u0131br\u0131s Kokan Etkinlikle Tan\u0131t\u0131ld\u0131","jetpack_is_tweetstorm":false,"jetpack_publicize_feature_enabled":true,"jetpack_social_post_already_shared":true,"jetpack_social_options":{"image_generator_settings":{"template":"highway","enabled":false}}},"categories":[40,9,39],"tags":[71],"jetpack_publicize_connections":[],"jetpack_featured_media_url":"https:\/\/baraka.cc\/wp-content\/uploads\/2018\/11\/DSC0095.jpg","jetpack_shortlink":"https:\/\/wp.me\/p4eHWX-1FU","jetpack_sharing_enabled":true,"_links":{"self":[{"href":"https:\/\/baraka.cc\/index.php?rest_route=\/wp\/v2\/posts\/6442"}],"collection":[{"href":"https:\/\/baraka.cc\/index.php?rest_route=\/wp\/v2\/posts"}],"about":[{"href":"https:\/\/baraka.cc\/index.php?rest_route=\/wp\/v2\/types\/post"}],"author":[{"embeddable":true,"href":"https:\/\/baraka.cc\/index.php?rest_route=\/wp\/v2\/users\/12"}],"replies":[{"embeddable":true,"href":"https:\/\/baraka.cc\/index.php?rest_route=%2Fwp%2Fv2%2Fcomments&post=6442"}],"version-history":[{"count":1,"href":"https:\/\/baraka.cc\/index.php?rest_route=\/wp\/v2\/posts\/6442\/revisions"}],"predecessor-version":[{"id":6453,"href":"https:\/\/baraka.cc\/index.php?rest_route=\/wp\/v2\/posts\/6442\/revisions\/6453"}],"wp:featuredmedia":[{"embeddable":true,"href":"https:\/\/baraka.cc\/index.php?rest_route=\/wp\/v2\/media\/6443"}],"wp:attachment":[{"href":"https:\/\/baraka.cc\/index.php?rest_route=%2Fwp%2Fv2%2Fmedia&parent=6442"}],"wp:term":[{"taxonomy":"category","embeddable":true,"href":"https:\/\/baraka.cc\/index.php?rest_route=%2Fwp%2Fv2%2Fcategories&post=6442"},{"taxonomy":"post_tag","embeddable":true,"href":"https:\/\/baraka.cc\/index.php?rest_route=%2Fwp%2Fv2%2Ftags&post=6442"}],"curies":[{"name":"wp","href":"https:\/\/api.w.org\/{rel}","templated":true}]}}