{"id":6464,"date":"2018-11-21T10:30:09","date_gmt":"2018-11-21T08:30:09","guid":{"rendered":"https:\/\/baraka.cc\/?p=6464"},"modified":"2018-11-21T10:30:09","modified_gmt":"2018-11-21T08:30:09","slug":"lefkosada-orgutlerden-ortak-25-kasim-eylemi","status":"publish","type":"post","link":"https:\/\/baraka.cc\/?p=6464","title":{"rendered":"Lefko\u015fa&#8217;da \u00d6rg\u00fctlerden Ortak 25 Kas\u0131m Eylemi"},"content":{"rendered":"<p><span style=\"color: #000000; font-family: Calibri;\">Ge\u00e7ti\u011fimiz g\u00fcn bir k\u0131z karde\u015fimizin daha aram\u0131zdan al\u0131nd\u0131\u011f\u0131 haberini \u00fcz\u00fcnt\u00fc ve \u00f6fkeyle okuduk. Son bir ay i\u00e7erisinde ger\u00e7ekle\u015fen ikinci kad\u0131n cinayeti kar\u015f\u0131s\u0131nda \u00f6fkemizi \u00f6rg\u00fctlemek ve ya\u015fan\u0131lan kad\u0131n cinayetlerinin hesab\u0131n\u0131 muhataplar\u0131na sormak \u00fczere 25 Kas\u0131m Pazar G\u00fcn\u00fc soka\u011fa \u00e7\u0131k\u0131yoruz.<\/span><\/p>\n<p><span style=\"color: #000000; font-family: Calibri;\">Kad\u0131na Y\u00f6nelik \u015eiddete Kar\u015f\u0131 Uluslararas\u0131 M\u00fccadele G\u00fcn\u00fc olan 25 Kas\u0131m\u2019da, Kad\u0131n E\u011fitimi Kolektifi, Baraka K\u00fclt\u00fcr Merkezi ve Ba\u011f\u0131ms\u0131zl\u0131k Yolu olarak ortak ger\u00e7ekle\u015ftirece\u011fimiz eylem saat 16:30\u2019da \u0130\u00e7i\u015fleri Bakanl\u0131\u011f\u0131, Polis Genel M\u00fcd\u00fcrl\u00fc\u011f\u00fc ve Meclis \u00f6n\u00fcnde e\u015f zamanl\u0131 olarak bildiri okunmas\u0131yla ba\u015flayacakt\u0131r.<\/span><\/p>\n<p><span style=\"color: #000000; font-family: Calibri;\">Gece kul\u00fcplerinde seks k\u00f6lesi olarak kad\u0131nlar\u0131n gayriinsani ko\u015fullarda \u00e7al\u0131\u015ft\u0131r\u0131lmas\u0131na g\u00f6z yuman ve hi\u00e7bir icraatta bulunmayan \u0130\u00e7i\u015fleri Bakan\u0131na,<\/span><\/p>\n<p><span style=\"color: #000000; font-family: Calibri;\">\u015eiddete u\u011frayan kad\u0131nlar\u0131n \u015fikayetlerini ciddiyetle ele almayan polisin kad\u0131nlar\u0131n can g\u00fcvenli\u011fini, beden b\u00fct\u00fcnl\u00fc\u011f\u00fcn\u00fc ve cinsel dokunulmazl\u0131\u011f\u0131n\u0131 koruman\u0131n g\u00f6revi oldu\u011funu hat\u0131rlatmak i\u00e7in Polis Genel M\u00fcd\u00fcrl\u00fc\u011f\u00fc\u2019ne,<\/span><\/p>\n<p><span style=\"color: #000000; font-family: Calibri;\">Sosyal hizmetlere y\u0131llarca dar bir b\u00fct\u00e7e \u00f6ng\u00f6rerek kad\u0131nlar\u0131n \u015fiddete kar\u015f\u0131 korunmas\u0131z kalmas\u0131na sebebiyet veren vekillere b\u00fct\u00e7e g\u00f6r\u00fc\u015fmeleri s\u00fcrerken sorumluluklar\u0131n\u0131 hat\u0131rlamak ve hesap sormak \u00fczere e\u015f zamanl\u0131 olarak bas\u0131n bildirileri okunacakt\u0131r.<\/span><\/p>\n<p><span style=\"color: #000000; font-family: Calibri;\">Saat 17:00\u2019da ise, \u00c7al\u0131\u015fma ve Sosyal G\u00fcvenlik Bakanl\u0131\u011f\u0131 \u00f6n\u00fcnde toplan\u0131larak kad\u0131na y\u00f6nelik \u015fiddetin \u00f6nlenmesi ve koruyucu bir mekanizma geli\u015ftirilmesi yasal g\u00f6revi olan Bakan Zeki \u00c7eler, kad\u0131n cinayetlerinden birincil derecede sorumlu bulundu\u011fu i\u00e7in protesto edilecektir. \u00c7al\u0131\u015fma ve Sosyal G\u00fcvenlik Bakanl\u0131\u011f\u0131 \u00f6n\u00fcnde yap\u0131lacak bas\u0131n a\u00e7\u0131klamas\u0131 ard\u0131ndan 25 Kas\u0131m eylemimiz sonlanacakt\u0131r.<\/span><\/p>\n<p><span style=\"color: #000000; font-family: Calibri;\">Kad\u0131n E\u011fitimi Kolektifi, Baraka K\u00fclt\u00fcr Merkezi ve Ba\u011f\u0131ms\u0131zl\u0131k Yolu olarak ger\u00e7ekle\u015ftirece\u011fimiz eylemlerimize kad\u0131n cinayetlerine kar\u015f\u0131 \u00fcz\u00fcnt\u00fc ve \u00f6fke duyan herkesi \u00e7a\u011f\u0131r\u0131r\u0131z. \u0130syan\u0131n\u0131 al da gel!<\/span><\/p>\n<p><b><span style=\"color: #000000; font-family: Calibri;\">Kad\u0131n E\u011fitimi Kolektifi<\/span><\/b><\/p>\n<p><b><span style=\"color: #000000; font-family: Calibri;\">Baraka K\u00fclt\u00fcr Merkezi<\/span><\/b><\/p>\n<p><b><span style=\"color: #000000; font-family: Calibri;\">Ba\u011f\u0131ms\u0131zl\u0131k Yolu<\/span><\/b><\/p>\n","protected":false},"excerpt":{"rendered":"<p>Ge\u00e7ti\u011fimiz g\u00fcn bir k\u0131z karde\u015fimizin daha aram\u0131zdan al\u0131nd\u0131\u011f\u0131 haberini \u00fcz\u00fcnt\u00fc ve \u00f6fkeyle okuduk. Son bir ay i\u00e7erisinde ger\u00e7ekle\u015fen ikinci kad\u0131n cinayeti kar\u015f\u0131s\u0131nda \u00f6fkemizi \u00f6rg\u00fctlemek ve<\/p>\n","protected":false},"author":12,"featured_media":6465,"comment_status":"open","ping_status":"open","sticky":false,"template":"","format":"standard","meta":{"jetpack_post_was_ever_published":false,"_jetpack_newsletter_access":"","_jetpack_newsletter_tier_id":0,"jetpack_publicize_message":"Lefko\u015fa'da \u00d6rg\u00fctlerden Ortak 25 Kas\u0131m Eylemi","jetpack_is_tweetstorm":false,"jetpack_publicize_feature_enabled":true,"jetpack_social_post_already_shared":true,"jetpack_social_options":{"image_generator_settings":{"template":"highway","enabled":false}}},"categories":[66,47,9],"tags":[],"jetpack_publicize_connections":[],"jetpack_featured_media_url":"https:\/\/baraka.cc\/wp-content\/uploads\/2018\/11\/ortak-c\u0327ag\u0306r\u0131.png","jetpack_shortlink":"https:\/\/wp.me\/p4eHWX-1Gg","jetpack_sharing_enabled":true,"_links":{"self":[{"href":"https:\/\/baraka.cc\/index.php?rest_route=\/wp\/v2\/posts\/6464"}],"collection":[{"href":"https:\/\/baraka.cc\/index.php?rest_route=\/wp\/v2\/posts"}],"about":[{"href":"https:\/\/baraka.cc\/index.php?rest_route=\/wp\/v2\/types\/post"}],"author":[{"embeddable":true,"href":"https:\/\/baraka.cc\/index.php?rest_route=\/wp\/v2\/users\/12"}],"replies":[{"embeddable":true,"href":"https:\/\/baraka.cc\/index.php?rest_route=%2Fwp%2Fv2%2Fcomments&post=6464"}],"version-history":[{"count":1,"href":"https:\/\/baraka.cc\/index.php?rest_route=\/wp\/v2\/posts\/6464\/revisions"}],"predecessor-version":[{"id":6466,"href":"https:\/\/baraka.cc\/index.php?rest_route=\/wp\/v2\/posts\/6464\/revisions\/6466"}],"wp:featuredmedia":[{"embeddable":true,"href":"https:\/\/baraka.cc\/index.php?rest_route=\/wp\/v2\/media\/6465"}],"wp:attachment":[{"href":"https:\/\/baraka.cc\/index.php?rest_route=%2Fwp%2Fv2%2Fmedia&parent=6464"}],"wp:term":[{"taxonomy":"category","embeddable":true,"href":"https:\/\/baraka.cc\/index.php?rest_route=%2Fwp%2Fv2%2Fcategories&post=6464"},{"taxonomy":"post_tag","embeddable":true,"href":"https:\/\/baraka.cc\/index.php?rest_route=%2Fwp%2Fv2%2Ftags&post=6464"}],"curies":[{"name":"wp","href":"https:\/\/api.w.org\/{rel}","templated":true}]}}