{"id":6467,"date":"2018-11-23T15:12:23","date_gmt":"2018-11-23T13:12:23","guid":{"rendered":"https:\/\/baraka.cc\/?p=6467"},"modified":"2018-11-23T15:53:14","modified_gmt":"2018-11-23T13:53:14","slug":"nenemin-deyisiynan-kibris-kulturu-uzerine-yazilar-kitabi-bakana-takdim-edildi","status":"publish","type":"post","link":"https:\/\/baraka.cc\/?p=6467","title":{"rendered":"\u201cNenemin Deyi\u015fiynan (K\u0131br\u0131s K\u00fclt\u00fcr\u00fc \u00dczerine Yaz\u0131lar)\u201d Kitab\u0131 Bakana Takdim Edildi"},"content":{"rendered":"<p style=\"text-align: center;\"><a href=\"https:\/\/baraka.cc\/wp-content\/uploads\/2018\/11\/foto1.jpg\"><img decoding=\"async\" loading=\"lazy\" class=\"alignnone size-medium wp-image-6468\" alt=\"foto1\" src=\"https:\/\/baraka.cc\/wp-content\/uploads\/2018\/11\/foto1-300x225.jpg\" width=\"300\" height=\"225\" srcset=\"https:\/\/baraka.cc\/wp-content\/uploads\/2018\/11\/foto1-300x225.jpg 300w, https:\/\/baraka.cc\/wp-content\/uploads\/2018\/11\/foto1.jpg 960w\" sizes=\"(max-width: 300px) 100vw, 300px\" \/><\/a><\/p>\n<p>Baraka aktivisti \u015eifa Al\u00e7\u0131c\u0131o\u011flu\u2019nun kaleme ald\u0131\u011f\u0131, Argasdi Yay\u0131nlar\u0131\u2019ndan \u00e7\u0131kan \u201cNenemin Deyi\u015fiynan (K\u0131br\u0131s K\u00fclt\u00fcr\u00fc \u00dczerine Yaz\u0131lar)\u201d isimli kitap, Milli E\u011fitim ve K\u00fclt\u00fcr Bakan\u0131 Cemal \u00d6zyi\u011fit\u2019e takdim edildi.<\/p>\n<p>Kitab\u0131n yazar\u0131 \u015eifa Al\u00e7\u0131c\u0131o\u011flu ve Argasdi Yay\u0131nlar\u0131 edit\u00f6rlerinin kat\u0131ld\u0131\u011f\u0131 g\u00f6r\u00fc\u015fmede, Bakan \u00d6zyi\u011fit ile kitab\u0131n haz\u0131rlanma amac\u0131, i\u00e7eri\u011fi ve k\u00fclt\u00fcrel de\u011ferlerin ya\u015fat\u0131lmas\u0131 \u00fczerine bir sohbet ger\u00e7ekle\u015ftirildi. E\u011fitimin, \u00fclkemizin en \u00f6nemli konular\u0131ndan biri oldu\u011funu vurgulayan yazar, ayn\u0131 Bakanl\u0131k alt\u0131nda \u201ck\u00fclt\u00fcr\u201d\u00fcn de yer ald\u0131\u011f\u0131n\u0131 ve \u00fclkemizin kendine \u00f6zg\u00fc ko\u015fullar\u0131 gere\u011fi asimilasyona direnmenin ve kimli\u011fimizi ya\u015fatman\u0131n \u00e7ok \u00f6nemli oldu\u011funu belirtti.<\/p>\n<p>Bakan \u00d6zyi\u011fit ise kendi meslek hayat\u0131ndan ve aile ya\u015fam\u0131ndan \u00f6rneklerle k\u00fclt\u00fcrel de\u011ferlerimize sahip \u00e7\u0131kman\u0131n \u00f6nemini vurgulad\u0131 ve kitab\u0131n hay\u0131rl\u0131 olmas\u0131n\u0131 temenni etti.<\/p>\n<p>Baraka K\u00fclt\u00fcr Merkezi\u2019nin k\u00fclt\u00fcr-sanat-politika dergisi Argasdi\u2019de 2012 y\u0131l\u0131ndan bu yana yay\u0131mlanan k\u00fclt\u00fcre dair yaz\u0131lardan olu\u015fan kitap, k\u00fclt\u00fcr\u00fcn\u00fc \u00f6\u011frenip yeni nesillere aktarma sorumlulu\u011fu hisseden e\u011fitimcilere faydal\u0131 olaca\u011f\u0131 ve adam\u0131zdaki farkl\u0131 k\u00fclt\u00fcrlerin kayna\u015fmas\u0131na hizmet edece\u011fi inanc\u0131yla Bakana takdim edildi.<\/p>\n","protected":false},"excerpt":{"rendered":"<p>Baraka aktivisti \u015eifa Al\u00e7\u0131c\u0131o\u011flu\u2019nun kaleme ald\u0131\u011f\u0131, Argasdi Yay\u0131nlar\u0131\u2019ndan \u00e7\u0131kan \u201cNenemin Deyi\u015fiynan (K\u0131br\u0131s K\u00fclt\u00fcr\u00fc \u00dczerine Yaz\u0131lar)\u201d isimli kitap, Milli E\u011fitim ve K\u00fclt\u00fcr Bakan\u0131 Cemal \u00d6zyi\u011fit\u2019e takdim<\/p>\n","protected":false},"author":3,"featured_media":6468,"comment_status":"open","ping_status":"open","sticky":false,"template":"","format":"standard","meta":{"jetpack_post_was_ever_published":false,"_jetpack_newsletter_access":"","_jetpack_newsletter_tier_id":0,"jetpack_publicize_message":"","jetpack_is_tweetstorm":false,"jetpack_publicize_feature_enabled":true,"jetpack_social_post_already_shared":true,"jetpack_social_options":{"image_generator_settings":{"template":"highway","enabled":false}}},"categories":[40,9,1,39],"tags":[],"jetpack_publicize_connections":[],"jetpack_featured_media_url":"https:\/\/baraka.cc\/wp-content\/uploads\/2018\/11\/foto1.jpg","jetpack_shortlink":"https:\/\/wp.me\/p4eHWX-1Gj","jetpack_sharing_enabled":true,"_links":{"self":[{"href":"https:\/\/baraka.cc\/index.php?rest_route=\/wp\/v2\/posts\/6467"}],"collection":[{"href":"https:\/\/baraka.cc\/index.php?rest_route=\/wp\/v2\/posts"}],"about":[{"href":"https:\/\/baraka.cc\/index.php?rest_route=\/wp\/v2\/types\/post"}],"author":[{"embeddable":true,"href":"https:\/\/baraka.cc\/index.php?rest_route=\/wp\/v2\/users\/3"}],"replies":[{"embeddable":true,"href":"https:\/\/baraka.cc\/index.php?rest_route=%2Fwp%2Fv2%2Fcomments&post=6467"}],"version-history":[{"count":2,"href":"https:\/\/baraka.cc\/index.php?rest_route=\/wp\/v2\/posts\/6467\/revisions"}],"predecessor-version":[{"id":6470,"href":"https:\/\/baraka.cc\/index.php?rest_route=\/wp\/v2\/posts\/6467\/revisions\/6470"}],"wp:featuredmedia":[{"embeddable":true,"href":"https:\/\/baraka.cc\/index.php?rest_route=\/wp\/v2\/media\/6468"}],"wp:attachment":[{"href":"https:\/\/baraka.cc\/index.php?rest_route=%2Fwp%2Fv2%2Fmedia&parent=6467"}],"wp:term":[{"taxonomy":"category","embeddable":true,"href":"https:\/\/baraka.cc\/index.php?rest_route=%2Fwp%2Fv2%2Fcategories&post=6467"},{"taxonomy":"post_tag","embeddable":true,"href":"https:\/\/baraka.cc\/index.php?rest_route=%2Fwp%2Fv2%2Ftags&post=6467"}],"curies":[{"name":"wp","href":"https:\/\/api.w.org\/{rel}","templated":true}]}}