{"id":647,"date":"2009-03-19T11:47:12","date_gmt":"2009-03-19T08:47:12","guid":{"rendered":"https:\/\/baraka.cc\/?p=647"},"modified":"2017-10-17T10:49:38","modified_gmt":"2017-10-17T08:49:38","slug":"iskenceyi-onleme-platformu-kuruldu","status":"publish","type":"post","link":"https:\/\/baraka.cc\/?p=647","title":{"rendered":"\u0130\u015fkenceyi \u00d6nleme Platformu Kuruldu"},"content":{"rendered":"<p>&nbsp;<\/p>\n<p>Son zamanlarda artan bir \u015fekilde baz\u0131 meslek \u00f6rg\u00fctleri ve sivil toplum \u00f6rg\u00fctlerinin g\u00fcndemine gelen ve medyaya yans\u0131yan, polis karakollar\u0131ndaki i\u015fkence iddialar\u0131 \u00fczerine sivil toplum \u00f6rg\u00fctlerinin kat\u0131l\u0131m\u0131yla i\u015fkenceyi \u00d6nleme Platformu kurulmu\u015ftur. ASI K\u00fclt\u00fcr Derne\u011fi, Baraka K\u00fclt\u00fcr Merkezi, Homofobiye Kar\u015f\u0131 \u0130nisiyatif, K\u0131br\u0131s T\u00fcrk Psikologlar Derne\u011fi, K\u0131br\u0131sl\u0131 T\u00fcrk \u0130nsan Haklar\u0131 Vakf\u0131, Lefko\u015fa Mahalli Barosu, Sosyal Riskleri \u00d6nleme Vakf\u0131 ve TIP-\u0130\u015e platformun kurucu \u00fcyeleri oldular.<\/p>\n<p>\u0130\u015fkence yasas\u0131, ki\u015finin v\u00fccut b\u00fct\u00fcnl\u00fc\u011f\u00fc ve v\u00fccut dokunulmazl\u0131\u011f\u0131 hakk\u0131n\u0131 ihlal eden ve di\u011fer b\u00fct\u00fcn insanl\u0131k d\u0131\u015f\u0131, zalimane ve onur k\u0131r\u0131c\u0131 muamele ve cezalar\u0131 da i\u00e7ine alan, kay\u0131ts\u0131z \u015farts\u0131z uyulmas\u0131 gereken bir yasakt\u0131r. Kurulan platformun temel g\u00f6revi bu ilkeye dayanarak i\u015fkence vakalar\u0131n\u0131 \u00f6nlemektir. Bu ba\u011flamda, \u0130\u015fkenceyi \u00d6nleme Platformu\u2019nun ileride hayata ge\u00e7irmeye planlad\u0131\u011f\u0131 \u00e7al\u0131\u015fmalar \u015f\u00f6yle s\u0131ralanabilir:<br \/>\n\u00b7 Makul \u015f\u00fcphedeki iddialar\u0131n ara\u015ft\u0131r\u0131lmas\u0131 i\u00e7in ilgili mercilere \u015fikayetlerde bulunmak<br \/>\n\u00b7 Toplumsal bilincin ve farkyndal\u0131\u011f\u0131n art\u0131r\u0131lmas\u0131 i\u00e7in kampanyalar y\u00fcr\u00fctmek<br \/>\nDevlet yetkilileri ve her d\u00fczeyde devlet g\u00f6revlilerini, i\u015fkence yasas\u0131 ve i\u015fkence yasas\u0131 kapsam\u0131nda KKTC taraf\u0131ndan onaylanan uluslararas\u0131 s\u00f6zle\u015fmelerden do\u011fan y\u00fck\u00fcml\u00fcl\u00fckleri konusunda bilgilendirmek<br \/>\n\u00b7 \u0130\u015fkence ma\u011fdurlar\u0131na destek vermek ve devletin onaylad\u0131\u011f\u0131 uluslararas\u0131 s\u00f6zle\u015fmelerden do\u011fan y\u00fck\u00fcml\u00fcl\u00fcklerinden dolay\u0131 ba\u015fta i\u015fkencenin ceza yasas\u0131nda yer almas\u0131 i\u00e7in giri\u015fimde bulunmak ve i\u015fkence yasas\u0131na ayk\u0131r\u0131 di\u011fer mevzuat\u0131n \u00e7a\u011fdaslast\u0131r\u0131lmas\u0131n\u0131 sa\u011flamak<br \/>\n\u00b7 \u0130\u015fkence ma\u011fdurlar\u0131na gerekli durumlarda t\u0131bbi, psikolojik ve hukuki destek sa\u011flamak<\/p>\n<p>\u0130\u015fkenceyi \u00d6nleme Platformu, kendisini sadece kurucu \u00fcyelerle s\u0131n\u0131rlamamy\u0131 ve konuya ilgi g\u00f6steren di\u011fer t\u00fcm \u00f6rg\u00fct ve kurumlara da a\u00e7\u0131k olup onlar\u0131n da deste\u011fini beklemektedir.<br \/>\nPlatform hakk\u0131nda bilgi almak veya platfromu desteklemek isteyen ki\u015filer ve \u00f6rg\u00fctler 22 91 748 telefon numaras\u0131,\u00a0<a href=\"mailto:iskenceyionlemeplatformu@yahoo.com\">iskenceyionlemeplatformu@yahoo.com<\/a>\u00a0veya\u00a0<a href=\"mailto:iskenceyionlemeplat%20formu@gmail.com\">iskenceyionlemeplat formu@gmail.com<\/a>\u00a0email adresleri ve\u00a0<a href=\"http:\/\/iskenceyionlemeplatformu.blogspot.com\/\" target=\"_blank\">http:\/\/iskenceyionlemeplatformu.blogspot.com<\/a>\u00a0adl\u0131 web sayfas\u0131ndan faydalanabilirler.<\/p>\n","protected":false},"excerpt":{"rendered":"<p>&nbsp; Son zamanlarda artan bir \u015fekilde baz\u0131 meslek \u00f6rg\u00fctleri ve sivil toplum \u00f6rg\u00fctlerinin g\u00fcndemine gelen ve medyaya yans\u0131yan, polis karakollar\u0131ndaki i\u015fkence iddialar\u0131 \u00fczerine sivil toplum<\/p>\n","protected":false},"author":1,"featured_media":0,"comment_status":"open","ping_status":"open","sticky":false,"template":"","format":"standard","meta":{"jetpack_post_was_ever_published":false,"_jetpack_newsletter_access":"","_jetpack_newsletter_tier_id":0,"jetpack_publicize_message":"","jetpack_is_tweetstorm":false,"jetpack_publicize_feature_enabled":true,"jetpack_social_post_already_shared":false,"jetpack_social_options":{"image_generator_settings":{"template":"highway","enabled":false}}},"categories":[63],"tags":[],"jetpack_publicize_connections":[],"jetpack_featured_media_url":"","jetpack_shortlink":"https:\/\/wp.me\/p4eHWX-ar","jetpack_sharing_enabled":true,"_links":{"self":[{"href":"https:\/\/baraka.cc\/index.php?rest_route=\/wp\/v2\/posts\/647"}],"collection":[{"href":"https:\/\/baraka.cc\/index.php?rest_route=\/wp\/v2\/posts"}],"about":[{"href":"https:\/\/baraka.cc\/index.php?rest_route=\/wp\/v2\/types\/post"}],"author":[{"embeddable":true,"href":"https:\/\/baraka.cc\/index.php?rest_route=\/wp\/v2\/users\/1"}],"replies":[{"embeddable":true,"href":"https:\/\/baraka.cc\/index.php?rest_route=%2Fwp%2Fv2%2Fcomments&post=647"}],"version-history":[{"count":2,"href":"https:\/\/baraka.cc\/index.php?rest_route=\/wp\/v2\/posts\/647\/revisions"}],"predecessor-version":[{"id":5471,"href":"https:\/\/baraka.cc\/index.php?rest_route=\/wp\/v2\/posts\/647\/revisions\/5471"}],"wp:attachment":[{"href":"https:\/\/baraka.cc\/index.php?rest_route=%2Fwp%2Fv2%2Fmedia&parent=647"}],"wp:term":[{"taxonomy":"category","embeddable":true,"href":"https:\/\/baraka.cc\/index.php?rest_route=%2Fwp%2Fv2%2Fcategories&post=647"},{"taxonomy":"post_tag","embeddable":true,"href":"https:\/\/baraka.cc\/index.php?rest_route=%2Fwp%2Fv2%2Ftags&post=647"}],"curies":[{"name":"wp","href":"https:\/\/api.w.org\/{rel}","templated":true}]}}