{"id":6477,"date":"2018-11-25T19:48:19","date_gmt":"2018-11-25T17:48:19","guid":{"rendered":"https:\/\/baraka.cc\/?p=6477"},"modified":"2018-11-25T19:52:21","modified_gmt":"2018-11-25T17:52:21","slug":"orgutler-kadin-cinayetlerinden-sorumlu-devleti-protesto-etti","status":"publish","type":"post","link":"https:\/\/baraka.cc\/?p=6477","title":{"rendered":"\u00d6rg\u00fctler, Kad\u0131n Cinayetlerinden Sorumlu Devleti Protesto Etti"},"content":{"rendered":"<p>Baraka,\u00a0Ba\u011f\u0131ms\u0131zl\u0131k Yolu\u00a0ve Kad\u0131n E\u011fitimi Kolektifi; 25\u00a0Kas\u0131m Kad\u0131na Y\u00f6nelik \u015eiddetle Uluslararas\u0131 M\u00fccadele G\u00fcn\u00fc\u2019nde e\u015f zamanl\u0131 olarak 16:30\u2019da \u0130\u00e7i\u015fleri Bakanl\u0131\u011f\u0131, Polis Genel M\u00fcd\u00fcrl\u00fc\u011f\u00fc ve\u00a0 Cumhuriyet Meclisi; 17.00\u2019de ise \u00c7al\u0131\u015fma ve Sosyal G\u00fcvenlik Bakanl\u0131\u011f\u0131 \u00f6n\u00fcnde \u2018Kad\u0131n Cinayetlerine Kar\u015f\u0131 \u0130syanday\u0131z\u2019 eylemi ger\u00e7ekle\u015ftirdi. D\u00f6rt farkl\u0131 noktada ger\u00e7ekle\u015fen eylemlere KTAMS da destek verdi.<\/p>\n<p><b>\u015eent\u00fcrkler:<\/b> <b>Bakanlar G\u00f6rev Yapm\u0131yor, 10 Y\u0131lda 20 Kad\u0131n \u00d6ld\u00fcr\u00fcld\u00fc<\/b><\/p>\n<p>\u0130\u00e7i\u015fleri Bakanl\u0131\u011f\u0131 \u00f6n\u00fcnde \u00f6rg\u00fctler ad\u0131na ortak a\u00e7\u0131klama yapan Zekiye \u015eent\u00fcrkler, \u201cHer d\u00f6nemin bakan\u0131 gibi \u015fimdiki bakan\u0131 da g\u00f6revini yerine getirmedi\u011fi i\u00e7in, b\u0131rak\u0131n her ilde birer tane, sadece bir tane bile Kad\u0131n S\u0131\u011f\u0131nma Evi olmad\u0131\u011f\u0131 i\u00e7in ve son 10 y\u0131lda 20 k\u0131z karde\u015fimiz \u00f6ld\u00fcr\u00fcld\u00fc\u201d \u015feklinde konu\u015ftu.<\/p>\n<p><b>Koloz: Polis, Kad\u0131na Y\u00f6nelik \u015eiddetle \u0130lgili \u015eikayetleri Ciddiyetle Ele Al\u0131nmal\u0131<\/b><\/p>\n<p>Polis Genel M\u00fcd\u00fcrl\u00fc\u011f\u00fc \u00f6n\u00fcndeki ortak a\u00e7\u0131klamay\u0131 \u00f6rg\u00fctler ad\u0131na okuyan Melisa Koloz, \u015fiddete u\u011frad\u0131\u011f\u0131 i\u00e7in polise ba\u015fvuran kad\u0131nlar\u0131n yapm\u0131\u015f olduklar\u0131 \u015fikayetlerin, di\u011fer su\u00e7lar\u0131n soru\u015fturulmas\u0131nda oldu\u011fu gibi ciddiyetle ele al\u0131nmas\u0131 gerekti\u011fini ifade ederken, Polisin g\u00f6revinin arabuluculuk yapmak ya da \u015fikayet\u00e7inin mahkeme s\u00fcreciyle ilgili g\u00f6z\u00fcn\u00fc korkutmak veya tav\u0131rlar\u0131yla \u015fikayet\u00e7iyi y\u0131ld\u0131rmaya \u00e7al\u0131\u015fmak olmad\u0131\u011f\u0131n\u0131n da alt\u0131n\u0131 \u00e7izdi.<\/p>\n<p><b>Al\u00e7\u0131c\u0131o\u011flu: Sosyal Hizmetlere Dar B\u00fct\u00e7e \u00d6neren Vekiller Kad\u0131n Cinayetlerinin Sorumlusudurlar<\/b><\/p>\n<p>Meclis \u00f6n\u00fcndeki ortak a\u00e7\u0131klamay\u0131 ise \u00f6rg\u00fctler ad\u0131na okuyan \u015eifa Al\u00e7\u0131c\u0131o\u011flu, \u201csosyal hizmetlere y\u0131llarca dar bir b\u00fct\u00e7e \u00f6ng\u00f6rerek kad\u0131nlar\u0131n \u015fiddete kar\u015f\u0131 korunmas\u0131z kalmas\u0131na sebebiyet veren vekiller, kad\u0131n cinayetlerinin de sorumlusudurlar\u201d \u015feklinde ifadelerde bulundu. Ayr\u0131ca sosyal hizmetler alan\u0131nda y\u0131llard\u0131r giderilmeyen personel ihtiyac\u0131n\u0131n ortada durdu\u011funun alt\u0131n\u0131 \u00e7izerek \u00a0milletvekillerinin Din \u0130\u015fleri Dairesi Yasas\u0131n\u0131 de\u011fi\u015ftirerek personel say\u0131s\u0131n\u0131 65&#8217;ten 360&#8217;a \u00e7\u0131karmas\u0131n\u0131n, devletin; kaynaklar\u0131n\u0131 kad\u0131nlar\u0131 koruyan sosyal politikalar\u0131 de\u011fil; kad\u0131na y\u00f6nelik \u015fiddeti besleyen muhafazakar politikalar\u0131 icra etmek i\u00e7in kulland\u0131\u011f\u0131n\u0131 vurgulad\u0131.<\/p>\n<p><b>Kad\u0131n Cinayetlerine \u00d6ld\u00fcr\u00fclen Kad\u0131nlar\u0131n Yoklamas\u0131 Al\u0131n\u0131p, \u0130simleri Duvara Yans\u0131t\u0131ld\u0131<\/b><\/p>\n<p>\u00c7al\u0131\u015fma ve Sosyal G\u00fcvenlik Bakanl\u0131\u011f\u0131 \u00f6n\u00fcnde yap\u0131lan bas\u0131n a\u00e7\u0131klamas\u0131ndan \u00f6nce kad\u0131n cinayetlerinde \u00f6ld\u00fcr\u00fclen kad\u0131nlar\u0131n ismi okunarak yoklama al\u0131n\u0131rken isimleri de Bakanl\u0131k binas\u0131n\u0131n duvar\u0131na yans\u0131t\u0131ld\u0131.<\/p>\n<p><b>Nazl\u0131:<\/b> <b>Kamu Kaynaklar\u0131n\u0131 Gerici Odaklara De\u011fil, Kad\u0131nlar\u0131, \u00c7ocuklar\u0131, Ya\u015fl\u0131lar\u0131 Koruyacak Politikalara Ay\u0131r\u0131n<\/b><\/p>\n<p>\u00c7al\u0131\u015fma ve Sosyal G\u00fcvenlik Bakanl\u0131\u011f\u0131 \u00f6n\u00fcndeki ortak a\u00e7\u0131klamay\u0131 okuyan Cansu N. Nazl\u0131, kullan\u0131lan kamu kaynaklar\u0131n\u0131n kad\u0131na y\u00f6nelik \u015fiddeti besleyen gerici odaklara de\u011fil, kad\u0131nlar\u0131, \u00e7ocuklar\u0131, yoksullar\u0131 koruyacak sosyal politikalara tahsis\u00a0 edilmesinin elzem oldu\u011funun alt\u0131n\u0131 \u00e7izdi. Ayr\u0131ca Bakanl\u0131ktan, Alo 183 ihbar hatt\u0131n\u0131n tam te\u015fekk\u00fcll\u00fc hizmet verebilmesi i\u00e7in gerekli alt yap\u0131y\u0131 olu\u015fturmas\u0131n\u0131 isteyen Nazl\u0131, \u201cBir an \u00f6nce g\u00fcvenlik, sa\u011fl\u0131k, hukuki ve psikolojik dan\u0131\u015fmanl\u0131k hizmetlerinin koordineli \u015fekilde bir noktadan verilece\u011fi \u015fiddet \u00f6nleme merkezlerini hayata ge\u00e7irin! LTB\u2019nin s\u0131\u011f\u0131nma evi var diye oturmay\u0131n, her b\u00f6lgeye kad\u0131n s\u0131\u011f\u0131nma evlerini kurmak i\u00e7in harekete ge\u00e7in!\u201d dedi.<\/p>\n<p><b>Son 10 Y\u0131ldaki \u00c7al\u0131\u015fma Bakanlar\u0131 Protesto Edildi<\/b><\/p>\n<p>A\u00e7\u0131klaman\u0131n ard\u0131ndan, son on y\u0131lda g\u00f6rev yapan \u00c7al\u0131\u015fma Bakanlar\u0131n\u0131n isimleri bir bir okunup protesto edildi.<\/p>\n<p><b>Ortak bas\u0131n a\u00e7\u0131klamalar\u0131n\u0131n tam metni ise \u015f\u00f6yle:<\/b><\/p>\n<p><b>\u0130\u00e7i\u015fleri Bakanl\u0131\u011f\u0131 \u00f6n\u00fcnde;<\/b><\/p>\n<p>25 Kas\u0131m Kad\u0131na Y\u00f6nelik \u015eiddetle M\u00fccadele G\u00fcn\u00fc\u2019nde ge\u00e7ti\u011fimiz aylarda oldu\u011fu gibi yine \u0130\u00e7i\u015fleri Bakanl\u0131\u011f\u0131\u2019n\u0131n kap\u0131s\u0131nday\u0131z ve her d\u00f6nemin bakan\u0131 gibi \u015fimdiki bakan\u0131 da g\u00f6revini yerine getirmedi\u011fi i\u00e7in, b\u0131rak\u0131n her ilde birer tane sadece bir tane bile Kad\u0131n S\u0131\u011f\u0131nma Evi olmad\u0131\u011f\u0131 i\u00e7in ve son 10 y\u0131lda 20 k\u0131z karde\u015fimiz \u00f6ld\u00fcr\u00fcld\u00fc\u011f\u00fc i\u00e7in protesto ediyoruz.<\/p>\n<p>Y\u0131llard\u0131r \u00fclkemizde var olan seks k\u00f6leli\u011fini ilk kez kendi g\u00f6rm\u00fc\u015f onu da yanl\u0131\u015f g\u00f6r\u00fcp seks i\u015f\u00e7ili\u011fi olarak tan\u0131mlam\u0131\u015f bakan\u0131 art\u0131k ger\u00e7eklerle y\u00fczle\u015fmeye, g\u00f6stermelik \u00e7al\u0131\u015ftaylar yap\u0131p pezevenkleri de payda\u015f olarak davet etti\u011fi icraatlardan vazge\u00e7meye, ivedilikle kad\u0131n s\u0131\u011f\u0131nma evlerinin a\u00e7\u0131lmas\u0131 ve gece kul\u00fcplerinin kapat\u0131lmas\u0131 i\u00e7in g\u00f6reve \u00e7a\u011f\u0131r\u0131yoruz.<\/p>\n<p>K\u0131br\u0131s&#8217;\u0131n kuzeyinde seks k\u00f6leli\u011fi vard\u0131r. \u00d6nceden bilgisi ve r\u0131zas\u0131 olsun ya da olmas\u0131n, \u00fclkeye giri\u015fte pasaportlar\u0131na el konularak, bor\u00e7land\u0131r\u0131larak \u00e7al\u0131\u015ft\u0131r\u0131lan, diledi\u011fi zaman gece kul\u00fcb\u00fcnden \u00e7\u0131kma hakk\u0131 olmayan, cinsel ili\u015fkide kendini hastal\u0131klardan koruma hakk\u0131 olmayan, yapt\u0131klar\u0131 i\u015f kay\u0131t alt\u0131nda olmay\u0131p sa\u011fl\u0131klar\u0131 ve hatta hayatlar\u0131 g\u00fcvence alt\u0131nda olmayan kad\u0131nlar seks k\u00f6lesidirler. Devlet seks k\u00f6leli\u011fine g\u00f6z yummakta, yard\u0131m ve yatakl\u0131k etmekte ve vergisini almaktad\u0131r. Devlet her \u015fiddet g\u00f6ren, tecav\u00fcze u\u011frayan ve cinayete kurban giden seks k\u00f6lesi k\u0131z karde\u015flerimizin k\u00f6lelik hik\u00e2yesinde i\u015fbirlik\u00e7iden \u00f6te su\u00e7ludur. Su\u00e7a ortak olan devlet istemiyoruz.<\/p>\n<p>Bizi cinsiyet odak noktas\u0131 personeli gibi safsatalarla oyalayaca\u011f\u0131n\u0131za kad\u0131nlar\u0131n her g\u00fcn daha fazla gayri insani ko\u015fullarda ya\u015fama durumuna bir son verin.<\/p>\n<p>Beyan etti\u011finiz gibi yapt\u0131\u011f\u0131n\u0131z \u00e7al\u0131\u015ftay\u0131n sonucunda gece kul\u00fcplerini kapatmak ve seks i\u015f\u00e7ili\u011fini yasalla\u015ft\u0131rmak var ise e\u011fer hemen bunu hayata ge\u00e7irin. \u00c7\u00fcnk\u00fc art\u0131k b\u0131\u00e7ak kemikte. \u00c7\u00fcnk\u00fc art\u0131k tek bir k\u0131z karde\u015fimizin \u00f6l\u00fcm\u00fcne tahamm\u00fcl\u00fcm\u00fcz yok!<\/p>\n<p><b>Polis Genel M\u00fcd\u00fcrl\u00fc\u011f\u00fc \u00f6n\u00fcnde;<\/b><\/p>\n<p>De\u011ferli bas\u0131n emek\u00e7ileri,<\/p>\n<p>25 Kas\u0131m Kad\u0131na Y\u00f6nelik \u015eiddetle Uluslararas\u0131 M\u00fccadele G\u00fcn\u00fc dolay\u0131s\u0131yla burada toplanm\u0131\u015f bulunuyoruz.<\/p>\n<p>Neoliberal muhafazakar politikalar\u00a0 kad\u0131n \u00f6zg\u00fcrle\u015fmesinin, kad\u0131na kar\u015f\u0131 uygulanan \u015fiddetle m\u00fccadelenin \u00f6n\u00fcnde bir engel te\u015fkil etmektedir. Yaln\u0131zca e\u015f ve anne olarak tan\u0131mlanan, nesnelle\u015ftirilen kad\u0131n sadece beden olarak alg\u0131lanmakta ve hukuksal ki\u015fi olma vasf\u0131ndan \u00e7\u0131kar\u0131lmaktad\u0131r. Toplumsal stat\u00fcs\u00fc \u201cev han\u0131ml\u0131\u011f\u0131\u201d ve \u201cannelikten\u201d \u00f6teye gidemeyen, bedeni veya d\u00fc\u015f\u00fcncesi \u00fczerinden bask\u0131 alt\u0131na al\u0131nan kad\u0131n, fiziksel veya psikolojik \u015fiddete u\u011framakta ve ne yaz\u0131k ki \u00f6ld\u00fcr\u00fclmekte.<\/p>\n<p>Devletten kad\u0131na y\u00f6nelik \u015fiddetle ilgili almas\u0131 gereken \u00f6nleyici ve koruyucu tedbirleri bir an \u00f6nce hayata ge\u00e7irmesini talep etmek i\u00e7in burada bulunuyoruz.\u00a0 Bir kez daha devlete esas g\u00f6revinin kad\u0131n, \u00e7ocuk, gen\u00e7, ya\u015fl\u0131, erkek veya LGBT\u0130 demeden t\u00fcm s\u0131n\u0131rlar\u0131 i\u00e7erisinde ya\u015fayan insanlar\u0131 korumak oldu\u011funu hat\u0131rlatmak isteriz.<\/p>\n<p>Bir ka\u00e7 hafta \u00f6nce G\u00f6nyeli&#8217;de , \u00e7al\u0131\u015ft\u0131\u011f\u0131 evde canice katledilen k\u0131z karde\u015fimizi hepimiz \u00e7ok iyi hat\u0131rlar\u0131z. Cinayetin ard\u0131ndan \u00c7al\u0131\u015fma ve sosyal g\u00fcvenlik bakan\u0131 Zeki \u00c7eler: \u201c \u00f6nceden \u015fikayette bulunulmam\u0131\u015f. Nereden bilecektik ve koruyacakt\u0131k?\u201d \u015feklindeki a\u00e7\u0131klamas\u0131 ile devletin polisinin kad\u0131na y\u00f6nelik \u015fiddetle ilgili \u015fikayetleri ciddiye almad\u0131\u011f\u0131n\u0131 ispatlam\u0131\u015f oldu.\u00a0 Oysa ki cinayetten \u00f6nce\u00a0 G\u00fclbahar polise \u015fikayette bulunmu\u015ftu&#8230;.k\u0131z karde\u015fimiz \u00f6ld\u00fcr\u00fcld\u00fckten sonra ortaya \u00e7\u0131kan ve ne yaz\u0131k ki onu geri getiremeyecek olan bu ger\u00e7e\u011fin sakl\u0131 kalmas\u0131 elbette m\u00fcmk\u00fcn de\u011fildi.<\/p>\n<p>Yarat\u0131lan bu durum; \u015fiddet uygulama e\u011filimi olan insanlarda cesaret, \u015fiddete u\u011frayan insanlarda ise g\u00fcvensizlik ve y\u0131lg\u0131nl\u0131k olu\u015fturmaktad\u0131r. \u201c\u015eikayet etsem de i\u015fe yaramayacak!\u201d d\u00fc\u015f\u00fcncesi ile kad\u0131nlar\u0131 sorunlar\u0131 ile ba\u015f ba\u015fa b\u0131rakmak ve \u00e7aresizlik d\u00fc\u015f\u00fcncesine terk etmek bir devlet i\u00e7in en b\u00fcy\u00fck utan\u00e7t\u0131r.<\/p>\n<p>Gelinen noktada t\u00fcm bu ya\u015fan\u0131lanlar g\u00f6steriyor ki, devlet kad\u0131na y\u00f6nelik \u015fiddet kar\u015f\u0131s\u0131nda al\u0131nmas\u0131 gereken \u00f6nlemler konusunda g\u00f6revlerini yerine getirmiyor.<\/p>\n<p>Cuma g\u00fcn\u00fc kad\u0131na kar\u015f\u0131 \u015fiddetle m\u00fccadele \u015fubesinin faaliyet g\u00f6stermeye ba\u015flayaca\u011f\u0131n\u0131n da haberini ald\u0131k, polisin \u00f6nceden tak\u0131nd\u0131\u011f\u0131 tutumlar g\u00f6z \u00f6n\u00fcnde tutuldu\u011funda bu \u015fubeye ihtiyatla yakla\u015ft\u0131\u011f\u0131m\u0131z\u0131 ve ilgili \u015fubenin g\u00f6stermelik mi yoksa ciddi bir giri\u015fim mi oldu\u011funu takip edece\u011fimizi kamuoyuna duyururuz.<\/p>\n<p>Ba\u011f\u0131ms\u0131zl\u0131k Yolu, Baraka ve Kad\u0131n E\u011fitimi Kolektifi olarak yine de \u00fcst\u00fcne basa basa diyoruz ki:<\/p>\n<p>\u015eiddete u\u011frad\u0131\u011f\u0131 i\u00e7in polise ba\u015fvuran kad\u0131nlar\u0131n yapm\u0131\u015f olduklar\u0131 \u015fikayetler, di\u011fer su\u00e7lar\u0131n soru\u015fturulmas\u0131nda oldu\u011fu gibi ciddiyetle ele al\u0131nmal\u0131d\u0131r. Polisin g\u00f6revi arabuluculuk yapmak ya da \u015fikayet\u00e7inin mahkeme s\u00fcreciyle ilgili g\u00f6z\u00fcn\u00fc korkutmak veya tav\u0131rlar\u0131yla \u015fikayet\u00e7iyi y\u0131ld\u0131rmaya \u00e7al\u0131\u015fmak de\u011fildir.<\/p>\n<p>\u015eiddete u\u011frad\u0131\u011f\u0131 \u015fikayetiyle gelen kad\u0131nlar\u0131n kendini g\u00fcvende hissetmesi sa\u011flanmal\u0131 ve \u015fikayet etkin \u015fekilde soru\u015fturulmal\u0131d\u0131r. \u015eikayet geri \u00e7ekilse dahi di\u011fer davalarda oldu\u011fu gibi kamu davas\u0131 olarak \u015fiddet uygulayan kimseye okunan ceza davas\u0131 ilerletilmelidir. Ayr\u0131ca kad\u0131na y\u00f6nelik \u015fiddetle ilgili vakalara bakacak olan sa\u011fl\u0131k personeli ve polis memuru ve benzeri kimselerin bu konuda e\u011fitim almalar\u0131n\u0131 ve bilin\u00e7li yakla\u015fmalar\u0131n\u0131 sa\u011flamak i\u00e7in hizmet i\u00e7i e\u011fitimler planlanmal\u0131d\u0131r.<\/p>\n<p>Herkese kat\u0131ld\u0131\u011f\u0131 i\u00e7in te\u015fekk\u00fcrler, eylemimiz \u00e7al\u0131\u015fma bakanl\u0131\u011f\u0131 \u00f6n\u00fcnde devam edecektir.<\/p>\n<p><b>Meclis \u00f6n\u00fcnde;<\/b><\/p>\n<p>25 Kas\u0131m kad\u0131na y\u00f6nelik \u015fiddetle m\u00fccadele g\u00fcn\u00fcnde bir kez daha Meclis \u00f6n\u00fcndeyiz. Ne yaz\u0131k ki ge\u00e7ti\u011fimiz 25 Kas\u0131mdan bug\u00fcne, kad\u0131na y\u00f6nelik \u015fiddet kendini en \u00e7irkin bi\u00e7imde g\u00f6stermeye devam etti. Y\u0131l i\u00e7inde 3 kad\u0131n daha, en yak\u0131nlar\u0131n\u0131n kurban\u0131 oldu. 10 y\u0131lda 20 k\u0131z karde\u015fimiz kad\u0131n cinayetine kurban gitti. \u00d6fkemiz art\u0131yor, sabr\u0131m\u0131z ta\u015f\u0131yor ve isyan\u0131m\u0131z giderek b\u00fcy\u00fcyor!<\/p>\n<p>G\u00fcnden g\u00fcne artan neoliberal politikalar biz kad\u0131nlar\u0131 daha \u00e7ok \u00f6ld\u00fcr\u00fcyor. \u0130\u015fkence g\u00f6r\u00fcyor, tecav\u00fcze tacize u\u011fruyor ve s\u00f6m\u00fcr\u00fcl\u00fcyoruz. G\u00fcvence alt\u0131nda ya\u015fama hakk\u0131m\u0131z gasp edilirken, bu s\u00f6m\u00fcr\u00fc d\u00fczenine kar\u015f\u0131 t\u00fcm birimleri g\u00f6revini yapmaya \u00e7a\u011f\u0131r\u0131yoruz. Kad\u0131na y\u00f6nelik \u015fiddet, polisinden yarg\u0131s\u0131na, s\u0131\u011f\u0131nma evinden sa\u011fl\u0131k ve e\u011fitim sistemine uzanan geni\u015f bir yelpazede, kad\u0131n haklar\u0131n\u0131 ve kad\u0131n \u00f6zg\u00fcrle\u015fmesini \u00f6n plana alan, s\u00fcrekli bir devlet politikas\u0131 olarak ele al\u0131nmal\u0131d\u0131r. Sa\u011fl\u0131k bakanl\u0131\u011f\u0131, polis ve savc\u0131l\u0131k konuyu g\u00fcndemine ta\u015f\u0131mal\u0131, gerekli birimlerle kad\u0131na y\u00f6nelik \u015fiddetin \u00f6nlenmesi i\u00e7in elinden geleni yapmal\u0131d\u0131r. Bununla ilgili yasalar yap\u0131lmas\u0131 b\u00fct\u00e7e ayr\u0131lmas\u0131 ise meclisin ivedi g\u00f6revlerinden olmal\u0131d\u0131r. Yasa yapmak kadar, yasalar\u0131 uygulaman\u0131n da gerekli oldu\u011funun alt\u0131n\u0131 \u00e7izmek isteriz.<\/p>\n<p>Bundan iki y\u0131l \u00f6nce on binlerce imza toplanarak s\u0131\u011f\u0131nma evi i\u00e7in \u00fclke \u00e7ap\u0131nda bir kampanya d\u00fczenlenmi\u015fti. Hala bir s\u0131\u011f\u0131nma evi olmamas\u0131 devletin en b\u00fcy\u00fck ay\u0131b\u0131d\u0131r. B\u00fct\u00e7e g\u00f6r\u00fc\u015fmelerinin s\u00fcrd\u00fc\u011f\u00fc bu g\u00fcnlerde vekillerimize s\u0131\u011f\u0131nma evi a\u00e7\u0131lmas\u0131 i\u00e7in gerekli b\u00fct\u00e7e \u00e7al\u0131\u015fmalar\u0131n\u0131 yapmas\u0131n\u0131n \u00f6nemini tekrardan hat\u0131rlat\u0131r\u0131z.<\/p>\n<p>Sosyal hizmetler dairesinin \u015fartlar\u0131n\u0131n d\u00fczeltilmesi, nitelikli elemanlarla kad\u0131na y\u00f6nelik \u015fiddeti \u00f6nleyici birimlerin a\u00e7\u0131lmas\u0131 i\u00e7in ivedilikle konuyla ilgilenilmesi gerekir. Sosyal hizmetlere y\u0131llarca dar bir b\u00fct\u00e7e \u00f6ng\u00f6rerek kad\u0131nlar\u0131n \u015fiddete kar\u015f\u0131 korunmas\u0131z kalmas\u0131na sebebiyet veren vekiller, kad\u0131n cinayetlerinin de sorumlusudurlar. Sosyal hizmetler alan\u0131nda y\u0131llard\u0131r giderilmeyen personel ihtiyac\u0131 ortadayken milletvekillerinin Din \u0130\u015fleri Dairesi Yasas\u0131n\u0131 de\u011fi\u015ftirerek personel say\u0131s\u0131n\u0131 65&#8217;ten 360&#8217;a \u00e7\u0131karmas\u0131, devletin kaynaklar\u0131n\u0131 kad\u0131nlar\u0131 koruyan sosyal politikalar\u0131 de\u011fil; kad\u0131na y\u00f6nelik \u015fiddeti besleyen muhafazakar politikalar\u0131 icra etmek i\u00e7in kulland\u0131\u011f\u0131n\u0131 ortaya koyuyor. B\u00fct\u00e7e g\u00f6r\u00fc\u015fmeleri s\u00fcrerken vekillerimize sorumluluklar\u0131n\u0131 tekrardan hat\u0131rlatmak ve hesap sormak isteriz. Kad\u0131nlar \u00f6ld\u00fcr\u00fcl\u00fcrken milletvekilleri nerede?<\/p>\n<p>Te\u015fekk\u00fcrler. Eylemimiz \u00e7al\u0131\u015fma bakanl\u0131\u011f\u0131 \u00f6n\u00fcnde devam edecektir.<\/p>\n<p><b>\u00c7al\u0131\u015fma ve Sosyal G\u00fcvenlik Bakanl\u0131\u011f\u0131 \u00f6n\u00fcnde;<\/b><b><\/b><\/p>\n<p>25 Kas\u0131m Kad\u0131na Y\u00f6nelik \u015eiddetle M\u00fccadele G\u00fcn\u00fc dolay\u0131s\u0131yla \u0130\u00e7i\u015fleri Bakanl\u0131\u011f\u0131, Polis Genel M\u00fcd\u00fcrl\u00fc\u011f\u00fc ve Meclis \u00f6n\u00fcnde ger\u00e7ekle\u015ftirdi\u011fimiz bas\u0131n a\u00e7\u0131klamalar\u0131n\u0131n ard\u0131ndan kad\u0131n cinayetlerinin ba\u015f sorumlusu \u00c7al\u0131\u015fma ve Sosyal G\u00fcvenlik Bakan\u0131ndan hesap sormak \u00fczere burada bulunuyoruz.<\/p>\n<p>Sona erece\u011fe benzemeyen ekonomik kriz en ba\u015fta, esnek, ucuz, g\u00fcvencesiz i\u015f g\u00fcc\u00fc olarak g\u00f6r\u00fclen biz kad\u0131nlar\u0131 yoksulla\u015ft\u0131rarak hayatlar\u0131m\u0131zdan ekonomik \u015fiddeti ve bask\u0131y\u0131 eksik etmemi\u015f, bizlere huzurlu ge\u00e7en bir g\u00fcn bile b\u0131rakmam\u0131\u015ft\u0131r. \u00c7o\u011fu hane a\u00e7l\u0131k s\u0131n\u0131r\u0131nda bir ya\u015fama mahkum edilirken Bakan, hi\u00e7bir ihtiyac\u0131 kar\u015f\u0131layamayacak mebla\u011fda olan sosyal yard\u0131m maa\u015flar\u0131n\u0131n art\u0131r\u0131lmas\u0131 y\u00f6n\u00fcnde bir giri\u015fimde bulunmad\u0131\u011f\u0131 gibi, annesine bakmad\u0131\u011f\u0131n\u0131 as\u0131ls\u0131z bi\u00e7imde iddia ederek bir kad\u0131n\u0131n neredeyse lin\u00e7 edilmesine bizzat sebep oluyordu.<\/p>\n<p>Kad\u0131nlar\u0131n \u00e7al\u0131\u015f\u0131yor olsa dahi, i\u00e7inde bulundu\u011fumuz ko\u015fullarda ekonomik ba\u011f\u0131ms\u0131zl\u0131\u011f\u0131 olmas\u0131 neredeyse imkans\u0131zken devletin \u015fiddete u\u011frayan kad\u0131nlar\u0131n ba\u015f\u0131n\u0131 sokabilece\u011fi bir \u00e7at\u0131 a\u00e7mamas\u0131, kad\u0131nlar\u0131 \u015fiddet g\u00f6rd\u00fckleri hanede ya\u015famaya mahkum etmekle e\u015fde\u011ferdir. Bakan \u00c7eler de dahil, bug\u00fcne kadar bu koltu\u011fu i\u015fgal eden ve s\u0131\u011f\u0131nma evi a\u00e7man\u0131n s\u00f6z\u00fcn\u00fc dahi etmeyen b\u00fct\u00fcn bakanlar\u0131n elinde katledilen k\u0131z karde\u015flerimizin kan\u0131 vard\u0131r. Bilin ki biz kad\u0131nlar, aram\u0131zdan al\u0131nan her k\u0131z karde\u015fimizin hesab\u0131n\u0131, art\u0131k o koltuklarda oturmuyor olsan\u0131z bile sizden soraca\u011f\u0131z.<\/p>\n<p>Evde \u015fiddet g\u00f6steren e\u015flerden, sokakta cirit atan yobazlardan, kad\u0131nlar\u0131 taciz etmeyi kendinde hak g\u00f6ren hadsizlerden, i\u015f yerinde mobbing yapan, tacizlerde bulunan m\u00fcd\u00fcrlerden, patronlardan rahat nefes alamad\u0131\u011f\u0131m\u0131z her g\u00fcn, \u015fiddete u\u011framam\u0131z\u0131 \u00f6nleyecek ve bizi \u015fiddetten koruyacak tedbirleri almayan sizleri rahats\u0131z edece\u011fiz. O kadar ki, istifa etseniz, h\u00fck\u00fcmette d\u00fc\u015fseniz bile biz \u015fiddetten kurtulmadan siz bizden kurtulamayacaks\u0131n\u0131z!<\/p>\n<p>G\u00f6nyeli\u2019de ge\u00e7ti\u011fimiz haftalarda \u00f6ld\u00fcr\u00fclen k\u0131z karde\u015fimizin polise \u015fikayeti olmad\u0131\u011f\u0131n\u0131, e\u011fer olsayd\u0131 gere\u011fini yapacaklar\u0131n\u0131, bu y\u00fczden de sorumlulu\u011fu bulunmad\u0131\u011f\u0131n\u0131 iddia etti Sn. Bakan. Bir kad\u0131n\u0131n \u015fiddetten korunabilmesi i\u00e7in yapman\u0131z gereken her \u015feyi yapt\u0131n\u0131z m\u0131 ki, sorumluluktan kendinizi bu kadar kolay s\u0131y\u0131rabiliyorsunuz? \u00dcstelik G\u00fclbahar\u2019\u0131n \u00f6ld\u00fcr\u00fclmeden yakla\u015f\u0131k 10 g\u00fcn \u00f6nceden poliste \u015fikayeti bulundu\u011funu biliyoruz. Oklar\u0131 kendi \u00fczerinizden \u00e7ekmek i\u00e7in, \u00f6ld\u00fcr\u00fclen bir kad\u0131n\u0131n polise yapt\u0131\u011f\u0131 \u015fikayeti gizlemeye utanm\u0131yor musunuz?<\/p>\n<p>Kad\u0131nlar yok annesine bakm\u0131yormu\u015f, yok \u015fiddet g\u00f6rd\u00fc\u011f\u00fcn\u00fc polise \u015fikayet etmiyormu\u015f diye bizle u\u011fra\u015fmay\u0131 kesin art\u0131k. Bug\u00fcn 25 Kas\u0131m, bug\u00fcn bizim isyan g\u00fcn\u00fcm\u00fcz!<\/p>\n<p>Bug\u00fcn ne siz, ne Ba\u015fbakan\u0131n\u0131z ne de Cumhurba\u015fkan\u0131n\u0131z konu\u015facak! Bug\u00fcn ezilen kad\u0131nlar konu\u015facak, bug\u00fcn \u015fiddete u\u011frayan kad\u0131nlar isyan\u0131n\u0131 hayk\u0131racak, siz susacaks\u0131n\u0131z!<\/p>\n<p>Bug\u00fcn e\u011fer illa bir \u015fey yapmak istiyorsan\u0131z kamu kaynaklar\u0131n\u0131 kad\u0131na y\u00f6nelik \u015fiddeti besleyen gerici odaklara de\u011fil, kad\u0131nlar\u0131, \u00e7ocuklar\u0131, yoksullar\u0131 koruyacak sosyal politikalara tahsis edin! Alo 183 ihbar hatt\u0131n\u0131n tam te\u015fekk\u00fcll\u00fc hizmet verebilmesi i\u00e7in gerekli alt yap\u0131y\u0131 olu\u015fturun! Bir an \u00f6nce g\u00fcvenlik, sa\u011fl\u0131k, hukuki ve psikolojik dan\u0131\u015fmanl\u0131k hizmetlerinin koordineli \u015fekilde bir noktadan verilece\u011fi \u015fiddet \u00f6nleme merkezlerini hayata ge\u00e7irin! LTB\u2019nin s\u0131\u011f\u0131nma evi var diye oturmay\u0131n, her b\u00f6lgeye kad\u0131n s\u0131\u011f\u0131nma evlerini kurmak i\u00e7in harekete ge\u00e7in!<\/p>\n<p>Bizim art\u0131k tek bir can bile kaybetmeye tahamm\u00fcl\u00fcz kalmam\u0131\u015ft\u0131r. Kad\u0131na y\u00f6nelik \u015fiddete kar\u015f\u0131 m\u00fccadelemizi sigara b\u0131rakma kampanyas\u0131 gibi ucuzla\u015ft\u0131rman\u0131za izin vermeyece\u011fiz! Kad\u0131nlar olarak hayatlar\u0131m\u0131za sahip \u00e7\u0131kaca\u011f\u0131z ve korku i\u00e7erisinde ge\u00e7irdi\u011fimiz her g\u00fcn\u00fcn hesab\u0131n\u0131, ba\u015fta gerekli \u00f6nlemleri almadan bize pi\u015fkin pi\u015fkin 25 kas\u0131m \u00e7a\u011fr\u0131s\u0131 yapan devlet erkan\u0131ndan soraca\u011f\u0131z! Ya\u015fas\u0131n 25 Kas\u0131m Kad\u0131na Y\u00f6nelik \u015eiddetle M\u00fccadele G\u00fcn\u00fcm\u00fcz! Ya\u015fas\u0131n, \u015fiddete u\u011framadan kad\u0131nlar!<\/p>\n<p><a href=\"https:\/\/baraka.cc\/wp-content\/uploads\/2018\/11\/0P1A2820.jpg\"><img decoding=\"async\" loading=\"lazy\" class=\"alignnone size-medium wp-image-6483\" alt=\"0P1A2820\" src=\"https:\/\/baraka.cc\/wp-content\/uploads\/2018\/11\/0P1A2820-300x200.jpg\" width=\"300\" height=\"200\" srcset=\"https:\/\/baraka.cc\/wp-content\/uploads\/2018\/11\/0P1A2820-300x200.jpg 300w, https:\/\/baraka.cc\/wp-content\/uploads\/2018\/11\/0P1A2820-1024x682.jpg 1024w\" sizes=\"(max-width: 300px) 100vw, 300px\" \/><\/a><\/p>\n<p><a href=\"https:\/\/baraka.cc\/wp-content\/uploads\/2018\/11\/eylem1.jpg\"><img decoding=\"async\" loading=\"lazy\" class=\"alignnone size-medium wp-image-6488\" alt=\"eylem1\" src=\"https:\/\/baraka.cc\/wp-content\/uploads\/2018\/11\/eylem1-300x200.jpg\" width=\"300\" height=\"200\" srcset=\"https:\/\/baraka.cc\/wp-content\/uploads\/2018\/11\/eylem1-300x200.jpg 300w, https:\/\/baraka.cc\/wp-content\/uploads\/2018\/11\/eylem1-1024x682.jpg 1024w\" sizes=\"(max-width: 300px) 100vw, 300px\" \/><\/a><\/p>\n","protected":false},"excerpt":{"rendered":"<p>Baraka,\u00a0Ba\u011f\u0131ms\u0131zl\u0131k Yolu\u00a0ve Kad\u0131n E\u011fitimi Kolektifi; 25\u00a0Kas\u0131m Kad\u0131na Y\u00f6nelik \u015eiddetle Uluslararas\u0131 M\u00fccadele G\u00fcn\u00fc\u2019nde e\u015f zamanl\u0131 olarak 16:30\u2019da \u0130\u00e7i\u015fleri Bakanl\u0131\u011f\u0131, Polis Genel M\u00fcd\u00fcrl\u00fc\u011f\u00fc ve\u00a0 Cumhuriyet Meclisi; 17.00\u2019de<\/p>\n","protected":false},"author":12,"featured_media":6485,"comment_status":"open","ping_status":"open","sticky":false,"template":"","format":"standard","meta":{"jetpack_post_was_ever_published":false,"_jetpack_newsletter_access":"","_jetpack_newsletter_tier_id":0,"jetpack_publicize_message":"\u00d6rg\u00fctler, Kad\u0131n Cinayetlerinden Sorumlu Devleti Protesto Etti","jetpack_is_tweetstorm":false,"jetpack_publicize_feature_enabled":true,"jetpack_social_post_already_shared":true,"jetpack_social_options":{"image_generator_settings":{"template":"highway","enabled":false}}},"categories":[66,47,9],"tags":[],"jetpack_publicize_connections":[],"jetpack_featured_media_url":"https:\/\/baraka.cc\/wp-content\/uploads\/2018\/11\/0P1A2839.jpg","jetpack_shortlink":"https:\/\/wp.me\/p4eHWX-1Gt","jetpack_sharing_enabled":true,"_links":{"self":[{"href":"https:\/\/baraka.cc\/index.php?rest_route=\/wp\/v2\/posts\/6477"}],"collection":[{"href":"https:\/\/baraka.cc\/index.php?rest_route=\/wp\/v2\/posts"}],"about":[{"href":"https:\/\/baraka.cc\/index.php?rest_route=\/wp\/v2\/types\/post"}],"author":[{"embeddable":true,"href":"https:\/\/baraka.cc\/index.php?rest_route=\/wp\/v2\/users\/12"}],"replies":[{"embeddable":true,"href":"https:\/\/baraka.cc\/index.php?rest_route=%2Fwp%2Fv2%2Fcomments&post=6477"}],"version-history":[{"count":3,"href":"https:\/\/baraka.cc\/index.php?rest_route=\/wp\/v2\/posts\/6477\/revisions"}],"predecessor-version":[{"id":6489,"href":"https:\/\/baraka.cc\/index.php?rest_route=\/wp\/v2\/posts\/6477\/revisions\/6489"}],"wp:featuredmedia":[{"embeddable":true,"href":"https:\/\/baraka.cc\/index.php?rest_route=\/wp\/v2\/media\/6485"}],"wp:attachment":[{"href":"https:\/\/baraka.cc\/index.php?rest_route=%2Fwp%2Fv2%2Fmedia&parent=6477"}],"wp:term":[{"taxonomy":"category","embeddable":true,"href":"https:\/\/baraka.cc\/index.php?rest_route=%2Fwp%2Fv2%2Fcategories&post=6477"},{"taxonomy":"post_tag","embeddable":true,"href":"https:\/\/baraka.cc\/index.php?rest_route=%2Fwp%2Fv2%2Ftags&post=6477"}],"curies":[{"name":"wp","href":"https:\/\/api.w.org\/{rel}","templated":true}]}}