{"id":6491,"date":"2018-11-27T17:07:02","date_gmt":"2018-11-27T15:07:02","guid":{"rendered":"https:\/\/baraka.cc\/?p=6491"},"modified":"2018-11-27T17:07:02","modified_gmt":"2018-11-27T15:07:02","slug":"nenemin-deyisiynan-kibris-kulturu-uzerine-yazilar-kitabi-ktose-takdim-edildi","status":"publish","type":"post","link":"https:\/\/baraka.cc\/?p=6491","title":{"rendered":"\u201cNenemin Deyi\u015fiynan (K\u0131br\u0131s K\u00fclt\u00fcr\u00fc \u00dczerine Yaz\u0131lar)\u201d Kitab\u0131 KT\u00d6S&#8217;e Takdim Edildi"},"content":{"rendered":"<p><a href=\"https:\/\/baraka.cc\/wp-content\/uploads\/2018\/11\/kt\u00f6s.jpg\"><img decoding=\"async\" loading=\"lazy\" class=\"wp-image-6492 alignleft\" alt=\"kt\u00f6s\" src=\"https:\/\/baraka.cc\/wp-content\/uploads\/2018\/11\/kt\u00f6s-300x224.jpg\" width=\"300\" height=\"224\" srcset=\"https:\/\/baraka.cc\/wp-content\/uploads\/2018\/11\/kt\u00f6s-300x224.jpg 300w, https:\/\/baraka.cc\/wp-content\/uploads\/2018\/11\/kt\u00f6s.jpg 960w\" sizes=\"(max-width: 300px) 100vw, 300px\" \/><\/a>Baraka aktivisti \u015eifa Al\u00e7\u0131c\u0131o\u011flu\u2019nun kaleme ald\u0131\u011f\u0131, Argasdi Yay\u0131nlar\u0131\u2019ndan \u00e7\u0131kan \u201cNenemin Deyi\u015fiynan (K\u0131br\u0131s K\u00fclt\u00fcr\u00fc \u00dczerine Yaz\u0131lar)\u201d isimli kitap, K\u0131br\u0131s T\u00fcrk \u00d6\u011fretmenler Sendikas\u0131\u00a0 ba\u015fkan\u0131 Emel Tel\u2019e takdim edildi.<\/p>\n<p>Argasdi edit\u00f6rlerinin de kat\u0131ld\u0131\u011f\u0131 g\u00f6r\u00fc\u015fmede, ayn\u0131 zamanda ilkokul \u00f6\u011fretmeni olan kitab\u0131n yazar\u0131 \u015eifa Al\u00e7\u0131c\u0131o\u011flu, KT\u00d6S y\u00fcr\u00fctme kurulu \u00fcyeleri ile kitab\u0131n i\u00e7eri\u011fi ve k\u00fclt\u00fcrel de\u011ferlerin ya\u015fat\u0131lmas\u0131 \u00fczerine bir sohbet ger\u00e7ekle\u015ftirdi.<\/p>\n<p>G\u00f6r\u00fc\u015fmede, kar\u015f\u0131l\u0131kl\u0131 fikir al\u0131\u015fveri\u015flerinde de bulunuldu. Ayr\u0131ca k\u00fclt\u00fcr\u00fcm\u00fcz\u00fcn ya\u015fat\u0131lmas\u0131nda \u00f6\u011fretmenlerin g\u00f6sterece\u011fi her \u00e7aban\u0131n ne denli de\u011ferli oldu\u011fu ve \u00a0her e\u011fitimcinin k\u00fclt\u00fcr\u00fc gelecek nesillere aktarmas\u0131n\u0131n \u00f6neminden de bahsedildi.<\/p>\n<p>Baraka K\u00fclt\u00fcr Merkezi\u2019nin k\u00fclt\u00fcr-sanat-politika dergisi Argasdi\u2019de 2012 y\u0131l\u0131ndan bu yana yay\u0131mlanan k\u00fclt\u00fcre dair yaz\u0131lardan olu\u015fan kitap, unutulan \u00e7ocuk oyunlar\u0131ndan masallara, unutulan\u00a0 s\u00f6zc\u00fcklerden kaybolan mesleklere k\u00fclt\u00fcr\u00fcm\u00fcz\u00fc hat\u0131rlatmas\u0131 ve ya\u015fatmas\u0131 dile\u011fiyle \u00fclkemizin ilerici sendikalr\u0131ndan KT\u00d6S\u2019e takdim edildi.<\/p>\n","protected":false},"excerpt":{"rendered":"<p>Baraka aktivisti \u015eifa Al\u00e7\u0131c\u0131o\u011flu\u2019nun kaleme ald\u0131\u011f\u0131, Argasdi Yay\u0131nlar\u0131\u2019ndan \u00e7\u0131kan \u201cNenemin Deyi\u015fiynan (K\u0131br\u0131s K\u00fclt\u00fcr\u00fc \u00dczerine Yaz\u0131lar)\u201d isimli kitap, K\u0131br\u0131s T\u00fcrk \u00d6\u011fretmenler Sendikas\u0131\u00a0 ba\u015fkan\u0131 Emel Tel\u2019e takdim<\/p>\n","protected":false},"author":7,"featured_media":6492,"comment_status":"open","ping_status":"open","sticky":false,"template":"","format":"standard","meta":{"jetpack_post_was_ever_published":false,"_jetpack_newsletter_access":"","_jetpack_newsletter_tier_id":0,"jetpack_publicize_message":"","jetpack_is_tweetstorm":false,"jetpack_publicize_feature_enabled":true,"jetpack_social_post_already_shared":true,"jetpack_social_options":{"image_generator_settings":{"template":"highway","enabled":false}}},"categories":[40,9,1],"tags":[],"jetpack_publicize_connections":[],"jetpack_featured_media_url":"https:\/\/baraka.cc\/wp-content\/uploads\/2018\/11\/kt\u00f6s.jpg","jetpack_shortlink":"https:\/\/wp.me\/p4eHWX-1GH","jetpack_sharing_enabled":true,"_links":{"self":[{"href":"https:\/\/baraka.cc\/index.php?rest_route=\/wp\/v2\/posts\/6491"}],"collection":[{"href":"https:\/\/baraka.cc\/index.php?rest_route=\/wp\/v2\/posts"}],"about":[{"href":"https:\/\/baraka.cc\/index.php?rest_route=\/wp\/v2\/types\/post"}],"author":[{"embeddable":true,"href":"https:\/\/baraka.cc\/index.php?rest_route=\/wp\/v2\/users\/7"}],"replies":[{"embeddable":true,"href":"https:\/\/baraka.cc\/index.php?rest_route=%2Fwp%2Fv2%2Fcomments&post=6491"}],"version-history":[{"count":1,"href":"https:\/\/baraka.cc\/index.php?rest_route=\/wp\/v2\/posts\/6491\/revisions"}],"predecessor-version":[{"id":6493,"href":"https:\/\/baraka.cc\/index.php?rest_route=\/wp\/v2\/posts\/6491\/revisions\/6493"}],"wp:featuredmedia":[{"embeddable":true,"href":"https:\/\/baraka.cc\/index.php?rest_route=\/wp\/v2\/media\/6492"}],"wp:attachment":[{"href":"https:\/\/baraka.cc\/index.php?rest_route=%2Fwp%2Fv2%2Fmedia&parent=6491"}],"wp:term":[{"taxonomy":"category","embeddable":true,"href":"https:\/\/baraka.cc\/index.php?rest_route=%2Fwp%2Fv2%2Fcategories&post=6491"},{"taxonomy":"post_tag","embeddable":true,"href":"https:\/\/baraka.cc\/index.php?rest_route=%2Fwp%2Fv2%2Ftags&post=6491"}],"curies":[{"name":"wp","href":"https:\/\/api.w.org\/{rel}","templated":true}]}}