{"id":6495,"date":"2018-11-29T18:17:35","date_gmt":"2018-11-29T16:17:35","guid":{"rendered":"https:\/\/baraka.cc\/?p=6495"},"modified":"2018-11-29T18:17:35","modified_gmt":"2018-11-29T16:17:35","slug":"sol-anahtari-fikret-demirag-siir-festivalinde-sahne-alacak","status":"publish","type":"post","link":"https:\/\/baraka.cc\/?p=6495","title":{"rendered":"Sol Anahtar\u0131 &#8220;Fikret Demira\u011f \u015eiir Festivali&#8221;nde Sahne Alacak"},"content":{"rendered":"<p>Sol Anahtar\u0131 m\u00fczik grubu, \u201c2. Fikret Demira\u011f Uluslararas\u0131 \u015eiir Festivali\u201d kapsam\u0131nda 1 Aral\u0131k Cumartesi g\u00fcn\u00fc Bademlik\u00f6y\u2019de yer alan Fikret Demira\u011f \u015eiir Tepesi\u2019nde sahne alarak konser verecek.<\/p>\n<p>Lefke Belediyesi, Lefke Avrupa \u00dcniversitesi ve K\u0131br\u0131s Sanat\u00e7\u0131 ve Yazarlar Birli\u011fi\u2019nin ortakla\u015fa d\u00fczenleyece\u011fi\u00a0festival 30 Kas\u0131m \u2013 2 Aral\u0131k tarihleri aras\u0131nda Lefke il\u00e7esinde ger\u00e7ekle\u015fecek.<\/p>\n<p>Festival kapsam\u0131nda 1 Aral\u0131k Cumartesi saat 15.30\u2019da Bademlik\u00f6y\u2019de yer alan \u015eiir Tepesi\u2019nde sahne alacak olan Sol Anahtar\u0131, verece\u011fi konserde Fikret Demira\u011f\u2019\u0131n bir \u015fiiri i\u00e7in yapt\u0131\u011f\u0131 besteyi de ilk kez seslendirecek.<\/p>\n<p><a href=\"https:\/\/baraka.cc\/wp-content\/uploads\/2018\/11\/47134997_2149623125293801_3107670904675500032_n.jpg\"><img decoding=\"async\" loading=\"lazy\" class=\"alignnone size-medium wp-image-6496\" alt=\"47134997_2149623125293801_3107670904675500032_n\" src=\"https:\/\/baraka.cc\/wp-content\/uploads\/2018\/11\/47134997_2149623125293801_3107670904675500032_n-300x203.jpg\" width=\"300\" height=\"203\" srcset=\"https:\/\/baraka.cc\/wp-content\/uploads\/2018\/11\/47134997_2149623125293801_3107670904675500032_n-300x203.jpg 300w, https:\/\/baraka.cc\/wp-content\/uploads\/2018\/11\/47134997_2149623125293801_3107670904675500032_n.jpg 960w\" sizes=\"(max-width: 300px) 100vw, 300px\" \/><\/a><\/p>\n<p><a href=\"https:\/\/baraka.cc\/wp-content\/uploads\/2018\/11\/47036269_2149623131960467_1595702361894944768_n.jpg\"><img decoding=\"async\" loading=\"lazy\" class=\"alignnone size-medium wp-image-6497\" alt=\"47036269_2149623131960467_1595702361894944768_n\" src=\"https:\/\/baraka.cc\/wp-content\/uploads\/2018\/11\/47036269_2149623131960467_1595702361894944768_n-300x209.jpg\" width=\"300\" height=\"209\" srcset=\"https:\/\/baraka.cc\/wp-content\/uploads\/2018\/11\/47036269_2149623131960467_1595702361894944768_n-300x209.jpg 300w, https:\/\/baraka.cc\/wp-content\/uploads\/2018\/11\/47036269_2149623131960467_1595702361894944768_n.jpg 960w\" sizes=\"(max-width: 300px) 100vw, 300px\" \/><\/a><\/p>\n","protected":false},"excerpt":{"rendered":"<p>Sol Anahtar\u0131 m\u00fczik grubu, \u201c2. Fikret Demira\u011f Uluslararas\u0131 \u015eiir Festivali\u201d kapsam\u0131nda 1 Aral\u0131k Cumartesi g\u00fcn\u00fc Bademlik\u00f6y\u2019de yer alan Fikret Demira\u011f \u015eiir Tepesi\u2019nde sahne alarak konser<\/p>\n","protected":false},"author":4,"featured_media":6496,"comment_status":"open","ping_status":"open","sticky":false,"template":"","format":"standard","meta":{"jetpack_post_was_ever_published":false,"_jetpack_newsletter_access":"","_jetpack_newsletter_tier_id":0,"jetpack_publicize_message":"","jetpack_is_tweetstorm":false,"jetpack_publicize_feature_enabled":true,"jetpack_social_post_already_shared":true,"jetpack_social_options":{"image_generator_settings":{"template":"highway","enabled":false}}},"categories":[9,1],"tags":[],"jetpack_publicize_connections":[],"jetpack_featured_media_url":"https:\/\/baraka.cc\/wp-content\/uploads\/2018\/11\/47134997_2149623125293801_3107670904675500032_n.jpg","jetpack_shortlink":"https:\/\/wp.me\/p4eHWX-1GL","jetpack_sharing_enabled":true,"_links":{"self":[{"href":"https:\/\/baraka.cc\/index.php?rest_route=\/wp\/v2\/posts\/6495"}],"collection":[{"href":"https:\/\/baraka.cc\/index.php?rest_route=\/wp\/v2\/posts"}],"about":[{"href":"https:\/\/baraka.cc\/index.php?rest_route=\/wp\/v2\/types\/post"}],"author":[{"embeddable":true,"href":"https:\/\/baraka.cc\/index.php?rest_route=\/wp\/v2\/users\/4"}],"replies":[{"embeddable":true,"href":"https:\/\/baraka.cc\/index.php?rest_route=%2Fwp%2Fv2%2Fcomments&post=6495"}],"version-history":[{"count":1,"href":"https:\/\/baraka.cc\/index.php?rest_route=\/wp\/v2\/posts\/6495\/revisions"}],"predecessor-version":[{"id":6498,"href":"https:\/\/baraka.cc\/index.php?rest_route=\/wp\/v2\/posts\/6495\/revisions\/6498"}],"wp:featuredmedia":[{"embeddable":true,"href":"https:\/\/baraka.cc\/index.php?rest_route=\/wp\/v2\/media\/6496"}],"wp:attachment":[{"href":"https:\/\/baraka.cc\/index.php?rest_route=%2Fwp%2Fv2%2Fmedia&parent=6495"}],"wp:term":[{"taxonomy":"category","embeddable":true,"href":"https:\/\/baraka.cc\/index.php?rest_route=%2Fwp%2Fv2%2Fcategories&post=6495"},{"taxonomy":"post_tag","embeddable":true,"href":"https:\/\/baraka.cc\/index.php?rest_route=%2Fwp%2Fv2%2Ftags&post=6495"}],"curies":[{"name":"wp","href":"https:\/\/api.w.org\/{rel}","templated":true}]}}