{"id":652,"date":"2009-03-19T12:00:13","date_gmt":"2009-03-19T09:00:13","guid":{"rendered":"https:\/\/baraka.cc\/?p=652"},"modified":"2017-06-23T08:47:47","modified_gmt":"2017-06-23T06:47:47","slug":"652","status":"publish","type":"post","link":"https:\/\/baraka.cc\/?p=652","title":{"rendered":"60 Y\u0131l NATO Yeter"},"content":{"rendered":"<p><strong>Bu y\u0131l NATO\u2019nun kurulu\u015funun 60. y\u0131ld\u00f6n\u00fcm\u00fc. Bat\u0131 h\u00fck\u00fcmetleri, \u00f6n\u00fcm\u00fczdeki Nisan ay\u0131 i\u00e7erisinde Strasburg\u2019da bu olay\u0131 g\u00f6rkemli bir kutlamaya d\u00f6n\u00fc\u015ft\u00fcrmek i\u00e7in haz\u0131rl\u0131klar yap\u0131yor.<\/strong><\/p>\n<p>Avrupa\u2019da ve t\u00fcm d\u00fcnyada bulunan sava\u015f kar\u015f\u0131t\u0131 sosyal hareketler, bu \u015fenli\u011fi engellemek i\u00e7in kollar\u0131 s\u0131vam\u0131\u015f durumdalar. Bizlerin, bu akbabalar\u0131n cinayetlerinin 60. y\u0131l\u0131n\u0131 kutlamalar\u0131na izin vermek gibi bir niyetimiz yoktur. Amerika Birle\u015fik Devletleri ve bat\u0131l\u0131 yanda\u015flar\u0131, 1949 y\u0131l\u0131n\u0131n Nisan ay\u0131nda NATO\u2019yu kurmu\u015flard\u0131. Bu durumun, So\u011fuk Sava\u015f d\u00f6neminde, iki blok aras\u0131nda silahlanma yar\u0131\u015f\u0131n\u0131n ciddi oranda artmas\u0131nda b\u00fcy\u00fck rol\u00fc olmu\u015ftur. Var\u015fova Pakt\u0131\u2019n\u0131n tasfiyesi ve Do\u011fu Blo\u011funun d\u00fc\u015f\u00fc\u015f\u00fcnden yakla\u015f\u0131k 20 y\u0131l sonra bug\u00fcn, NATO; ABD ve d\u00fcnyadaki di\u011fer yanda\u015flar\u0131n\u0131n k\u00e2r \u00e7\u0131karlar\u0131 i\u00e7in kulland\u0131klar\u0131 bir t\u00fcr ara\u00e7 haline gelmi\u015ftir. Diktat\u00f6rl\u00fc\u011f\u00fc ge\u00e7mi\u015fte de \u015fimdi de desteklemekte ve cuntalar i\u015fgallerine t\u00fcm d\u00fcnyada devam ederken t\u00fcm bu olanlara sesini \u00e7\u0131karmamaktad\u0131r. Afganistan\u2019daki sava\u015f\u0131n y\u00f6netimi NATO\u2019nun elindedir ve askeri harcaman\u0131n %80\u2019i NATO\u2019ya \u00fcye 26 devlet taraf\u0131ndan icra edilmektedir. NATO\u2019nun do\u011fuya geni\u015flemek i\u00e7in yaratt\u0131\u011f\u0131 dengesizlik, hale haz\u0131rda ge\u00e7ti\u011fimiz A\u011fustos, Rusya ve G\u00fcrcistan aras\u0131nda Kuzey Osetya b\u00f6lgesi \u00fczerinde sava\u015fa neden olmu\u015ftur.<\/p>\n<p>Yunanistan-T\u00fcrkiye ve K\u0131br\u0131s \u00fc\u00e7geni, NATO\u2019nun Ortado\u011fu b\u00f6lgesindeki hedeflerinin tam merkezini olu\u015fturmaktad\u0131r. Birle\u015fik Devletler, T\u00fcrkiye\u2019de ve Yunanistan\u2019da askeri \u00fcslerinin varl\u0131\u011f\u0131n\u0131 s\u00fcrd\u00fcr\u00fcrken, \u0130ngiltere; K\u0131br\u0131s\u2019ta \u201cCebelitar\u0131k\u201d boyutlar\u0131nda, Dikelya ve A\u011frotur b\u00f6lgesinde 2 \u00f6nemli \u00fcsse sahiptir.<\/p>\n<p>K\u0131br\u0131s\u2019\u0131n s\u0131radan insanlar\u0131, hem K\u0131br\u0131sl\u0131 T\u00fcrkler hem de K\u0131br\u0131sl\u0131 Rumlar, NATO ve NATO\u2019ya \u00fcye devletlerin emperyalist m\u00fcdahalelerinden bug\u00fcne kadar a\u011f\u0131r bedeller \u00f6demi\u015f ve halen \u00f6demeye de devam etmektedirler. NATO\u2019nun; Ortado\u011fu, Irak, Suriye, Filistin, L\u00fcbnan, \u0130ran ve Afganistan\u2019a kar\u015f\u0131 kullan\u0131lmak \u00fczere K\u0131br\u0131s\u2019\u0131 bir filoya \u00e7evirme niyeti, bir\u00e7ok cana mal olmu\u015f ve ac\u0131lara sebep olmu\u015ftur.<\/p>\n<p>T\u00fcm Avrupa\u2019da \u201c60 y\u0131l NATO \u2013 Art\u0131k YETER!\u201d slogan\u0131yla NATO\u2019ya kar\u015f\u0131 birle\u015fen y\u00fczlerce hatta binlerce aktivistin yan\u0131nda bizlerin de sesimizi onlarla birle\u015ftirmemiz ve bu eyleme haz\u0131rlanmam\u0131z \u00e7ok \u00f6nemli bir gerekliliktir. Bu nedenle <b>4 Nisan Cumartesi g\u00fcn\u00fc Dikelya\u2019daki \u0130ngiliz \u00dcslerine kar\u015f\u0131 kitlesel eylem ve y\u00fcr\u00fcy\u00fc\u015fe herkesi \u00e7a\u011f\u0131r\u0131yoruz! <\/b>Ayr\u0131ca Strasburg\u2019da organize edilecek g\u00f6sterilere destek vermeleri i\u00e7in t\u00fcm aktivistlere \u00e7a\u011fr\u0131 da yap\u0131yoruz. NATO\u2019ya kar\u015f\u0131 m\u00fccadele, adada bulunan insanlar\u0131n ve ada \u00e7evresinde bulunan t\u00fcm \u00fclke insanlar\u0131n\u0131n birle\u015ferek bar\u0131\u015f\u0131n merkezinde olan K\u0131br\u0131s adas\u0131nda, birlikte uyum ve karde\u015flik i\u00e7inde ya\u015famay\u0131 arzulayan K\u0131br\u0131sl\u0131 T\u00fcrkler ve K\u0131br\u0131sl\u0131 Rumlar\u0131 bir araya getiriyor.<\/p>\n<p><b>NATO\u2019nun da\u011f\u0131t\u0131lmas\u0131n\u0131<br \/>\n\u0130ngiliz \u00dcslerinin kapat\u0131lmas\u0131n\u0131<br \/>\nTALEP EDYYORUZ!<\/b><\/p>\n<p><b>Bilgi \u0130\u00e7in: 99 625620, 99 611425, +90 5338610908, 99 896675\u00a0 <\/b><a href=\"mailto:info@stwc-cy.org\"><b>info@stwc-cy.org<\/b><\/a><b> <\/b><\/p>\n<p><b>\u00a0\u00a0\u00a0 <\/b>Eylemciler Pile k\u00f6y meydan\u0131nda bulu\u015fulup ve Dikelya\u2019daki Kingsfield Askeri Pistine do\u011fru gidilecek \u00a011:00-11:30 aras\u0131nda sembolik protesto ger\u00e7ekle\u015ftirip geri Pile k\u00f6y\u00fcne y\u00fcr\u00fcnecek. Ula\u015f\u0131m i\u00e7in otob\u00fcs sabah 9:00\u2019da Ledra Palace\u2019dan kalkacakt\u0131r. Otob\u00fcste yerinizi ay\u0131rtmak i\u00e7in 2 Nisan Sal\u0131 g\u00fcn\u00fcne kadar \u00a099436188 numaral\u0131 telefondan Zoe Kakota\u2019ya ula\u015fabilirsiniz.<\/p>\n<p><b><span style=\"text-decoration: underline;\">Bu kampanyay\u0131 destekleyen grup-organizasyonlar:<\/span><\/b><\/p>\n<p><i>Stop the War Coalition-Cyprus<\/i><\/p>\n<p><i>\u00a0 <\/i><\/p>\n<p><i>New Cyprus Party (YKP) <\/i><\/p>\n<p><i>\u00a0 <\/i><\/p>\n<p><i>Workers Democracy <\/i><\/p>\n<p><i>\u00a0 <\/i><\/p>\n<p><i>Cyprus Green Party <\/i><\/p>\n<p><i>\u00a0 <\/i><\/p>\n<p><i>BARAKA Cultural Centre <\/i><\/p>\n<p><i>\u00a0 <\/i><\/p>\n<p><i>Hands Across the Divide <\/i><\/p>\n<p><i>\u00a0 <\/i><\/p>\n<p><i>RoofTop Theatre Group <\/i><\/p>\n<p><i>\u00a0 <\/i><\/p>\n<p><i>Turkish Cypriot Teacher\u2019s Trade Union (KT\u00d6S) <\/i><\/p>\n<p><i>\u00a0 <\/i><\/p>\n<p><i>Larnaka Cultural Association Initiative <\/i><\/p>\n<p><i>\u00a0 <\/i><\/p>\n<p><i>IKME (Sociopolitical Studies Institute) <\/i><\/p>\n<p><i>\u00a0 <\/i><\/p>\n<p><i>New Cyprus Association <\/i><\/p>\n<p><i>\u00a0 <\/i><\/p>\n<p><i>KISA (Action for Equality, Support, Antiracism) <\/i><\/p>\n<p><i>\u00a0 <\/i><\/p>\n<p><i>\u201cAmmochostos Return\u201d <\/i><\/p>\n<p><i>\u00a0 <\/i><\/p>\n<p><i>Youth Against Nationalism <\/i><\/p>\n<p><i>\u00a0 <\/i><\/p>\n<p><i>Political Movement SYNASPISMOS Cyprus <\/i><\/p>\n<p><i>\u00a0 <\/i><\/p>\n<p><i>Cyprus Peace Platform<\/i><\/p>\n<p><i>\u00a0 <\/i><\/p>\n<p><a href=\"http:\/\/notonato.stwc-cy.org\/\" target=\"_blank\">http:\/\/notonato.stwc-cy.org\/<\/a><\/p>\n","protected":false},"excerpt":{"rendered":"<p>Bu y\u0131l NATO\u2019nun kurulu\u015funun 60. y\u0131ld\u00f6n\u00fcm\u00fc. Bat\u0131 h\u00fck\u00fcmetleri, \u00f6n\u00fcm\u00fczdeki Nisan ay\u0131 i\u00e7erisinde Strasburg\u2019da bu olay\u0131 g\u00f6rkemli bir kutlamaya d\u00f6n\u00fc\u015ft\u00fcrmek i\u00e7in haz\u0131rl\u0131klar yap\u0131yor. Avrupa\u2019da ve t\u00fcm<\/p>\n","protected":false},"author":1,"featured_media":0,"comment_status":"open","ping_status":"open","sticky":false,"template":"","format":"standard","meta":{"jetpack_post_was_ever_published":false,"_jetpack_newsletter_access":"","_jetpack_newsletter_tier_id":0,"jetpack_publicize_message":"","jetpack_is_tweetstorm":false,"jetpack_publicize_feature_enabled":true,"jetpack_social_post_already_shared":false,"jetpack_social_options":{"image_generator_settings":{"template":"highway","enabled":false}}},"categories":[66],"tags":[],"jetpack_publicize_connections":[],"jetpack_featured_media_url":"","jetpack_shortlink":"https:\/\/wp.me\/s4eHWX-652","jetpack_sharing_enabled":true,"_links":{"self":[{"href":"https:\/\/baraka.cc\/index.php?rest_route=\/wp\/v2\/posts\/652"}],"collection":[{"href":"https:\/\/baraka.cc\/index.php?rest_route=\/wp\/v2\/posts"}],"about":[{"href":"https:\/\/baraka.cc\/index.php?rest_route=\/wp\/v2\/types\/post"}],"author":[{"embeddable":true,"href":"https:\/\/baraka.cc\/index.php?rest_route=\/wp\/v2\/users\/1"}],"replies":[{"embeddable":true,"href":"https:\/\/baraka.cc\/index.php?rest_route=%2Fwp%2Fv2%2Fcomments&post=652"}],"version-history":[{"count":3,"href":"https:\/\/baraka.cc\/index.php?rest_route=\/wp\/v2\/posts\/652\/revisions"}],"predecessor-version":[{"id":5107,"href":"https:\/\/baraka.cc\/index.php?rest_route=\/wp\/v2\/posts\/652\/revisions\/5107"}],"wp:attachment":[{"href":"https:\/\/baraka.cc\/index.php?rest_route=%2Fwp%2Fv2%2Fmedia&parent=652"}],"wp:term":[{"taxonomy":"category","embeddable":true,"href":"https:\/\/baraka.cc\/index.php?rest_route=%2Fwp%2Fv2%2Fcategories&post=652"},{"taxonomy":"post_tag","embeddable":true,"href":"https:\/\/baraka.cc\/index.php?rest_route=%2Fwp%2Fv2%2Ftags&post=652"}],"curies":[{"name":"wp","href":"https:\/\/api.w.org\/{rel}","templated":true}]}}