{"id":653,"date":"2009-01-05T12:01:07","date_gmt":"2009-01-05T09:01:07","guid":{"rendered":"https:\/\/baraka.cc\/?p=653"},"modified":"2017-06-23T09:03:43","modified_gmt":"2017-06-23T07:03:43","slug":"gazzeye-mudahale-dursun-yardim-hattina-yzyn-verylsyn","status":"publish","type":"post","link":"https:\/\/baraka.cc\/?p=653","title":{"rendered":"GAZZE\u2019YE M\u00dcDAHALE DURSUN, YARDIM HATTINA \u0130Z\u0130N VER\u0130LS\u0130N!"},"content":{"rendered":"<p>&nbsp;<\/p>\n<p><b>\u00a0\u00a0<\/b><\/p>\n<p>D\u00fcnyan\u0131n bir\u00e7ok yerinde oldu\u011fu gibi, Lefko\u015fa\u2019da Gazze\u2019ye yap\u0131lan \u0130srail m\u00fcdahalesi protesto edildi\u2026<\/p>\n<p>&nbsp;<\/p>\n<p>\u0130srail\u2019in Gaze\u2019ye y\u00f6nelik sald\u0131r\u0131lar\u0131n\u0131 derhal durdurmas\u0131, Filistin\u2019e \u00f6zg\u00fcrl\u00fck, Gazze\u2019ye sald\u0131r\u0131lar\u0131n\u0131 s\u00fcrd\u00fcrd\u00fc\u011f\u00fc s\u00fcrece \u0130srail\u2019le ili\u015fki kurulmamas\u0131, Larnaka-Gazze yard\u0131m hatt\u0131n\u0131n a\u00e7\u0131lmas\u0131, derhal insani yard\u0131m g\u00f6nderilmesi ve Filistinli g\u00f6\u00e7menlere y\u00f6nelik ablukan\u0131n kald\u0131r\u0131lmas\u0131 taleplerinin dile getirildi\u011fi protesto y\u00fcr\u00fcy\u00fc\u015f\u00fc, 3 Ocak, Cumartesi saat 11.00\u2019de Elefteria Meydan\u0131ndan ba\u015flad\u0131. Y\u00fcr\u00fcy\u00fc\u015f \u00f6ncesi AKEL Polit B\u00fcro \u00fcyesi Andros Kyprianou ve AKEL bas\u0131n s\u00f6zc\u00fcs\u00fc kitleye bir konu\u015fma yaparak, Gazze\u2019de ya\u015fananlar\u0131 protesto etti.<\/p>\n<p>Y\u00fcr\u00fcy\u00fc\u015f s\u0131ras\u0131nda baz\u0131 \u00f6rg\u00fctlerin imzas\u0131n\u0131n oldu\u011fu bildiride, \u201c\u0130srail\u2019in Gazze\u2019ye y\u00f6nelik sald\u0131r\u0131lar\u0131n\u0131 derhal durdurmas\u0131, Filistin\u2019e \u00f6zg\u00fcrl\u00fck, Gazze\u2019ye sald\u0131r\u0131lar\u0131n\u0131 s\u00fcrd\u00fcrd\u00fc\u011f\u00fc s\u00fcrece \u0130srail\u2019le ili\u015fki kurulmamas\u0131, Larnaka-Gazze yard\u0131m hatt\u0131n\u0131n a\u00e7\u0131lmas\u0131, derhal insani yard\u0131m g\u00f6nderilmesi ve Filistinli g\u00f6\u00e7menlere y\u00f6nelik ablukan\u0131n kald\u0131r\u0131lmas\u0131\u201d talepleri de dile getirildi.<\/p>\n<p>Lefko\u015fa\u2019daki Elefteria Meydan\u0131nda ba\u015flayan y\u00fcr\u00fcy\u00fc\u015f \u0130srail El\u00e7ili\u011finin bulundu\u011fu soka\u011f\u0131n ba\u015f\u0131nda polisin barikat kurmas\u0131ndan dolay\u0131 sona erdi. Burada bir s\u00fcre \u00e7e\u015fitli dillerde slogan atan gruplar, daha sonra da\u011f\u0131ld\u0131. G\u00f6stericilerin bir k\u0131sm\u0131 burada \u0130srail ve ABD bayraklar\u0131n\u0131 yakt\u0131\u2026 Olaylar s\u0131ras\u0131nda kimi g\u00f6stericiler ve polis aras\u0131nda gergin dakikalar da ya\u015fand\u0131 ama olaylar b\u00fcy\u00fcmeden g\u00f6sterici grubun ald\u0131\u011f\u0131 \u00f6nlemlerle engellendi.<\/p>\n<p>Protesto eylemine, AKEL, POGO, EDON yan\u0131nda K\u0131br\u0131s Bar\u0131\u015f Platformu, \u201cSava\u015fa Hay\u0131r Koalisyonu-K\u0131br\u0131s\u201d, \u201cK\u0131br\u0131s Filistinliler Birli\u011fi\u201d, Yeni K\u0131br\u0131s Partisi, K\u0131br\u0131s T\u00fcrk \u00d6\u011fretmenler Sendikas\u0131, Birle\u015fik K\u0131br\u0131s Partisi, K\u0131br\u0131s Sosyalist Partisi, \u0130\u015f\u00e7i Demokrasisi, \u201cK\u0131br\u0131s -K\u00fcrdistan Dostluk Derne\u011fi\u201d, Baraka K\u00fclt\u00fcr Merkezi, Otonom \u0130ktidar Kar\u015f\u0131tlar\u0131 Hareketi, \u201cAN.A. Tropi K\u0131br\u0131sl\u0131 \u00dcniversite \u00d6\u011frencileri \u0130nisiyatifi\u201d, K\u0131br\u0131sl\u0131 Gen\u00e7lik Platformu, \u201cHands Across the Divide\u201d, \u201cK\u0131br\u0131s IndiMedia\u201d, \u201cJustice for Palestinians, San Hose, CA. USA\u201d, Youth Against Nationalism ile K\u0131br\u0131sl\u0131 aktivistler destek verdi. Eyleme ayr\u0131ca \u00e7ok say\u0131da Filistinli, Arap, K\u00fcrt ve di\u011fer uluslardan g\u00f6\u00e7menler ve \u00f6\u011frenciler de destek verdi\u2026<\/p>\n","protected":false},"excerpt":{"rendered":"<p>&nbsp; \u00a0\u00a0 D\u00fcnyan\u0131n bir\u00e7ok yerinde oldu\u011fu gibi, Lefko\u015fa\u2019da Gazze\u2019ye yap\u0131lan \u0130srail m\u00fcdahalesi protesto edildi\u2026 &nbsp; \u0130srail\u2019in Gaze\u2019ye y\u00f6nelik sald\u0131r\u0131lar\u0131n\u0131 derhal durdurmas\u0131, Filistin\u2019e \u00f6zg\u00fcrl\u00fck, Gazze\u2019ye sald\u0131r\u0131lar\u0131n\u0131<\/p>\n","protected":false},"author":1,"featured_media":0,"comment_status":"open","ping_status":"open","sticky":false,"template":"","format":"standard","meta":{"jetpack_post_was_ever_published":false,"_jetpack_newsletter_access":"","_jetpack_newsletter_tier_id":0,"jetpack_publicize_message":"","jetpack_is_tweetstorm":false,"jetpack_publicize_feature_enabled":true,"jetpack_social_post_already_shared":false,"jetpack_social_options":{"image_generator_settings":{"template":"highway","enabled":false}}},"categories":[66],"tags":[],"jetpack_publicize_connections":[],"jetpack_featured_media_url":"","jetpack_shortlink":"https:\/\/wp.me\/p4eHWX-ax","jetpack_sharing_enabled":true,"_links":{"self":[{"href":"https:\/\/baraka.cc\/index.php?rest_route=\/wp\/v2\/posts\/653"}],"collection":[{"href":"https:\/\/baraka.cc\/index.php?rest_route=\/wp\/v2\/posts"}],"about":[{"href":"https:\/\/baraka.cc\/index.php?rest_route=\/wp\/v2\/types\/post"}],"author":[{"embeddable":true,"href":"https:\/\/baraka.cc\/index.php?rest_route=\/wp\/v2\/users\/1"}],"replies":[{"embeddable":true,"href":"https:\/\/baraka.cc\/index.php?rest_route=%2Fwp%2Fv2%2Fcomments&post=653"}],"version-history":[{"count":3,"href":"https:\/\/baraka.cc\/index.php?rest_route=\/wp\/v2\/posts\/653\/revisions"}],"predecessor-version":[{"id":5110,"href":"https:\/\/baraka.cc\/index.php?rest_route=\/wp\/v2\/posts\/653\/revisions\/5110"}],"wp:attachment":[{"href":"https:\/\/baraka.cc\/index.php?rest_route=%2Fwp%2Fv2%2Fmedia&parent=653"}],"wp:term":[{"taxonomy":"category","embeddable":true,"href":"https:\/\/baraka.cc\/index.php?rest_route=%2Fwp%2Fv2%2Fcategories&post=653"},{"taxonomy":"post_tag","embeddable":true,"href":"https:\/\/baraka.cc\/index.php?rest_route=%2Fwp%2Fv2%2Ftags&post=653"}],"curies":[{"name":"wp","href":"https:\/\/api.w.org\/{rel}","templated":true}]}}