{"id":654,"date":"2009-04-08T12:01:13","date_gmt":"2009-04-08T09:01:13","guid":{"rendered":"https:\/\/baraka.cc\/?p=654"},"modified":"2014-01-02T12:13:39","modified_gmt":"2014-01-02T09:13:39","slug":"natoya-ve-uslere-hayir","status":"publish","type":"post","link":"https:\/\/baraka.cc\/?p=654","title":{"rendered":"NATO\u2019ya ve \u00dcSLERE Hay\u0131r!"},"content":{"rendered":"<p class=\"MsoNormal\" style=\"margin: 0cm 0cm 0pt; line-height: 150%;\"><strong><span style=\"font-size: 11pt; line-height: 150%; font-family: Verdana;\">NATO\u2019ya ve \u00dcSLERE Hayyr!<\/span><\/strong><\/p>\n<p><strong><span style=\"font-size: 11pt; line-height: 150%; font-family: Verdana;\">\u00a0\u00a0\u00a0 <\/span><\/strong><span style=\"font-size: 11pt; line-height: 150%; font-family: Verdana;\">\u00a0<\/span><\/p>\n<p class=\"MsoNormal\" style=\"margin: 0cm 0cm 0pt; line-height: 150%;\"><span style=\"font-size: 11pt; line-height: 150%; font-family: Verdana;\">3-4 Nisan\u2019da Almanya\u2019nyn Kehl ve Fransa\u2019nyn Strasburg kentlerinde NATO\u2019nun 60. kurulu? yyld\u00f6n\u00fcm\u00fc nedeniyle zirve toplantysy ve t\u00f6renler yapylyyor. <\/span><\/p>\n<p><span style=\"font-size: 11pt; line-height: 150%; font-family: Verdana;\">\u00a0\u00a0 <\/span><\/p>\n<p class=\"MsoNormal\" style=\"margin: 0cm 0cm 0pt; line-height: 150%;\"><span style=\"font-size: 11pt; line-height: 150%; font-family: Verdana;\">Eyl\u00fcl 2008\u2019de Avrupa Sosyal Formu\u2019nda ve Ocak 2009\u2019da D\u00fcnya Sosyal Formunda alynan kararlarla, Kehl, Baden Baden ve Strasburg kentlerinde b\u00fcy\u00fck sava? kar?yty g\u00f6steriler de ger\u00e7ekle?ti. <\/span><\/p>\n<p><span style=\"font-size: 11pt; line-height: 150%; font-family: Verdana;\">\u00a0\u00a0 <\/span><\/p>\n<p class=\"MsoNormal\" style=\"margin: 0cm 0cm 0pt; line-height: 150%;\"><span style=\"font-size: 11pt; line-height: 150%; font-family: Verdana;\">Bu kentler haricinde e? g\u00fcd\u00fcml\u00fc, \u00f6zellikle Avrupa\u2019nyn \u00e7e?itli yerlerinde de \u00e7e?itli sava? ve NATO kar?yty g\u00f6steriler yapyldy\u2026<\/span><\/p>\n<p><span style=\"font-size: 11pt; line-height: 150%; font-family: Verdana;\">\u00a0\u00a0 <\/span><\/p>\n<p class=\"MsoNormal\" style=\"margin: 0cm 0cm 0pt; line-height: 150%;\"><span style=\"font-size: 11pt; line-height: 150%; font-family: Verdana;\">T\u00fcm eylemlerle birlikte ayny anda bug\u00fcn (4 Nisan, Cumartesi) saat 10:30\u2019da Pile K\u00f6y Meydanynda t\u00fcm Kybrys\u2019tan gelerek bulu?an sava? kar?ytlary Dikelya Yngiliz \u00dcsleri i\u00e7inde Kingsfield u\u00e7ak pistinin oldu?u yere gittiler ve burada basyn a\u00e7yklamasy yaparak NATO\u2019yu ve \u00fcsleri istemediklerini a\u00e7ykladylar. Syrasy ile Sava?a Hayyr Koalisyonu \u2013 Kybrys\u2019tan Phedon Vassiliadis ve M\u00fcn\u00fcr Rahvancyo?lu, Kybrys Bary? Platformu D\u00f6nem S\u00f6zc\u00fcs\u00fc Tevfik Yolda? ve Ye?iller Partisi Genel Sekreteri Ioanna Panagiotou \u00fcsler, NATO sava? \u00f6rg\u00fct\u00fc oldu?u ve d\u00fcnya bary?y i\u00e7in da?ytylmasy gerekti?i \u00fczerine a\u00e7yklamalar yaptylar. Konu?macylar Kybrys\u2019yn ve Kybryslylaryn NATO ve onun destekledi?i yer alty \u00f6rg\u00fctlerini ve Yngilizlerin b\u00f6l ve y\u00f6net politikalaryny da bildiklerini buna kar?y da ge\u00e7mi?te oldu?u gibi m\u00fccadeleyi s\u00fcrd\u00fcreceklerini s\u00f6ylediler. Konu?macylar ayryca \u00fcslerin yalnyzca Kybrys halklary i\u00e7in de?il b\u00f6lge halklary i\u00e7in de tehdit olu?turdu?unu, bunun i\u00e7in de \u00fcslerin kar?y m\u00fccadelelerini s\u00fcrd\u00fcreceklerini vurguladylar\u2026<\/span><\/p>\n<p><span style=\"font-size: 11pt; line-height: 150%; font-family: Verdana;\">\u00a0\u00a0\u00a0\u00a0 <\/span><\/p>\n<p class=\"MsoNormal\" style=\"margin: 0cm 0cm 0pt; line-height: 150%;\"><span style=\"font-size: 11pt; line-height: 150%; font-family: Verdana;\">Konu?malaryn ardyndan, yola sembolik olarak \u201cNATO\u2019ya hayyr\u201d yazyldy ve y\u00fcr\u00fcy\u00fc?e ge\u00e7ildi. Yol boyunca sava? ve NATO kar?yty, bary? ve askersizle?tirme lehine T\u00fcrk\u00e7e, Rumca ve Yngilizce slogan atan eylemciler y\u00fcr\u00fcyerek Pile K\u00f6y Meydanyna d\u00f6nd\u00fc ve burada ortak a\u00e7yklamayy Rumca ve T\u00fcrk\u00e7e okuduktan sonra \u00f6zellikle Kehl, Baden Baden ve Strasburg kentlerindeki eylemlere desteklerini belirterek eylemlerine son verdiler\u2026<\/span><\/p>\n<p><span style=\"font-size: 11pt; line-height: 150%; font-family: Verdana;\">\u00a0\u00a0\u00a0 <\/span><\/p>\n<p class=\"MsoNormal\" style=\"margin: 0cm 0cm 0pt; line-height: 150%;\"><span style=\"font-size: 11pt; line-height: 150%; font-family: Verdana;\">Y\u00fcr\u00fcy\u00fc? syrasynda \u201csusma haykyr, NATO\u2019ya hayyr\u201d, \u201c60 yyl yeter NATO da?ytylsyn\u201d, \u201cson son, Y?gallere son\u201d, \u201cba?ymsyz Kybrys, b\u00fct\u00fcn halklar karde?tir\u201d sloganlary syklykla atyldy. Eylem syrasy \u00e7e?itli pankartlar da ta?yndy\u2026<\/span><\/p>\n<p><span style=\"font-size: 11pt; line-height: 150%; font-family: Verdana;\">\u00a0\u00a0\u00a0 <\/span><\/p>\n<p class=\"MsoNormal\" style=\"margin: 0cm 0cm 0pt; line-height: 150%;\"><span style=\"font-size: 11pt; line-height: 150%; font-family: Verdana;\">Sava?a Hayyr Koalisyonu \u2013 Kybrys\u2019yn \u00e7a?rysy ile ba?layan eylem s\u00fcrecini, Sava?a Hayyr Koalisyonu \u2013 Kybrys, Kybrys Bary? Platformu, YKP, Ye?iller Partisi, Y?\u00e7i Demokrasisi, Baraka K\u00fclt\u00fcr Merkezi, Hands Across the Divide, RoofTop Tiyatro Grubu, <\/span><span style=\"font-size: 11pt; line-height: 150%; font-family: Verdana;\">KT\u00d6S, Larnaka K\u00fclt\u00fcr Derne?i Ynisiyatifi, IKME Yeni Kybrys Derne?i, KISA, \u201cAmmochostos Return\u201d, Milliyet\u00e7ili?e Kar?y Gen\u00e7lik, SYNASPISMOS Kybrys ve \u201cBirle?ik Kybrys\u201d Kybrysly-Rum ve Kybrysly-T\u00fcrk \u00d6?retmenler Platformu destek verdi.<\/span><\/p>\n<p class=\"MsoNormal\" style=\"margin: 0cm 0cm 0pt; line-height: 150%;\"><span style=\"font-size: 11pt; line-height: 150%; font-family: Verdana;\">\u00a0\u00a0\u00a0\u00a0 <\/span><\/p>\n<p><span style=\"font-size: 11pt; line-height: 150%; font-family: Verdana;\">\u00a0\u00a0\u00a0 <\/span><span style=\"font-size: 11pt; line-height: 150%; font-family: Verdana;\">\u00a0<\/span><strong><em><span style=\"font-size: 11pt; line-height: 150%; font-family: Verdana;\"><a href=\"http:\/\/notonato.stwc-cy.org\/\"><span><span style=\"text-decoration: underline;\">http:\/\/notonato.stwc-cy.org\/<\/span><\/span><\/a> <\/span><\/em><\/strong><\/p>\n<p><strong><em><span style=\"font-size: 11pt; line-height: 150%; font-family: Verdana;\"><a href=\"https:\/\/www.baraka.cc\/images\/stories\/nato_1.jpg\" target=\"_blank\"><img decoding=\"async\" loading=\"lazy\" alt=\" \" src=\"https:\/\/www.baraka.cc\/images\/stories\/nato_1.jpg\" width=\"200\" height=\"133\" border=\"2\" \/><\/a>\u00a0<a href=\"https:\/\/www.baraka.cc\/images\/stories\/nato_2.jpg\" target=\"_blank\"><img decoding=\"async\" loading=\"lazy\" alt=\" \" src=\"https:\/\/www.baraka.cc\/images\/stories\/nato_2.jpg\" width=\"200\" height=\"133\" border=\"2\" \/><\/a>\u00a0<\/span><\/em><\/strong><\/p>\n<p><strong><em><span style=\"font-size: 11pt; line-height: 150%; font-family: Verdana;\"><a href=\"https:\/\/www.baraka.cc\/images\/stories\/nato_3.jpg\" target=\"_blank\"><img decoding=\"async\" loading=\"lazy\" alt=\" \" src=\"https:\/\/www.baraka.cc\/images\/stories\/nato_3.jpg\" width=\"200\" height=\"133\" border=\"2\" \/><\/a>\u00a0<a href=\"https:\/\/www.baraka.cc\/images\/stories\/nato_4.jpg\" target=\"_blank\"><img decoding=\"async\" loading=\"lazy\" alt=\" \" src=\"https:\/\/www.baraka.cc\/images\/stories\/nato_4.jpg\" width=\"200\" height=\"133\" border=\"2\" \/><\/a>\u00a0<\/span><\/em><\/strong><\/p>\n<p><strong><em><span style=\"font-size: 11pt; line-height: 150%; font-family: Verdana;\"><a href=\"https:\/\/www.baraka.cc\/images\/stories\/nato_5.jpg\" target=\"_blank\"><img decoding=\"async\" loading=\"lazy\" alt=\" \" src=\"https:\/\/www.baraka.cc\/images\/stories\/nato_5.jpg\" width=\"200\" height=\"133\" border=\"2\" \/><\/a>\u00a0<a href=\"https:\/\/www.baraka.cc\/images\/stories\/nato_6.jpg\" target=\"_blank\"><img decoding=\"async\" loading=\"lazy\" alt=\" \" src=\"https:\/\/www.baraka.cc\/images\/stories\/nato_6.jpg\" width=\"200\" height=\"133\" border=\"2\" \/><\/a><\/span><\/em><\/strong><\/p>\n","protected":false},"excerpt":{"rendered":"<p>NATO\u2019ya ve \u00dcSLERE Hayyr! \u00a0\u00a0\u00a0 \u00a0 3-4 Nisan\u2019da Almanya\u2019nyn Kehl ve Fransa\u2019nyn Strasburg kentlerinde NATO\u2019nun 60. kurulu? yyld\u00f6n\u00fcm\u00fc nedeniyle zirve toplantysy ve t\u00f6renler yapylyyor. \u00a0\u00a0<\/p>\n","protected":false},"author":1,"featured_media":0,"comment_status":"open","ping_status":"open","sticky":false,"template":"","format":"standard","meta":{"jetpack_post_was_ever_published":false,"_jetpack_newsletter_access":"","_jetpack_newsletter_tier_id":0,"jetpack_publicize_message":"","jetpack_is_tweetstorm":false,"jetpack_publicize_feature_enabled":true,"jetpack_social_post_already_shared":false,"jetpack_social_options":{"image_generator_settings":{"template":"highway","enabled":false}}},"categories":[66],"tags":[],"jetpack_publicize_connections":[],"jetpack_featured_media_url":"","jetpack_shortlink":"https:\/\/wp.me\/p4eHWX-ay","jetpack_sharing_enabled":true,"_links":{"self":[{"href":"https:\/\/baraka.cc\/index.php?rest_route=\/wp\/v2\/posts\/654"}],"collection":[{"href":"https:\/\/baraka.cc\/index.php?rest_route=\/wp\/v2\/posts"}],"about":[{"href":"https:\/\/baraka.cc\/index.php?rest_route=\/wp\/v2\/types\/post"}],"author":[{"embeddable":true,"href":"https:\/\/baraka.cc\/index.php?rest_route=\/wp\/v2\/users\/1"}],"replies":[{"embeddable":true,"href":"https:\/\/baraka.cc\/index.php?rest_route=%2Fwp%2Fv2%2Fcomments&post=654"}],"version-history":[{"count":1,"href":"https:\/\/baraka.cc\/index.php?rest_route=\/wp\/v2\/posts\/654\/revisions"}],"predecessor-version":[{"id":661,"href":"https:\/\/baraka.cc\/index.php?rest_route=\/wp\/v2\/posts\/654\/revisions\/661"}],"wp:attachment":[{"href":"https:\/\/baraka.cc\/index.php?rest_route=%2Fwp%2Fv2%2Fmedia&parent=654"}],"wp:term":[{"taxonomy":"category","embeddable":true,"href":"https:\/\/baraka.cc\/index.php?rest_route=%2Fwp%2Fv2%2Fcategories&post=654"},{"taxonomy":"post_tag","embeddable":true,"href":"https:\/\/baraka.cc\/index.php?rest_route=%2Fwp%2Fv2%2Ftags&post=654"}],"curies":[{"name":"wp","href":"https:\/\/api.w.org\/{rel}","templated":true}]}}