{"id":662,"date":"2008-12-20T12:13:49","date_gmt":"2008-12-20T09:13:49","guid":{"rendered":"https:\/\/baraka.cc\/?p=662"},"modified":"2017-06-23T09:10:19","modified_gmt":"2017-06-23T07:10:19","slug":"kibris-genclyy-sokaktaydi","status":"publish","type":"post","link":"https:\/\/baraka.cc\/?p=662","title":{"rendered":"KIBRIS GEN\u00c7L\u0130\u011e\u0130 SOKAKTAYDI"},"content":{"rendered":"<p align=\"center\">\n<p align=\"center\"><b>\u00a0\u00a0\u00a0\u00a0<\/b><b>\u00a0\u00a0<\/b><\/p>\n<p>Yunanistan\u2019da sistem kar\u015f\u0131t\u0131 bir gencin polis taraf\u0131ndan \u00f6ld\u00fcr\u00fclmesiyle t\u00fcm d\u00fcnyada ba\u015flayan protesto g\u00f6sterilerine K\u0131br\u0131s gen\u00e7li\u011fi de soka\u011fa \u00e7\u0131karak destek verdi. Ge\u00e7ti\u011fimiz haftalarda\u00a0\u00fclkemize orduya hakaret eden yaz\u0131lamalar yapt\u0131klar\u0131 ve \u201cdevlet b\u00fcy\u00fcklerine\u201d(!) hakaret ettikleri gerek\u00e7eleriyle tutuklanan ve g\u00fcnlerce g\u00f6zaltynda tutulan gen\u00e7ler Polis devletinin \u015fiddetini yak\u0131ndan hissetmi\u015flerdi. YKP, BKP, KSP, TDP\u2019nin gen\u00e7lik \u00f6rg\u00fctleri ile BARAKA VE EK\u0130M K\u00fclt\u00fcr Merkezleri 20 Aral\u0131k, Cumartesi g\u00fcn\u00fc Lefko\u015fa Terminalinde saat 14:00 bulu\u015ftuktan sonra olu\u015fturulan kortejle T.C El\u00e7ili\u011fi ve Meclis binas\u0131n\u0131n \u00f6n\u00fcne y\u00fcr\u00fcd\u00fc. T.C El\u00e7ili\u011fi \u00f6n\u00fcnde BKP, YKP\u2019nin gen\u00e7lik \u00f6rg\u00fctleri Baraka K\u00fclt\u00fcr Merkezi Yunanistan\u2019daki olaylarla t\u00fcm d\u00fcnyay\u0131 sarsan hareketin, katledilen t\u00fcm gen\u00e7ler ve devletin u\u015faklar\u0131na kar\u015f\u0131 m\u00fccadele edenlerin an\u0131s\u0131na, Avrupa\u2019da ve k\u00fcresel-\u00f6l\u00e7ekte direni\u015f eylemleri yap\u0131lmas\u0131 \u00e7a\u011fr\u0131s\u0131 \u00fczerine, polis devletinin \u015fiddetini her alanda ya\u015fayan K\u0131br\u0131sl\u0131lar olarak, militarist bir anlay\u0131\u015f i\u00e7erisinde T\u00fcrkiye Cumhuriyeti askeri kurumlar\u0131na ba\u011fl\u0131 olan polis kurumunun siville\u015fmesini savundu\u011funu ortaya koyan ve \u201ckarde\u015fimiz Alex\u2019in\u201d \u00f6ld\u00fcr\u00fclmesini protesto eden ortak bildiriyi okudu. KSP de haz\u0131rlad\u0131\u011f\u0131 bildiriyi T.C El\u00e7ili\u011fi \u00f6n\u00fcnde okudu. Daha sonra TDP Gen\u00e7lik meclis \u00f6n\u00fcne ge\u00e7erek kendi bildirilerini okudu. Y\u00fcze yak\u0131n g\u00f6sterici daha sonra toplanma yeri olan Lefko\u015fa terminaline ayn\u0131 korteji olu\u015fturarak d\u00f6nd\u00fc ve eylemi sonland\u0131rd\u0131.<\/p>\n<p><b>BARAKA K\u00fclt\u00fcr Merkezi ve BKP ve YKP\u2019nin gen\u00e7lik \u00f6rg\u00fctlerinin ortak metni\u2026\u2026<\/b><\/p>\n<p>&nbsp;<\/p>\n<p>Yunanistan\u2019da sistem kar\u015f\u0131t\u0131 bir gencin polis tarafyndan \u00f6ld\u00fcr\u00fclmesiyle t\u00fcm d\u00fcnyada ba\u015flayan protesto g\u00f6sterilerine K\u0131br\u0131s gen\u00e7li\u011fi de soka\u011fa \u00e7\u0131karak destek veriyor.<\/p>\n<p>\u00dclkemizde de orduya hakaret eden yaz\u0131lamalar yapt\u0131klar\u0131 ve devlet b\u00fcy\u00fcklerine hakaret ettikleri gerek\u00e7eleriyle tutuklanan ve g\u00fcnlerce g\u00f6zalt\u0131nda tutulan gen\u00e7ler Polis devletinin \u015fiddetini yak\u0131ndan hissetmi\u015flerdi.<\/p>\n<p>Yunanistan\u2019daki olaylarla t\u00fcm d\u00fcnyay\u0131 sarsan hareketin, katledilen t\u00fcm gen\u00e7ler ve devletin u\u015faklar\u0131na kar\u015f\u0131 m\u00fccadele edenlerin an\u0131s\u0131na, Avrupa\u2019da ve k\u00fcresel-\u00f6l\u00e7ekte direni\u015f eylemleri yap\u0131lmas\u0131 \u00e7a\u011fr\u0131s\u0131 \u00fczerine, Polis devletinin \u015fiddetini her alanda ya\u015fayan K\u0131br\u0131sl\u0131lar olarak, militarist bir anlay\u0131\u015f i\u00e7erisinde T\u00fcrkiye Cumhuriyeti askeri kurumlar\u0131na ba\u011fl\u0131 olan polis kurumunun siville\u015fmesini savundu\u011fumuzu ortaya koymak ve karde\u015fimiz Alex\u2019in \u00f6ld\u00fcr\u00fclmesini protesto etmek \u00fczere sokaklarday\u0131z.<\/p>\n<p>Sokaklarday\u0131z \u00e7\u00fcnk\u00fc T\u00fcrkiye\u2019de i\u015fkencelerde can veren, en basit demokratik eylemlerde bile polis \u015fiddetine maruz kalan T\u00fcrkiye\u2019deki arkada\u015flar\u0131m\u0131z\u0131n, yolda\u015flar\u0131m\u0131z\u0131n yan\u0131nday\u0131z. Sokaklarday\u0131z \u00e7\u00fcnk\u00fc sorunun kayna\u011f\u0131 olan bu ba\u015f\u0131bozuk sisteme kar\u015f\u0131y\u0131z. Sokaklarday\u0131z \u00e7\u00fcnk\u00fc bizi yakan sorunlara kar\u015f\u0131 duyarl\u0131l\u0131\u011f\u0131m\u0131z\u0131 g\u00f6stermeye, sorunlar\u0131m\u0131za sahip \u00e7\u0131kmaya kararl\u0131y\u0131z.<\/p>\n<p>Polisi, sivil idareyi ger\u00e7ek anlamda y\u00f6neten T\u00fcrkiye Cumhuriyeti bu co\u011frafyadan sorumludur. Ya\u015fanan b\u00fct\u00fcn antidemokratik uygulamalar\u0131n ve \u00e7\u00f6z\u00fcms\u00fczl\u00fc\u011f\u00fcn sorumlusu ve simgesi haline gelen T.C. Elcili\u011fi, tam da bu nedenlerle protesto g\u00f6sterilerin adresidir ve bundan sonra da adresi olmal\u0131d\u0131r.<\/p>\n<p>K\u0131br\u0131sl\u0131lar\u0131n kendi kendini y\u00f6netmesinde b\u00fcy\u00fck engel te\u015fkil eden; Polis kurumunun T\u00fcrkiye askeri kurumlar\u0131na yani T\u00fcrkiye Genel Kurmay\u0131\u2019na ba\u011fl\u0131 olmas\u0131n\u0131 sa\u011flayan ve sivil bir\u00e7ok kurumda askeri temsilcilerin bulunmas\u0131na olanak veren ge\u00e7ici 10\u2019uncu madde derhal kald\u0131r\u0131lmal\u0131 ve demokratik bir ortam\u0131n sa\u011flanmas\u0131 i\u00e7in derhal \u00e7al\u0131\u015fmalar baba\u015flat\u0131lmal\u0131d\u0131r.<\/p>\n<p>&nbsp;<\/p>\n<p>Ya\u015famlar\u0131m\u0131z devletlere ve katillerine ait de\u011fildir! Katledilen karde\u015flerimizin, dostlar\u0131myz\u0131n ve yolda\u015flar\u0131m\u0131z\u0131n an\u0131s\u0131 m\u00fccadelelerimizde ya\u015f\u0131yor! Karde\u015flerimizi unutmuyoruz, katillerini affetmiyoruz.<\/p>\n<p>&nbsp;<\/p>\n","protected":false},"excerpt":{"rendered":"<p>\u00a0\u00a0\u00a0\u00a0\u00a0\u00a0 Yunanistan\u2019da sistem kar\u015f\u0131t\u0131 bir gencin polis taraf\u0131ndan \u00f6ld\u00fcr\u00fclmesiyle t\u00fcm d\u00fcnyada ba\u015flayan protesto g\u00f6sterilerine K\u0131br\u0131s gen\u00e7li\u011fi de soka\u011fa \u00e7\u0131karak destek verdi. Ge\u00e7ti\u011fimiz haftalarda\u00a0\u00fclkemize orduya hakaret<\/p>\n","protected":false},"author":1,"featured_media":0,"comment_status":"open","ping_status":"open","sticky":false,"template":"","format":"standard","meta":{"jetpack_post_was_ever_published":false,"_jetpack_newsletter_access":"","_jetpack_newsletter_tier_id":0,"jetpack_publicize_message":"","jetpack_is_tweetstorm":false,"jetpack_publicize_feature_enabled":true,"jetpack_social_post_already_shared":false,"jetpack_social_options":{"image_generator_settings":{"template":"highway","enabled":false}}},"categories":[66],"tags":[],"jetpack_publicize_connections":[],"jetpack_featured_media_url":"","jetpack_shortlink":"https:\/\/wp.me\/p4eHWX-aG","jetpack_sharing_enabled":true,"_links":{"self":[{"href":"https:\/\/baraka.cc\/index.php?rest_route=\/wp\/v2\/posts\/662"}],"collection":[{"href":"https:\/\/baraka.cc\/index.php?rest_route=\/wp\/v2\/posts"}],"about":[{"href":"https:\/\/baraka.cc\/index.php?rest_route=\/wp\/v2\/types\/post"}],"author":[{"embeddable":true,"href":"https:\/\/baraka.cc\/index.php?rest_route=\/wp\/v2\/users\/1"}],"replies":[{"embeddable":true,"href":"https:\/\/baraka.cc\/index.php?rest_route=%2Fwp%2Fv2%2Fcomments&post=662"}],"version-history":[{"count":3,"href":"https:\/\/baraka.cc\/index.php?rest_route=\/wp\/v2\/posts\/662\/revisions"}],"predecessor-version":[{"id":5111,"href":"https:\/\/baraka.cc\/index.php?rest_route=\/wp\/v2\/posts\/662\/revisions\/5111"}],"wp:attachment":[{"href":"https:\/\/baraka.cc\/index.php?rest_route=%2Fwp%2Fv2%2Fmedia&parent=662"}],"wp:term":[{"taxonomy":"category","embeddable":true,"href":"https:\/\/baraka.cc\/index.php?rest_route=%2Fwp%2Fv2%2Fcategories&post=662"},{"taxonomy":"post_tag","embeddable":true,"href":"https:\/\/baraka.cc\/index.php?rest_route=%2Fwp%2Fv2%2Ftags&post=662"}],"curies":[{"name":"wp","href":"https:\/\/api.w.org\/{rel}","templated":true}]}}