{"id":663,"date":"2009-04-28T12:13:52","date_gmt":"2009-04-28T09:13:52","guid":{"rendered":"https:\/\/baraka.cc\/?p=663"},"modified":"2014-01-02T12:31:41","modified_gmt":"2014-01-02T09:31:41","slug":"1-mayys-1977-ve-devrimci-mucadele","status":"publish","type":"post","link":"https:\/\/baraka.cc\/?p=663","title":{"rendered":"1 Mayys 1977 ve Devrimci M\u00fccadele"},"content":{"rendered":"<p class=\"MsoNormal\" style=\"margin: 0cm 0cm 0pt; line-height: 14.4pt; text-align: justify;\"><span style=\"font-size: 11pt; color: ; font-family: Verdana;\"><strong>&#8220;1 Mayys 1977 ve Devrimci M\u00fccadele&#8221;<\/strong><\/span><\/p>\n<p class=\"MsoNormal\" style=\"margin: 0cm 0cm 0pt; line-height: 14.4pt; text-align: justify;\"><span style=\"font-size: 11pt; color: ; font-family: Verdana;\"><strong>\u00a0\u00a0\u00a0\u00a0 <\/strong><\/span><\/p>\n<p class=\"MsoNormal\" style=\"margin: 0cm 0cm 0pt; line-height: 14.4pt; text-align: justify;\"><span style=\"font-size: 11pt; color: ; font-family: Verdana;\"><a href=\"https:\/\/www.baraka.cc\/images\/stories\/30Nisan2009.jpg\" target=\"_blank\"><img decoding=\"async\" loading=\"lazy\" alt=\" \" src=\"https:\/\/www.baraka.cc\/images\/stories\/30Nisan2009.jpg\" width=\"250\" height=\"353\" border=\"2\" \/><\/a><\/span><\/p>\n<p class=\"MsoNormal\" style=\"margin: 0cm 0cm 0pt; line-height: 14.4pt; text-align: justify;\"><span style=\"font-size: 11pt; color: ; font-family: Verdana;\">\u00a0\u00a0 <\/span><\/p>\n<p class=\"MsoNormal\" style=\"margin: 0cm 0cm 0pt; line-height: 14.4pt; text-align: justify;\"><span style=\"font-size: 11pt; color: ; font-family: Verdana;\">Baraka K\u00fclt\u00fcr Merkezi 30 Nisan Per?embe ak?amy Baraka\u2019nyn 1 Mayys hazyrlyklary \u00e7er\u00e7evesinde \u201c1 Mayys 1977 ve Devrimci M\u00fccadele\u201d ba?lykly bir panel d\u00fczenledi.\u00a0Monthly Review T\u00fcrk\u00e7e dergisi yazy i?leri m\u00fcd\u00fcr\u00fc HAKAN TANITTIRAN&#8217;yn y\u00f6netti?i panelde Devrimci Yol davasy 1 numaraly sany?y, gazeteci, yazar O?UZHAN M\u00dcFT\u00dcO?LU, \u00d6DP Parti Meclisi \u00fcyesi CEMAL \u00c7AKICI konu?tular. Baraka aktivisti M\u00fcn\u00fcr Rahvancyo?lu&#8217;nun da Kybrys&#8217;a dair kysa bir \u00f6zet yapty?y panele ilgi yo?un oldu. Konu?macylaryn konu?malarynyn ardyndan soru-cevap b\u00f6l\u00fcm\u00fcnde devrimci m\u00fccadelenin ge\u00e7mi?ine ve bug\u00fcn\u00fcne\u00a0dair tarty?malar ya?andy ve merak edilen sorular yanyt buldu.\u00a0<\/span><span style=\"font-size: 11pt; color: ; font-family: Verdana;\">\u00a0\u00a0 <\/span><\/p>\n<p class=\"MsoNormal\" style=\"margin: 0cm 0cm 0pt; line-height: 14.4pt; text-align: justify;\">\n<p class=\"MsoNormal\" style=\"margin: 0cm 0cm 0pt; line-height: 14.4pt; text-align: justify;\">\n<p class=\"MsoNormal\" style=\"margin: 0cm 0cm 0pt; line-height: 14.4pt; text-align: justify;\"><span style=\"font-size: 11pt; color: ; font-family: Verdana;\"><span style=\"font-size: 11pt; color: ; font-family: Verdana;\"><strong><a href=\"https:\/\/www.baraka.cc\/images\/stories\/30Nisan_(1).JPG\" target=\"_blank\"><img decoding=\"async\" loading=\"lazy\" alt=\" \" src=\"https:\/\/www.baraka.cc\/images\/stories\/30Nisan_(1).JPG\" width=\"200\" height=\"150\" border=\"2\" \/><\/a>\u00a0<a href=\"https:\/\/www.baraka.cc\/images\/stories\/30Nisan_2.JPG\" target=\"_blank\"><img decoding=\"async\" loading=\"lazy\" alt=\" \" src=\"https:\/\/www.baraka.cc\/images\/stories\/30Nisan_2.JPG\" width=\"200\" height=\"150\" border=\"2\" \/><\/a><\/strong><\/span><\/span><\/p>\n<p class=\"MsoNormal\" style=\"margin: 0cm 0cm 0pt; line-height: 14.4pt; text-align: justify;\"><span style=\"font-size: 11pt; color: ; font-family: Verdana;\"><span style=\"font-size: 11pt; color: ; font-family: Verdana;\"><a href=\"https:\/\/www.baraka.cc\/images\/stories\/30Nisan_(3).JPG\" target=\"_blank\"><img decoding=\"async\" loading=\"lazy\" alt=\" \" src=\"https:\/\/www.baraka.cc\/images\/stories\/30Nisan_(3).JPG\" width=\"200\" height=\"150\" border=\"2\" \/><\/a>\u00a0<a href=\"https:\/\/www.baraka.cc\/images\/stories\/30Nisan_(4).JPG\" target=\"_blank\"><img decoding=\"async\" loading=\"lazy\" alt=\" \" src=\"https:\/\/www.baraka.cc\/images\/stories\/30Nisan_(4).JPG\" width=\"200\" height=\"150\" border=\"2\" \/><\/a><\/span><\/span><\/p>\n<p class=\"MsoNormal\" style=\"margin: 0cm 0cm 0pt; line-height: 14.4pt; text-align: justify;\"><span style=\"font-size: 11pt; color: ; font-family: Verdana;\"><span style=\"font-size: 11pt; color: ; font-family: Verdana;\"><a href=\"https:\/\/www.baraka.cc\/images\/stories\/30Nisan_(5).JPG\" target=\"_blank\"><img decoding=\"async\" loading=\"lazy\" alt=\" \" src=\"https:\/\/www.baraka.cc\/images\/stories\/30Nisan_(5).JPG\" width=\"200\" height=\"150\" border=\"2\" \/><\/a>\u00a0 <\/span><\/span><\/p>\n<p class=\"MsoNormal\" style=\"margin: 0cm 0cm 0pt; line-height: 14.4pt; text-align: justify;\">\n","protected":false},"excerpt":{"rendered":"<p>&#8220;1 Mayys 1977 ve Devrimci M\u00fccadele&#8221; \u00a0\u00a0\u00a0\u00a0 \u00a0\u00a0 Baraka K\u00fclt\u00fcr Merkezi 30 Nisan Per?embe ak?amy Baraka\u2019nyn 1 Mayys hazyrlyklary \u00e7er\u00e7evesinde \u201c1 Mayys 1977 ve Devrimci<\/p>\n","protected":false},"author":1,"featured_media":0,"comment_status":"open","ping_status":"open","sticky":false,"template":"","format":"standard","meta":{"jetpack_post_was_ever_published":false,"_jetpack_newsletter_access":"","_jetpack_newsletter_tier_id":0,"jetpack_publicize_message":"","jetpack_is_tweetstorm":false,"jetpack_publicize_feature_enabled":true,"jetpack_social_post_already_shared":false,"jetpack_social_options":{"image_generator_settings":{"template":"highway","enabled":false}}},"categories":[56],"tags":[],"jetpack_publicize_connections":[],"jetpack_featured_media_url":"","jetpack_shortlink":"https:\/\/wp.me\/p4eHWX-aH","jetpack_sharing_enabled":true,"_links":{"self":[{"href":"https:\/\/baraka.cc\/index.php?rest_route=\/wp\/v2\/posts\/663"}],"collection":[{"href":"https:\/\/baraka.cc\/index.php?rest_route=\/wp\/v2\/posts"}],"about":[{"href":"https:\/\/baraka.cc\/index.php?rest_route=\/wp\/v2\/types\/post"}],"author":[{"embeddable":true,"href":"https:\/\/baraka.cc\/index.php?rest_route=\/wp\/v2\/users\/1"}],"replies":[{"embeddable":true,"href":"https:\/\/baraka.cc\/index.php?rest_route=%2Fwp%2Fv2%2Fcomments&post=663"}],"version-history":[{"count":1,"href":"https:\/\/baraka.cc\/index.php?rest_route=\/wp\/v2\/posts\/663\/revisions"}],"predecessor-version":[{"id":666,"href":"https:\/\/baraka.cc\/index.php?rest_route=\/wp\/v2\/posts\/663\/revisions\/666"}],"wp:attachment":[{"href":"https:\/\/baraka.cc\/index.php?rest_route=%2Fwp%2Fv2%2Fmedia&parent=663"}],"wp:term":[{"taxonomy":"category","embeddable":true,"href":"https:\/\/baraka.cc\/index.php?rest_route=%2Fwp%2Fv2%2Fcategories&post=663"},{"taxonomy":"post_tag","embeddable":true,"href":"https:\/\/baraka.cc\/index.php?rest_route=%2Fwp%2Fv2%2Ftags&post=663"}],"curies":[{"name":"wp","href":"https:\/\/api.w.org\/{rel}","templated":true}]}}