{"id":665,"date":"2009-07-12T12:16:35","date_gmt":"2009-07-12T09:16:35","guid":{"rendered":"https:\/\/baraka.cc\/?p=665"},"modified":"2017-09-19T10:41:56","modified_gmt":"2017-09-19T08:41:56","slug":"hade-belee-denyze-gyrmeye-eylemy-acapulcoda-gerceklety","status":"publish","type":"post","link":"https:\/\/baraka.cc\/?p=665","title":{"rendered":"\u201cHADE! BELE\u015eE DEN\u0130ZE G\u0130RMEYE!\u201d EYLEM\u0130 ACAPULCO\u2019DA GER\u00c7EKLE\u015eT\u0130R\u0130LD\u0130"},"content":{"rendered":"<p>&nbsp;<\/p>\n<p>Baraka K\u00fclt\u00fcr Merkezi, Ye\u015fil Bar\u0131\u015f Hareketi ve K\u0131br\u0131s Sosyalist Partisi\u2019nin deste\u011fi ile d\u00fcn Girne\u2019de plajlara giri\u015f \u00fccreti al\u0131nmas\u0131n\u0131 protesto etti. \u201cDenizler halk\u0131nd\u0131r, halk\u0131n kalacak\u201d g\u00f6r\u00fc\u015f\u00fcn\u00fcn savunuldu\u011fu ve Acapulco Resot Convention Spa Hotel\u2019in \u00f6n\u00fcnde ger\u00e7ekle\u015fen eylemde \u201cHade! Bele\u015fe Denize Girmeye!\u201d slogan\u0131 kullan\u0131ld\u0131.<\/p>\n<p>&nbsp;<\/p>\n<p><a href=\"http:\/\/www.youtube.com\/watch?v=X8zkZ78mQ6U\" target=\"_blank\">http:\/\/www.youtube.com\/watch?v=X8zkZ78mQ6U<\/a><\/p>\n<p><b>\u201cHALK HARACA BA\u011eLANDI\u201d<\/b><\/p>\n<p>&nbsp;<\/p>\n<p>Baraka K\u00fclt\u00fcr Merkezi aktivisti Ceyda Al\u00e7\u0131c\u0131o\u011flu, K\u0131br\u0131s\u2019\u0131n bir ada \u00fclkesi olmasyna ra\u011fmen \u00f6zellikle Girne b\u00f6lgesinde denize girmenin imkans\u0131z hale getirildi\u011fini belirtti. Al\u00e7\u0131c\u0131o\u011flu, \u201cEn g\u00fczel sahillerimiz otellere veya \u00f6zel \u015firketlere kiralanm\u0131\u015ft\u0131r. Bu otel veya \u015firketler denize girmek isteyen halk\u0131 haraca ba\u011flam\u0131\u015ft\u0131r\u201d dedi.<\/p>\n<p>\u00c7ocuklar\u0131n\u0131 ve ailelerini alan eylemciler saat 16.00\u2019da eylemin yap\u0131laca\u011f\u0131 Acapulco Resort Convention Spa Hotel \u00f6n\u00fcnde bulu\u015ftu. Eylemciler burada Anayasa\u2019n\u0131n 38\/8 maddesi ve Plajlar\u0131n Kullan\u0131m ve Denetim Yasas\u0131\u2019n\u0131n hat\u0131rlat\u0131ld\u0131\u011f\u0131 \u201cBele\u015fe denize girmek senin de hakk\u0131n\u201d ba\u015fl\u0131kl\u0131 bro\u015f\u00fcr da\u011f\u0131tt\u0131.<br \/>\nDenizlerin kamu mal\u0131 oldu\u011funu vurgulayarak plajlara giri\u015f \u00fccreti al\u0131nmas\u0131na tepki g\u00f6steren eylemciler, 1974\u2019ten \u00f6nce denizlere \u00fccretsiz girildi\u011fini hat\u0131rlatt\u0131. Eylemciler, plajlar\u0131n 1974\u2019ten sonra \u00fccretli oldu\u011funu, bununsa Anayasa\u2019ya ayk\u0131r\u0131 oldu\u011funu vurgulad\u0131lar. Eylemin yap\u0131ld\u0131\u011f\u0131 s\u0131rada yoldan ge\u00e7en ara\u00e7lar da korna \u00e7alarak destek verdiler.<br \/>\nAd\u0131 ge\u00e7en yasay\u0131 uygulamak ve uymayanlar\u0131 cezaland\u0131rmakla y\u00fck\u00fcml\u00fc olan \u0130\u00e7i\u015fleri Bakanl\u0131\u011f\u0131 ile belediyeleri uyararak ve g\u00f6reve \u00e7a\u011f\u0131ran eylemciler, daha sonra \u015femsiyeleri, karpuzlar\u0131, \u00e7\u00f6p naylonlar\u0131, kova ve k\u00fcreklerini de alarak hi\u00e7bir engelle kar\u015f\u0131la\u015fmadan sahile kadar indi.<br \/>\nSahile ula\u015fan eylemciler burada alk\u0131\u015fl\u0131 bir protesto yapt\u0131 ve \u201cDenizler halk\u0131ndyr halk\u0131n kalacak\u201d slogan\u0131 att\u0131.<br \/>\nA\u00e7\u0131klamalar\u0131n ard\u0131ndan yanlar\u0131nda getirilen karpuz so\u011fumas\u0131 i\u00e7in denize koyan eylemciler mayolar\u0131yla denize girdi. Daha sonra so\u011fuyan karpuz kesilerek hep birlikte yendi ve \u00f6rnek olmas\u0131 i\u00e7in de karpuzun kabuklar\u0131 po\u015fetlenerek \u00e7\u00f6pe at\u0131ld\u0131.<\/p>\n<p><b><br \/>\n\u201cDenize \u00fccretsiz girmek Anayasal hakt\u0131r\u201d<\/b><\/p>\n<p>Baraka K\u00fclt\u00fcr Merkezi aktivistlerinden Ceyda Al\u00e7\u0131c\u0131o\u011flu bas\u0131n a\u00e7\u0131klamas\u0131nda, yap\u0131lan eylemin amac\u0131n\u0131n vatanda\u015flar\u0131n anayasal haklar\u0131ndan biri olan \u00fccretsiz denize girmeyi sa\u011flamak oldu\u011funu s\u00f6yledi.<br \/>\n\u00dclkemizin bir ada \u00fclkesi olmas\u0131na ra\u011fmen \u00f6zellikle Girne b\u00f6lgesinde denize girmenin imkans\u0131z hale getirildi\u011fini ifade eden Ceyda Al\u00e7\u0131c\u0131o\u011flu, \u201cEn g\u00fczel sahillerimiz otellere veya \u00f6zel \u015firketlere kiralanm\u0131\u015ft\u0131r. Bu otel veya \u015firketler denize giri\u015fi haraca ba\u011flam\u0131\u015ft\u0131r\u201d dedi.<br \/>\nBir sahile otel yapmak veya bir plaj\u0131 i\u015fletme ama\u00e7l\u0131 kullanman\u0131n kimseyi o plaj\u0131n sahibi yapmayaca\u011f\u0131n\u0131 da kaydeden Al\u00e7\u0131c\u0131o\u011flu, denizlerin t\u00fcm halk\u0131n oldu\u011funu ve buralara girerken para talep edilmesinin kabul edilemez oldu\u011funu belirtti.<br \/>\nOtel veya i\u015fletmenin hizmetlerinden yararlan\u0131lmad\u0131\u011f\u0131 hallerde denize girmenin \u00fccretsiz olmas\u0131 gerekti\u011fini anlatan Ceyda Al\u00e7\u0131c\u0131o\u011flu, Anayasa ve yasalarda bu hakk\u0131n vatanda\u015fa a\u00e7\u0131k\u00e7a verildi\u011fini de s\u00f6yledi.<\/p>\n<p><b>\u201cPara alanlar su\u00e7 i\u015fliyor\u201d<\/b><\/p>\n<p>Ceyda Al\u00e7\u0131c\u0131o\u011flu a\u00e7\u0131klamas\u0131nda, Anayasa\u2019n\u0131n 38\u2019inci maddesinde \u201cYurtta\u015flar\u0131n 100 metre k\u0131y\u0131 \u015feridi i\u00e7erisinde denize girmesi kimse taraf\u0131ndan engellenemez ve giri\u015f \u00fccrete ba\u011fl\u0131 tutulamaz\u201d diye yazd\u0131\u011f\u0131n\u0131 belirtti.<br \/>\nPlajlar\u0131n Kullan\u0131m ve Denetim Yasas\u0131\u2019nda da yurtta\u015flar\u0131n plaja girmesinin kimse taraf\u0131ndan\u00a0 engellenemeyece\u011finin belirtildi\u011fini kaydeden Al\u00e7\u0131c\u0131o\u011flu, ay\u0131yca giri\u015flerde yurtta\u015flardan herhangi bir \u015fart veya ko\u015ful alt\u0131nda \u00fccret talep edilemeyece\u011finin de belirtildi\u011fini vurgulad\u0131.<\/p>\n<p>&nbsp;<\/p>\n<p><b>\u201c\u0130\u00e7i\u015fleri Bakanl\u0131\u011f\u0131 ve belediyeler yasalar\u0131 uygulas\u0131n\u201d<\/b><\/p>\n<p>&nbsp;<\/p>\n<p>Yasaya g\u00f6re kurallara uymayanlar\u0131n su\u00e7 i\u015flemi\u015f say\u0131laca\u011f\u0131n\u0131 ve 25 bin TL para veya 1 y\u0131la kadar hapis cezas\u0131 ile cezaland\u0131r\u0131ld\u0131\u011f\u0131n\u0131n alt\u0131n\u0131 \u00e7izen Al\u00e7\u0131c\u0131o\u011flu \u015f\u00f6yle devam etti:<br \/>\n\u201cPlaja girerken bizden para isteyenler su\u00e7 i\u015flemi\u015f oluyorlar. Gelmi\u015f ge\u00e7mii t\u00fcm h\u00fck\u00fcmetler de buna g\u00f6z yummaktad\u0131r. En ufak bir trafik cezas\u0131nda vatanda\u015f\u0131n ensesine binen polis, s\u00f6z konusu olan zengin otel ve i\u015fletme sahipleri olunca, a\u00e7\u0131k\u00e7a i\u015flenen bu su\u00e7 kar\u015f\u0131s\u0131nda sessiz kalmaktad\u0131rlar. Plajlar\u0131n Kullan\u0131m ve Denetim Yasas\u0131\u2019n\u0131 uygulamak, polisin de yard\u0131m\u0131yla gerekli denetimleri yapmak \u0130\u00e7i\u015fleri Bakanl\u0131\u011f\u0131 ile belediyelerin g\u00f6revidir. \u0130\u00e7i\u015fleri Bakanl\u0131\u011f\u0131n\u0131 ve ilgili belediyeleri derhal bu g\u00f6revi yapmaya, plajlara bask\u0131n d\u00fczenlemeye ve yasalara uymay\u0131p halk\u0131 soyanlar\u0131 cezaland\u0131rmaya \u00e7a\u011f\u0131r\u0131yoruz. Halk\u0131m\u0131z\u0131 da denize girerken para \u00f6dememeye davet ediyoruz. Bizler burada me\u015fru haklar\u0131n\u0131 \u00f6rg\u00fctl\u00fc bir \u015fekilde savunanlar\u0131n kar\u015f\u0131s\u0131nda hi\u00e7bir g\u00fcc\u00fcn duramayaca\u011f\u0131n\u0131 g\u00f6rm\u00fc\u015f olduk. Bu eylemimizin burada bitmemesi ve \u00f6zellikle demokratik kitle \u00f6rg\u00fctlerini duyarl\u0131 olup m\u00fccadele etmeye \u00e7a\u011f\u0131r\u0131yoruz.\u201d<\/p>\n<p class=\"MsoNormal\" style=\"margin: 0cm 0cm 0pt; line-height: 150%; text-align: justify;\"><span style=\"font-size: 11pt; line-height: 150%; font-family: Verdana;\"><strong><a href=\"https:\/\/www.baraka.cc\/index.php?option=com_content&amp;task=view&amp;id=388&amp;Itemid=438\">Baraka&#8217;n\u0131n <span style=\"font-size: 11pt; line-height: 150%; font-family: Verdana;\">bildirisi<\/span><\/a><\/strong><\/span><\/p>\n<p class=\"MsoNormal\" style=\"margin: 0cm 0cm 0pt; line-height: 150%; text-align: justify;\"><span style=\"font-size: 11pt; line-height: 150%; font-family: Verdana;\"><strong>\u00a0\u00a0\u00a0\u00a0\u00a0\u00a0\u00a0\u00a0\u00a0\u00a0\u00a0\u00a0\u00a0\u00a0\u00a0\u00a0\u00a0 <\/strong><\/span><\/p>\n<p class=\"MsoNormal\" style=\"margin: 0cm 0cm 0pt; line-height: 150%; text-align: justify;\"><span style=\"font-size: 11pt; line-height: 150%; font-family: Verdana;\"><strong><a href=\"https:\/\/www.baraka.cc\/images\/stories\/denizbeles_1.jpg\" target=\"_blank\"><img decoding=\"async\" loading=\"lazy\" alt=\" \" src=\"https:\/\/www.baraka.cc\/images\/stories\/denizbeles_3.jpg\" width=\"200\" height=\"150\" border=\"2\" \/><\/a>\u00a0 <a href=\"https:\/\/www.baraka.cc\/images\/stories\/denizbeles_2.jpg\" target=\"_blank\"><img decoding=\"async\" loading=\"lazy\" alt=\" \" src=\"https:\/\/www.baraka.cc\/images\/stories\/denizbeles_2.jpg\" width=\"200\" height=\"150\" border=\"2\" \/><\/a>\u00a0<a href=\"https:\/\/www.baraka.cc\/images\/stories\/denizbeles_1.jpg\" target=\"_blank\"><img decoding=\"async\" loading=\"lazy\" alt=\" \" src=\"https:\/\/www.baraka.cc\/images\/stories\/denizbeles_1.jpg\" width=\"200\" height=\"150\" border=\"2\" \/><\/a><\/strong><\/span><\/p>\n<p class=\"MsoNormal\" style=\"margin: 0cm 0cm 0pt; line-height: 150%; text-align: justify;\"><span style=\"font-size: 11pt; line-height: 150%; font-family: Verdana;\"><strong>\u00a0\u00a0\u00a0 <\/strong><\/span><\/p>\n<p><b>Baraka\u2019n\u0131n Eylem\u00a0\u00c7a\u011fr\u0131s\u0131:\u00a0<\/b><\/p>\n<p><b>Hade! Bele\u015fe Denize Girmeye!<\/b><\/p>\n<p>\u00dclkemiz bir ada olmasyna ra\u011fmen denize girmemiz neredeyse olanaks\u0131z hale getirildi. Halk\u0131n mal\u0131 olan plajlar ve denizler, \u00f6zellikle Girne b\u00f6lgesindeki t\u00fcm sahiller, otellere ve i\u015fletmelere parsellendi. \u00d6zel i\u015fletmelerin maksimum kar mant\u0131\u011f\u0131n\u0131n, H\u00fck\u00fcmet ve Belediyelerin de yasalara uymayarak\u00a0\u00a0denetim yapmamas\u0131n\u0131n sonucu olarak; denize girmek i\u00e7in adeta soyulur olduk! Bir ailenin, pazar g\u00fcn\u00fc en do\u011fal hakk\u0131 olarak deniz kenar\u0131nda e\u011flenmesinin bedeli 200TL civar\u0131nda.\u00a0\u00a0Girne b\u00f6lgesinde doru\u011fa ula\u015fan bu soygun, ses \u00e7\u0131karmad\u0131\u011f\u0131m\u0131z ve haklar\u0131m\u0131z\u0131 hat\u0131rlay\u0131p talep etmedi\u011fimiz takdirde di\u011fer b\u00f6lgelere de yay\u0131lacakt\u0131r.<\/p>\n<p>Anayasa\u2019n\u0131n 38\u2019inci maddesi \u201cyurtta\u015flar\u0131n y\u00fcz metrelik k\u0131y\u0131 \u015feridi i\u00e7erisine girmesi kimse taraf\u0131ndan engellenemez ve giri\u015f \u00fccrete ba\u011fl\u0131 tutulamaz\u201d demektedir. Plajlar\u0131n Kullan\u0131m ve Denetimi Yasas\u0131\u2019nda da; yurtta\u015flar\u0131n plajlara girmesinin kimse taraf\u0131ndan engellenemeyece\u011fi ve du\u015f, \u015fezlong gibi hizmetler i\u00e7in alynacak c\u00fczi miktarlar haricinde plajlara giri\u015fte yurtta\u015flardan herhangi bir ad ve ko\u015ful alt\u0131nda \u00fccret talep edilemeyece\u011fi a\u00e7\u0131k\u00e7a belirtilmektedir.<\/p>\n<p>Ad\u0131 ge\u00e7en Yasay\u0131 uygulamakla ve uymayanlar\u0131 cezaland\u0131rmakla y\u00fck\u00fcml\u00fc olan \u0130\u00e7i\u015fleri Bakanl\u0131\u011f\u0131\u2019n\u0131 ve Belediyeleri uyarmak ve halkn plajlara girememesini\u00a0protesto etmek amac\u0131yla bele\u015fe denize girme eylemi d\u00fczenliyoruz.<\/p>\n<p>\u00c7ocuklu\u011fumuzda ailelerimizle yapt\u0131\u011f\u0131m\u0131z gibi; \u015femsiyemizi, karpuzumuzu, \u00e7\u00f6p naylonlar\u0131m\u0131z\u0131, kova ve k\u00fcreklerimizi ve eylem ne\u015femizi al\u0131p denize gidiyoruz.<\/p>\n<p>En do\u011fal ve Anayasal hakk\u0131m\u0131z olan\u00a0bele\u015fe denize girme hakk\u0131m\u0131z\u0131 kullanmak \u00fczere 12 Temmuz Pazar g\u00fcn\u00fc saat 16.00\u2019da\u00a0\u00a0(4.00\u2019te) \u00c7atalk\u00f6y\u2019deki Acapulco Otel\u2019in giri\u015finde bulu\u015fuyoruz.<\/p>\n<p>&nbsp;<\/p>\n<p>Haklar\u0131na sahip \u00e7\u0131kmak ve bu soygun d\u00fczenine dur demek istiyorsan, kap\u0131 arkalar\u0131nda konu\u015fmak yerine sen de gel ve eylemimize kat\u0131l!<\/p>\n","protected":false},"excerpt":{"rendered":"<p>&nbsp; Baraka K\u00fclt\u00fcr Merkezi, Ye\u015fil Bar\u0131\u015f Hareketi ve K\u0131br\u0131s Sosyalist Partisi\u2019nin deste\u011fi ile d\u00fcn Girne\u2019de plajlara giri\u015f \u00fccreti al\u0131nmas\u0131n\u0131 protesto etti. \u201cDenizler halk\u0131nd\u0131r, halk\u0131n kalacak\u201d<\/p>\n","protected":false},"author":1,"featured_media":0,"comment_status":"open","ping_status":"open","sticky":false,"template":"","format":"standard","meta":{"jetpack_post_was_ever_published":false,"_jetpack_newsletter_access":"","_jetpack_newsletter_tier_id":0,"jetpack_publicize_message":"","jetpack_is_tweetstorm":false,"jetpack_publicize_feature_enabled":true,"jetpack_social_post_already_shared":false,"jetpack_social_options":{"image_generator_settings":{"template":"highway","enabled":false}}},"categories":[66],"tags":[],"jetpack_publicize_connections":[],"jetpack_featured_media_url":"","jetpack_shortlink":"https:\/\/wp.me\/p4eHWX-aJ","jetpack_sharing_enabled":true,"_links":{"self":[{"href":"https:\/\/baraka.cc\/index.php?rest_route=\/wp\/v2\/posts\/665"}],"collection":[{"href":"https:\/\/baraka.cc\/index.php?rest_route=\/wp\/v2\/posts"}],"about":[{"href":"https:\/\/baraka.cc\/index.php?rest_route=\/wp\/v2\/types\/post"}],"author":[{"embeddable":true,"href":"https:\/\/baraka.cc\/index.php?rest_route=\/wp\/v2\/users\/1"}],"replies":[{"embeddable":true,"href":"https:\/\/baraka.cc\/index.php?rest_route=%2Fwp%2Fv2%2Fcomments&post=665"}],"version-history":[{"count":3,"href":"https:\/\/baraka.cc\/index.php?rest_route=\/wp\/v2\/posts\/665\/revisions"}],"predecessor-version":[{"id":5384,"href":"https:\/\/baraka.cc\/index.php?rest_route=\/wp\/v2\/posts\/665\/revisions\/5384"}],"wp:attachment":[{"href":"https:\/\/baraka.cc\/index.php?rest_route=%2Fwp%2Fv2%2Fmedia&parent=665"}],"wp:term":[{"taxonomy":"category","embeddable":true,"href":"https:\/\/baraka.cc\/index.php?rest_route=%2Fwp%2Fv2%2Fcategories&post=665"},{"taxonomy":"post_tag","embeddable":true,"href":"https:\/\/baraka.cc\/index.php?rest_route=%2Fwp%2Fv2%2Ftags&post=665"}],"curies":[{"name":"wp","href":"https:\/\/api.w.org\/{rel}","templated":true}]}}