{"id":6676,"date":"2019-02-28T14:01:38","date_gmt":"2019-02-28T12:01:38","guid":{"rendered":"https:\/\/baraka.cc\/?p=6676"},"modified":"2019-02-28T14:01:38","modified_gmt":"2019-02-28T12:01:38","slug":"hanaylar-yaptirdim-dosedemedim-sifa-alcicioglu","status":"publish","type":"post","link":"https:\/\/baraka.cc\/?p=6676","title":{"rendered":"Hanaylar Yapt\u0131rd\u0131m D\u00f6\u015fedemedim- \u015eifa Al\u00e7\u0131c\u0131o\u011flu"},"content":{"rendered":"<p><em>Argasdi&#8217;nin K\u0131br\u0131sla ilgili k\u00fclt\u00fcr sayfas\u0131nda y\u0131llar \u00f6nceyle bug\u00fcn\u00fcn analizini yapabilece\u011finiz dereler ve sel konusu i\u015flenmekte. Ayr\u0131ca y\u00fcrekleri buran \u00f6yk\u00fcs\u00fcyle &#8220;Hanaylar Yapt\u0131rd\u0131m D\u00f6\u015fedemedim&#8221; a\u011f\u0131t\u0131n\u0131 bulabilece\u011finiz makalemiz aktivistimiz \u015eifa Al\u00e7\u0131c\u0131o\u011flu taraf\u0131ndan kaleme al\u0131nd\u0131. Argasdi&#8217;ye ula\u015fmak i\u00e7in gazete bayilerine, Baraka K\u00fclt\u00fcr Merkezi&#8217;ne ve Khora Kitabevleri&#8217;ne u\u011framay\u0131 unutmay\u0131n&#8230;<\/em><\/p>\n<p><i>Hanaylar yapt\u0131rd\u0131m d\u00f6\u015fedemedim,<\/i><\/p>\n<p><i>\u00e7ifte kumrular\u0131 e\u015f edemedim,<\/i><\/p>\n<p><i>zalim felek ile ba\u015f edemedim.<\/i><\/p>\n<p><i>Konma b\u00fclb\u00fcl konma \u00e7e\u015fme ba\u015f\u0131na,\u00a0<\/i><\/p>\n<p><i>bu gen\u00e7likte neler geldi ba\u015f\u0131ma.<\/i><\/p>\n<p><i>Hanaylar yapt\u0131rd\u0131m y\u00fcceden y\u00fcce,<\/i><\/p>\n<p><i>i\u00e7inde yatmad\u0131m \u00fc\u00e7 g\u00fcn \u00fc\u00e7 gece,<\/i><\/p>\n<p><i>kurbanlar kestirdim g\u00f6rd\u00fc\u011f\u00fcm gece.<\/i><\/p>\n<p><i>Konma b\u00fclb\u00fcl konma \u00e7e\u015fme ba\u015f\u0131na,\u00a0<\/i><\/p>\n<p><i>bu gen\u00e7likte neler geldi ba\u015f\u0131ma.<\/i><\/p>\n<p><a href=\"https:\/\/baraka.cc\/wp-content\/uploads\/2019\/02\/47486566_10217352085539387_7409447360222199808_n.jpg\"><img decoding=\"async\" loading=\"lazy\" class=\"size-medium wp-image-6677 alignright\" alt=\"47486566_10217352085539387_7409447360222199808_n\" src=\"https:\/\/baraka.cc\/wp-content\/uploads\/2019\/02\/47486566_10217352085539387_7409447360222199808_n-220x300.jpg\" width=\"220\" height=\"300\" srcset=\"https:\/\/baraka.cc\/wp-content\/uploads\/2019\/02\/47486566_10217352085539387_7409447360222199808_n-220x300.jpg 220w, https:\/\/baraka.cc\/wp-content\/uploads\/2019\/02\/47486566_10217352085539387_7409447360222199808_n.jpg 704w\" sizes=\"(max-width: 220px) 100vw, 220px\" \/><\/a><\/p>\n<p>Bu h\u00fcz\u00fcnl\u00fc dizeler, 1894 y\u0131l\u0131nda Leymosun\u2019da (Limasol) ya\u015fanan sel felaketinde hayatlar\u0131n\u0131 Garilli Deresi\u2019nin azg\u0131n sular\u0131na teslim eden bir \u00e7iftin an\u0131s\u0131na yak\u0131lan a\u011f\u0131t\u0131n s\u00f6zleridir. Serin bir kas\u0131m sabah\u0131nda, kerpi\u00e7 evleri \u00f6n\u00fcne katan dere; a\u015f\u0131r\u0131 ya\u011f\u0131\u015fla birlikte Trodoslardan eriyen kar sular\u0131yla y\u00fckselerek, T\u00fcrk Mahallesi\u2019nde alm\u0131\u015ft\u0131 solu\u011fu. Garilli Deresi ilk kez ta\u015fm\u0131yor, bu ac\u0131 tabloyu ilk kez ya\u015fatm\u0131yordu\u2026 1330 y\u0131l\u0131nda kente verdi\u011fi zarar b\u00fcy\u00fckt\u00fc. 16. ve 17. y\u00fczy\u0131llarda toplam 2000 ki\u015finin \u00f6l\u00fcm\u00fcnden de o sorumluydu. Garilli Deresi, 3 ile 8 ayak y\u00fcksekli\u011fiyle adeta k\u00f6p\u00fcr\u00fcyor ve kap\u0131lar\u0131 teker teker \u00e7alarak \u00f6n\u00fcne kat\u0131yordu a\u011fa\u00e7lar\u0131, hayvanlar\u0131, insanlar\u0131\u2026 Ve \u00fc\u00e7 g\u00fcnl\u00fck ya\u011f\u0131\u015f\u0131n ard\u0131ndan ortaya \u00e7\u0131kan ac\u0131 tabloda; y\u0131k\u0131lan evler, da\u011f\u0131lan yuvalar ve yitip giden 23 ki\u015finin cans\u0131z bedeni vard\u0131. \u00d6len at, kat\u0131r ve e\u015feklerin ise 130 kadar oldu\u011fu saptanm\u0131\u015ft\u0131. Dere kenar\u0131ndaki cami ve kilise de y\u0131k\u0131nt\u0131lar aras\u0131ndayd\u0131. Dere sular\u0131n\u0131n evlerden \u00fc\u00e7 g\u00fcn sonra \u00e7\u0131kmas\u0131, \u00e7amur bulanan evlerin temizli\u011fi kadar zor olmu\u015ftu.<\/p>\n<p>Evlenmek \u00fczere olan ve selden kurtulmak i\u00e7in oturacaklar\u0131 hanayl\u0131 eve s\u0131\u011f\u0131nan gen\u00e7 a\u015f\u0131klar da hen\u00fcz evlenemeden sel sular\u0131na kap\u0131l\u0131rlar o kara bulutlu g\u00fcnde. Halk, onlar\u0131n kavu\u015famamas\u0131na h\u00fcz\u00fcnlenir ve \u201cHanaylar yapt\u0131rd\u0131m d\u00f6\u015fedemedim\u201d a\u011f\u0131t\u0131yla gen\u00e7leri anar. (A\u011f\u0131t 1940\u2019l\u0131 y\u0131llarda Hasan Ta\u015f ve Refia Berkap taraf\u0131ndan derlenip T\u00fcrkiye\u2019ye g\u00f6nderildikten sonra K\u0131br\u0131s t\u00fcrk\u00fcleri repertuar\u0131na al\u0131n\u0131r.) Baz\u0131 kaynaklarda ise gen\u00e7 \u00e7iftin yeni evlendikleri ve kendilerine bir hanay yapt\u0131rd\u0131klar\u0131 ama hen\u00fcz ta\u015f\u0131nmad\u0131klar\u0131 yeni hanaya gittikleri zaman yeni hanay\u0131n y\u0131k\u0131ld\u0131\u011f\u0131, eski hanay\u0131n ayakta kald\u0131\u011f\u0131 s\u00f6ylenir. Bu b\u00fcy\u00fck felaketten sonra, derenin tekrar tekrar ta\u015fmas\u0131, 1930\u2019lu y\u0131llardan sonra dere yata\u011f\u0131n\u0131n yerinin \u015fehrin d\u0131\u015f\u0131ndan akacak \u015fekilde de\u011fi\u015ftirilmesiyle son buldu.<\/p>\n<p>On y\u0131llar \u00f6nce sorun g\u00f6r\u00fclen derenin yata\u011f\u0131n\u0131n de\u011fi\u015fmesiyle, baz\u0131 sorunlar \u00e7\u00f6z\u00fclebiliyorsa g\u00fcn\u00fcm\u00fczde neden yap\u0131lamas\u0131n? Denize akan sular\u0131n \u00f6n\u00fcn\u00fc kesmedik\u00e7e su ak\u0131p yolunu bulur. Onu yata\u011f\u0131ndan yerinden edenlere de cevab\u0131n\u0131 k\u00f6t\u00fc bir \u015fekilde verir. Ge\u00e7ti\u011fimiz on y\u0131l boyunca, a\u015f\u0131r\u0131 ya\u011f\u0131\u015flarla birlikte derelerin ta\u015fmas\u0131, evlere su ta\u015fk\u0131nlar\u0131 olmas\u0131, \u00e7irkef i\u00e7inde kalan g\u00fczel \u00fclkemin a\u015f\u0131lmaz bir sorunu olarak kendini g\u00f6stermeye ba\u015flad\u0131. Oysa ne g\u00fczeldir derelerin gelmesini beklemek, zarars\u0131z-ziyans\u0131z dualar\u0131yla bereketi dilemek\u2026<\/p>\n<p>2010\u2019da Omorfo ba\u015fta olmak \u00fczere t\u00fcm \u00fclkede ya\u015fanan sel felaketini ne \u00e7abuk unuttuk ki hi\u00e7bir \u00f6nlem almadan 2018\u2019in son g\u00fcnlerinde yine bir sel felaketi daha ya\u015famak zorunda kald\u0131k! Hem de d\u00f6rt gencecik can\u0131 da aram\u0131zdan ay\u0131ran, okullar\u0131n tavanlar\u0131n\u0131n \u00e7\u00f6kmesine, yollar\u0131n, evlerin y\u0131k\u0131lmas\u0131na, arabalar\u0131n ezilmesine neden olan bir felaket\u2026 Oysa ne g\u00fczeldir akan bir dereyi izlemek, \u015f\u0131r\u0131l \u015f\u0131r\u0131l akan suya bakt\u0131k\u00e7a bakmak, kurba\u011falar\u0131n \u015fark\u0131lar\u0131na kulak kabartmak\u2026<\/p>\n<p>***<\/p>\n<p>Kesilen a\u011fac\u0131n yerine beton diken zihniyet, do\u011fal afet k\u0131l\u0131f\u0131 alt\u0131nda, \u00fcst\u00fcn\u00fc kapatmaya \u00e7al\u0131\u015ft\u0131\u011f\u0131 her t\u00fcrl\u00fc pislikle birlikte ta\u015fk\u0131nlarla su y\u00fcz\u00fcne \u00e7\u0131kar. Asl\u0131nda su\u00e7lular\u0131 \u00e7ok iyi biliyoruz; altyap\u0131s\u0131z yap\u0131la\u015fman\u0131n \u00f6n\u00fcne ge\u00e7meyen y\u00f6netenler, rant sistemiyle arsalar a\u00e7\u0131lmas\u0131na sebep olan siyaset\u00e7iler, dere yataklar\u0131na yap\u0131lan evlere m\u00fcsade edenler, dere yataklar\u0131n\u0131 \u00e7\u00f6pl\u00fc\u011fe d\u00f6nd\u00fcrenler, \u00e7arp\u0131k yap\u0131la\u015fmada sorunlar\u0131, yumak haline getirip \u00e7\u00f6z\u00fcms\u00fczl\u00fc\u011fe ula\u015ft\u0131ran \u00fc\u00e7 maymunu oynayan gelmi\u015f ge\u00e7mi\u015f t\u00fcm belediyeler, h\u00fck\u00fcmetler&#8230;<\/p>\n<p>Asl\u0131nda y\u0131llard\u0131r de\u011fi\u015fen bir \u015fey yok\u2026 T\u0131pk\u0131 2009 y\u0131l\u0131nda Fikret Ba\u015fkaya\u2019n\u0131n da dedi\u011fi gibi: \u201cGeride kalan haftalarda sel onlarca insan\u0131 al\u0131p-g\u00f6t\u00fcrd\u00fc, evler k\u00f6pr\u00fcler y\u0131k\u0131ld\u0131, i\u015fyerleri tahrip oldu, ekili alanlar ve mahsuller zarar g\u00f6rd\u00fc, suya zehirli kimyasallar kar\u0131\u015ft\u0131&#8230; Do\u011fal \u00e2fet dendi, ihmal dendi, dere yata\u011f\u0131na ev mi yap\u0131l\u0131r, bu &#8216;derenin intikam\u0131d\u0131r&#8217; dendi, sorumlular hesap versin dendi, &#8216;muhalif&#8217; oldu\u011fu san\u0131lan siyaset\u00e7iler h\u00fck\u00fcmeti su\u00e7lad\u0131&#8230; Elbette her zaman oldu\u011fu gibi &#8216;konunun uzmanlar\u0131&#8217; da konu\u015ftular-yazd\u0131lar ama konu\u015fmalarda-yaz\u0131larda kapitalizm kelimesi ge\u00e7medi&#8230; Kimse &#8216;bu sosyal bir felakettir, gerisinde kapitalist s\u00f6m\u00fcr\u00fc, ya\u011fma ve talan var&#8217; demedi&#8230; E\u011fer \u00f6yle diyecek olsalar &#8216;konunun uzman\u0131&#8217; say\u0131l\u0131p, &#8216;de\u011ferli g\u00f6r\u00fc\u015flerini&#8217; sizinle payla\u015fmalar\u0131 m\u00fcmk\u00fcn olur muydu?\u201d<\/p>\n<p>&nbsp;<\/p>\n<p>&nbsp;<\/p>\n<p>Kaynaklar:<\/p>\n<p>Limasol Kenti Tarihi Mezarl\u0131klar\u0131, Yenid\u00fczen Gazetesi<\/p>\n<p>Limasol\u2019da Ya\u015fanan B\u00fcy\u00fck Sel Felaketi, Yenid\u00fczen Gazetesi<\/p>\n<p>https:\/\/bit.ly\/2LhsJOd\u00a0 (Kapitalizmi \u2018krizden\u2019 kurtarmak de\u011fil, kapitalizmden kurtulmak, Fikret Ba\u015fkaya.)<\/p>\n<div class=\"jetpack-video-wrapper\"><span class=\"embed-youtube\" style=\"text-align:center; display: block;\"><iframe loading=\"lazy\" class=\"youtube-player\" width=\"640\" height=\"360\" src=\"https:\/\/www.youtube.com\/embed\/WPgyIchz53g?version=3&#038;rel=1&#038;showsearch=0&#038;showinfo=1&#038;iv_load_policy=1&#038;fs=1&#038;hl=en-US&#038;autohide=2&#038;wmode=transparent\" allowfullscreen=\"true\" style=\"border:0;\" sandbox=\"allow-scripts allow-same-origin allow-popups allow-presentation\"><\/iframe><\/span><\/div>\n<p>&nbsp;<\/p>\n","protected":false},"excerpt":{"rendered":"<p>Argasdi&#8217;nin K\u0131br\u0131sla ilgili k\u00fclt\u00fcr sayfas\u0131nda y\u0131llar \u00f6nceyle bug\u00fcn\u00fcn analizini yapabilece\u011finiz dereler ve sel konusu i\u015flenmekte. Ayr\u0131ca y\u00fcrekleri buran \u00f6yk\u00fcs\u00fcyle &#8220;Hanaylar Yapt\u0131rd\u0131m D\u00f6\u015fedemedim&#8221; a\u011f\u0131t\u0131n\u0131 bulabilece\u011finiz makalemiz<\/p>\n","protected":false},"author":7,"featured_media":6677,"comment_status":"open","ping_status":"open","sticky":false,"template":"","format":"standard","meta":{"jetpack_post_was_ever_published":false,"_jetpack_newsletter_access":"","_jetpack_newsletter_tier_id":0,"jetpack_publicize_message":"","jetpack_is_tweetstorm":false,"jetpack_publicize_feature_enabled":true,"jetpack_social_post_already_shared":true,"jetpack_social_options":{"image_generator_settings":{"template":"highway","enabled":false}}},"categories":[40,67,44,9,1,39],"tags":[],"jetpack_publicize_connections":[],"jetpack_featured_media_url":"https:\/\/baraka.cc\/wp-content\/uploads\/2019\/02\/47486566_10217352085539387_7409447360222199808_n.jpg","jetpack_shortlink":"https:\/\/wp.me\/p4eHWX-1JG","jetpack_sharing_enabled":true,"_links":{"self":[{"href":"https:\/\/baraka.cc\/index.php?rest_route=\/wp\/v2\/posts\/6676"}],"collection":[{"href":"https:\/\/baraka.cc\/index.php?rest_route=\/wp\/v2\/posts"}],"about":[{"href":"https:\/\/baraka.cc\/index.php?rest_route=\/wp\/v2\/types\/post"}],"author":[{"embeddable":true,"href":"https:\/\/baraka.cc\/index.php?rest_route=\/wp\/v2\/users\/7"}],"replies":[{"embeddable":true,"href":"https:\/\/baraka.cc\/index.php?rest_route=%2Fwp%2Fv2%2Fcomments&post=6676"}],"version-history":[{"count":1,"href":"https:\/\/baraka.cc\/index.php?rest_route=\/wp\/v2\/posts\/6676\/revisions"}],"predecessor-version":[{"id":6678,"href":"https:\/\/baraka.cc\/index.php?rest_route=\/wp\/v2\/posts\/6676\/revisions\/6678"}],"wp:featuredmedia":[{"embeddable":true,"href":"https:\/\/baraka.cc\/index.php?rest_route=\/wp\/v2\/media\/6677"}],"wp:attachment":[{"href":"https:\/\/baraka.cc\/index.php?rest_route=%2Fwp%2Fv2%2Fmedia&parent=6676"}],"wp:term":[{"taxonomy":"category","embeddable":true,"href":"https:\/\/baraka.cc\/index.php?rest_route=%2Fwp%2Fv2%2Fcategories&post=6676"},{"taxonomy":"post_tag","embeddable":true,"href":"https:\/\/baraka.cc\/index.php?rest_route=%2Fwp%2Fv2%2Ftags&post=6676"}],"curies":[{"name":"wp","href":"https:\/\/api.w.org\/{rel}","templated":true}]}}