{"id":669,"date":"2009-07-24T12:33:08","date_gmt":"2009-07-24T09:33:08","guid":{"rendered":"https:\/\/baraka.cc\/?p=669"},"modified":"2014-01-02T12:36:26","modified_gmt":"2014-01-02T09:36:26","slug":"kuran-kurslaryna-protesto","status":"publish","type":"post","link":"https:\/\/baraka.cc\/?p=669","title":{"rendered":"Kur&#8217;an Kurslaryna Protesto"},"content":{"rendered":"<p><strong><span style=\"font-size: 11pt; line-height: 150%; font-family: Verdana;\">Kur&#8217;an Kurslaryna Protesto<\/span><\/strong><\/p>\n<p><strong><span style=\"font-size: 11pt; line-height: 150%; font-family: Verdana;\"><a href=\"https:\/\/www.baraka.cc\/images\/stories\/kurankurslari0.jpg\" target=\"_blank\"><img decoding=\"async\" loading=\"lazy\" alt=\" \" src=\"https:\/\/www.baraka.cc\/images\/stories\/kurankurslari0.jpg\" width=\"200\" height=\"150\" border=\"2\" \/><\/a>\u00a0\u00a0\u00a0 <\/span><\/strong><\/p>\n<p><span style=\"font-size: 11pt; line-height: 150%; font-family: Verdana;\">Aralarynda Baraka K\u00fclt\u00fcr Merkezi\u2019nin de bulundu?u bazy siyasi partiler, demokratik kitle \u00f6rg\u00fctleri ve sendika temsilcileri, 24 Temmuz 2009 g\u00fcn\u00fc Milli E?itim, Gen\u00e7lik ve Spor Bakanly?y \u00f6n\u00fcnde \u201ckuran kurslaryna\u201d kar?y eylem yapty ve d\u00fczenlenmesiplanlanan kur\u2019an kurslaryny protesto etti. <\/span><\/p>\n<p class=\"MsoNormal\" style=\"margin: 0cm 0cm 0pt; line-height: 150%; text-align: justify;\"><span style=\"font-size: 11pt; line-height: 150%; font-family: Verdana;\">Eylemde, bir ki?i, sembolik olarak imam kyly?yna girerek, seccade \u00fczerinde, ba?ynda takkesi ve elinde tespihiyle oturdu.<\/span><\/p>\n<p><span style=\"font-size: 11pt; line-height: 150%; font-family: Verdana;\">\u00a0\u00a0\u00a0 \u00a0<\/span><\/p>\n<p class=\"MsoNormal\" style=\"margin: 0cm 0cm 0pt; line-height: 150%; text-align: justify;\"><span style=\"font-size: 11pt; line-height: 150%; font-family: Verdana;\">Eylemciler \u201cBilimsel e?itim demokratik y\u00f6netim\u201d sloganlary attylar ve Milli E?itim, Gen\u00e7lik ve Spor Bakany Kemal D\u00fcr\u00fcst\u2019e verilmek \u00fczere, bakanlyk yetkililerine, tespih, takke ve seccade hediye ettiler. Eylemciler a\u00e7yklamalarda da bulundular.<\/span><\/p>\n<p class=\"MsoNormal\" style=\"margin: 0cm 0cm 0pt; line-height: 150%; text-align: justify;\"><span style=\"font-size: 11pt; line-height: 150%; font-family: Verdana;\">\u00a0\u00a0 <\/span><\/p>\n<p><span style=\"font-size: 11pt; line-height: 150%; font-family: Verdana;\">Eyleme temsilcileri katylan parti ve \u00f6rg\u00fctler ?\u00f6yle:\u201cKT\u00d6S, KTOE\u00d6S, G\u00dc\u00c7-SEN, VERGY-SEN, Kybrys Pir Sultan Abdal Derne?i, \u00c7A?-SEN, KTAMS, Kadyn Ara?tyrmalary Merkezi, BARAKA,<span>\u00a0 <\/span>BASIN-SEN, EL-SEN, TEL-SEN, T\u00dcRK-SEN, DA\u00dc-BYR-SEN, MEC-SEN, BASS, BES, BKP, YKP, TDP, TDP GEN\u00c7LYK\u201d.<\/span><span style=\"font-size: 11pt; line-height: 150%; font-family: Verdana;\">\u00a0<\/span><\/p>\n<p><span style=\"font-size: 11pt; line-height: 150%; font-family: Verdana;\">\u00a0\u00a0 <\/span><\/p>\n<p class=\"MsoNormal\" style=\"margin: 0cm 0cm 0pt; line-height: 150%; text-align: justify;\"><strong><span style=\"font-size: 11pt; line-height: 150%; font-family: Verdana;\">Varo?lu<\/span><\/strong><\/p>\n<p><strong><span style=\"font-size: 11pt; line-height: 150%; font-family: Verdana;\">\u00a0\u00a0 <\/span><\/strong><\/p>\n<p class=\"MsoNormal\" style=\"margin: 0cm 0cm 0pt; line-height: 150%; text-align: justify;\"><span style=\"font-size: 11pt; line-height: 150%; font-family: Verdana;\">Bakanlyk \u00f6n\u00fcnde d\u00fczenlenen eyleme katylan siyasi partiler ve sivil toplum \u00f6rg\u00fctleri adyna konu?an KT\u00d6S Ba?kany G\u00fcven Varo?lu, \u201ceylemin, Din Y?leri Ba?kanly?y ile Milli E?itim Bakanly?y arasynda imzalanan protokolle hayata ge\u00e7irilen kuran kurslaryny protesto amacy ta?ydy?yny\u201d s\u00f6yledi.<\/span><\/p>\n<p><span style=\"font-size: 11pt; line-height: 150%; font-family: Verdana;\">\u00a0\u00a0 \u00a0<\/span><\/p>\n<p class=\"MsoNormal\" style=\"margin: 0cm 0cm 0pt; line-height: 150%; text-align: justify;\"><span style=\"font-size: 11pt; line-height: 150%; font-family: Verdana;\">Varo?lu, E?itim Bakanly?y\u2019ny \u201ckendi g\u00f6revini tarikatlara devretmekle\u201d su\u00e7layarak, bunu ?iddetle kynadyklaryny belirtti.<\/span><\/p>\n<p><span style=\"font-size: 11pt; line-height: 150%; font-family: Verdana;\">\u00a0\u00a0 \u00a0<\/span><\/p>\n<p class=\"MsoNormal\" style=\"margin: 0cm 0cm 0pt; line-height: 150%; text-align: justify;\"><span style=\"font-size: 11pt; line-height: 150%; font-family: Verdana;\">Kuran kurslarynyn AKP\u2019nin dayatmasy oldu?unu belirten Varo?lu, bu kurslaryn laiklik ve \u00e7a?da?lykla \u00f6zde?le?en Kybrysly T\u00fcrklerin inan\u00e7, de?er yargysy ve k\u00fclt\u00fcr\u00fcne uymayan bir olay oldu?unu kaydetti.<\/span><\/p>\n<p><span style=\"font-size: 11pt; line-height: 150%; font-family: Verdana;\">\u00a0\u00a0 \u00a0<\/span><\/p>\n<p class=\"MsoNormal\" style=\"margin: 0cm 0cm 0pt; line-height: 150%; text-align: justify;\"><span style=\"font-size: 11pt; line-height: 150%; font-family: Verdana;\">Okullaryn birer e?itim yuvasy oldu?unu ve dinin okullardan uzak tutulmasy gerekti?ini s\u00f6yleyen Varo?lu, insanlaryn inan\u00e7laryna saygy duyulmasyny ve m\u00fcdahale edilmemesini istedi.<\/span><\/p>\n<p><span style=\"font-size: 11pt; line-height: 150%; font-family: Verdana;\">\u00a0\u00a0 \u00a0<\/span><\/p>\n<p class=\"MsoNormal\" style=\"margin: 0cm 0cm 0pt; line-height: 150%; text-align: justify;\"><span style=\"font-size: 11pt; line-height: 150%; font-family: Verdana;\">\u00c7a?dy?y ve gerici d\u00fc?\u00fcncelerin \u00e7ocuklaryn beyinlerini yykamasyny istemediklerini ve bu t\u00fcr kurslary kabul etmediklerini ifade eden Varo?lu, bu m\u00fccadeleyi sadece \u00f6?retmen sendikalarynyn yapamayaca?yny dile getirdi, bu y\u00fczden kendilerine destek veren t\u00fcm siyasi parti ve sivil toplum \u00f6rg\u00fctlerine te?ekk\u00fcr etti.<\/span><\/p>\n<p><span style=\"font-size: 11pt; line-height: 150%; font-family: Verdana;\">\u00a0\u00a0 \u00a0<\/span><\/p>\n<p class=\"MsoNormal\" style=\"margin: 0cm 0cm 0pt; line-height: 150%; text-align: justify;\"><span style=\"font-size: 11pt; line-height: 150%; font-family: Verdana;\">G\u00fcven Varo?lu, konu?masynyn sonunda Milli E?itim, Gen\u00e7lik ve Spor Bakany Kemal D\u00fcr\u00fcst\u2019\u00fc \u201cyanly?tan\u201d geri d\u00f6nmeye davet etti.<\/span><\/p>\n<p><span style=\"font-size: 11pt; line-height: 150%; font-family: Verdana;\">\u00a0\u00a0 \u00a0<\/span><\/p>\n<p class=\"MsoNormal\" style=\"margin: 0cm 0cm 0pt; line-height: 150%; text-align: justify;\"><span style=\"font-size: 11pt; line-height: 150%; font-family: Verdana;\">Varo?lu, konu?masynyn ardyndan, s\u00f6z\u00fc, KTOE\u00d6S Genel Sekreteri Emin \u00d6zkalp\u2019yn imzasyyla da?ytylan basyn a\u00e7yklamasyny okumasy i\u00e7in KTOE\u00d6S adyna Hasan Sarpten\u2019e verdi.<\/span><\/p>\n<p><span style=\"font-size: 11pt; line-height: 150%; font-family: Verdana;\">\u00a0\u00a0 \u00a0<\/span><span style=\"font-size: 11pt; line-height: 150%; font-family: Verdana;\">\u00a0<\/span><\/p>\n<p class=\"MsoNormal\" style=\"margin: 0cm 0cm 0pt; line-height: 150%; text-align: justify;\"><strong><span style=\"font-size: 11pt; line-height: 150%; font-family: Verdana;\">A\u00e7yklama<\/span><\/strong><\/p>\n<p><span style=\"font-size: 11pt; line-height: 150%; font-family: Verdana;\">Hasan Sarpten, Atat\u00fcrk\u2019\u00fcn devrimlerini benimseyip uygulayarak laik bir k\u00fclt\u00fcr olu?turan Kybrysly T\u00fcrklerin, kuran kurslary vasytasyyla AKP\u2019nin bir dayatmasy ile kar?y kar?yya oldu?unu ileri s\u00fcrd\u00fc. <\/span><\/p>\n<p class=\"MsoNormal\" style=\"margin: 0cm 0cm 0pt; line-height: 150%; text-align: justify;\"><span style=\"font-size: 11pt; line-height: 150%; font-family: Verdana;\">Bu durumun ge\u00e7en h\u00fck\u00fcmet d\u00f6neminde de ya?andy?yny ve \u00e7ocuklaryn \u201ctatil bahanesiyle\u201d T\u00fcrkiye\u2019deki kuran kurslaryna g\u00f6t\u00fcr\u00fcld\u00fc?\u00fcn\u00fc hatyrlatan Sarpten, ?imdi de KKTC\u2019de bu kurslaryn a\u00e7yldy?yny ifade ederek, bu konuda h\u00fck\u00fcmete ele?tirilerde bulundu.<\/span><\/p>\n<p class=\"MsoNormal\" style=\"margin: 0cm 0cm 0pt; line-height: 150%; text-align: justify;\"><span style=\"font-size: 11pt; line-height: 150%; font-family: Verdana;\">\u00a0\u00a0 <\/span><\/p>\n<p><span style=\"font-size: 11pt; line-height: 150%; font-family: Verdana;\">Sarpten, bu kurslaryn derhal durdurulmasy gerekti?ini; dini yatyrymlara 14 milyon TL, e?itime 4 milyon TL yatyrym yapyldy?yny, \u00fclkede 161 okula kar?y 182 caminin bulundu?unu kaydetti. <\/span><\/p>\n<p class=\"MsoNormal\" style=\"margin: 0cm 0cm 0pt; line-height: 150%; text-align: justify;\"><span style=\"font-size: 11pt; line-height: 150%; font-family: Verdana;\">Bakan D\u00fcr\u00fcst\u2019\u00fc de ele?tiren ve \u00fclkeye yeni cami yapylmasy ile kuran kurslaryyla ilgili verilen karardan hemen d\u00f6n\u00fclmesini isteyen Sarpten, \u201cicraatlary ile Kybrysly T\u00fcrkleri temsil etmeyenlerin de bulunduklary koltuklary daha fazla i?gal etmemeleri gerekti?ini\u201d belirtti.<\/span><\/p>\n<p><span style=\"font-size: 11pt; line-height: 150%; font-family: Verdana;\">\u00a0\u00a0\u00a0 \u00a0<\/span><\/p>\n<p class=\"MsoNormal\" style=\"margin: 0cm 0cm 0pt; line-height: 150%; text-align: justify;\"><span style=\"font-size: 11pt; line-height: 150%; font-family: Verdana;\">Sarpten, Anayasa ve laiklik ilkesi gere?i vatanda?laryn inan\u00e7laryny dikkate almayanlaryn, M\u00fcsl\u00fcman olan-olmayan, inanan-inanmayan, kuran kursuna giden-gitmeyen, namaz kylan-kylmayan diye kutupla?ma ve T\u00fcrkiyeli-Kybrysly \u00e7aty?masy yaratarak toplumda kampla?malara sebep olacaklaryny vurgulady.<\/span><\/p>\n<p><span style=\"font-size: 11pt; line-height: 150%; font-family: Verdana;\">\u00a0\u00a0\u00a0 \u00a0<\/span><\/p>\n<p class=\"MsoNormal\" style=\"margin: 0cm 0cm 0pt; line-height: 150%; text-align: justify;\"><span style=\"font-size: 11pt; line-height: 150%; font-family: Verdana;\">Bu y\u00fczden \u00fclkeyi y\u00f6netenleri baskylara boyun e?meden, uygulamalaryndan vazge\u00e7meye \u00e7a?yrdyklaryny belirten Sarpten, dayatmalara her zaman kar?y duracaklaryny s\u00f6yledi.<\/span><\/p>\n<p><span style=\"font-size: 11pt; line-height: 150%; font-family: Verdana;\">\u00a0 \u00a0<\/span><span style=\"font-size: 11pt; line-height: 150%; font-family: Verdana;\">\u00a0<\/span><\/p>\n<p class=\"MsoNormal\" style=\"margin: 0cm 0cm 0pt; line-height: 150%; text-align: justify;\"><strong><span style=\"font-size: 11pt; line-height: 150%; font-family: Verdana;\">Talim Terbiye Dairesi M\u00fcd\u00fcr\u00fc Kortmaz<\/span><\/strong><\/p>\n<p><strong><span style=\"font-size: 11pt; line-height: 150%; font-family: Verdana;\">\u00a0 <\/span><\/strong><\/p>\n<p class=\"MsoNormal\" style=\"margin: 0cm 0cm 0pt; line-height: 150%; text-align: justify;\"><span style=\"font-size: 11pt; line-height: 150%; font-family: Verdana;\">Eylem syrasynda yapylan a\u00e7yklamalary dinleyen Talim Terbiye Dairesi M\u00fcd\u00fcr\u00fc Mehmet Kortmaz, din kurslarynyn bakanlyk tarafyndan de?il, Din Y?leri Ba?kanly?y tarafyndan, T\u00fcrk\u00e7e olarak verilece?ini ifade ederek, bakanly?yn sadece kurslaryn nerede, kim tarafyndan nasyl verilece?i konularynda denetleyici olaca?yny vurgulady.<\/span><\/p>\n<p><span style=\"font-size: 11pt; line-height: 150%; font-family: Verdana;\">\u00a0\u00a0 \u00a0<\/span><\/p>\n<p class=\"MsoNormal\" style=\"margin: 0cm 0cm 0pt; line-height: 150%; text-align: justify;\"><span style=\"font-size: 11pt; line-height: 150%; font-family: Verdana;\">Bakanly?ynyn kanunsuz bir ?ekilde kurs d\u00fczenlenmesine kar?y oldu?unu, denetim altynda kurs d\u00fczenlenmesi halinde denetimsiz bir ?ekilde kurslar yapylabilece?ini belirten Kortmaz, bu ?ekilde en azyndan kurslaryn gizli kapakly de?il, kamuoyu \u00f6n\u00fcnde a\u00e7yk bir ?ekilde herkesin bilgisi ve denetimi altynda yer alaca?yny s\u00f6yledi.<\/span><\/p>\n<p><span style=\"font-size: 11pt; line-height: 150%; font-family: Verdana;\">\u00a0\u00a0 \u00a0<\/span><\/p>\n<p class=\"MsoNormal\" style=\"margin: 0cm 0cm 0pt; line-height: 150%; text-align: justify;\"><span style=\"font-size: 11pt; line-height: 150%; font-family: Verdana;\">Kurslarda kullanylacak olan kylyk kyyafet konusunda Din Y?lerinin uyaryldy?yny da s\u00f6yleyen Kortmaz, bakanly?yn izni olmadan hi\u00e7bir kursun d\u00fczenlenemeyece?ini, d\u00fczenlenmesi halinde bu kurslaryn kanunsuz olaca?yny kaydetti. Bu y\u00fczden bakanlyk olarak kurslaryn kanunsuz bir ?ekilde verilmesini \u00f6nlemek i\u00e7in, m\u00fcfetti?ler denetiminde okullarda yapylmasyna karar ve izin verdiklerini anymsatan Kortmaz, \u00fclkede her t\u00fcrl\u00fc kursun verildi?ini ancak \u201ckuran kursu\u201d deyince herkesin ele?tirdi?ini s\u00f6yledi.<\/span><\/p>\n<p><span style=\"font-size: 11pt; line-height: 150%; font-family: Verdana;\">Bu konu?ma \u00fczerine eylemciler ile Kortmaz arasynda kysa s\u00fcreli s\u00f6zl\u00fc tarty?malar ya?andy. <\/span><span style=\"font-size: 11pt; line-height: 150%; font-family: Verdana;\">(Kaynak: yenid\u00fczen.com)<\/span><\/p>\n<p>&nbsp;<\/p>\n","protected":false},"excerpt":{"rendered":"<p>Kur&#8217;an Kurslaryna Protesto \u00a0\u00a0\u00a0 Aralarynda Baraka K\u00fclt\u00fcr Merkezi\u2019nin de bulundu?u bazy siyasi partiler, demokratik kitle \u00f6rg\u00fctleri ve sendika temsilcileri, 24 Temmuz 2009 g\u00fcn\u00fc Milli E?itim,<\/p>\n","protected":false},"author":1,"featured_media":0,"comment_status":"open","ping_status":"open","sticky":false,"template":"","format":"standard","meta":{"jetpack_post_was_ever_published":false,"_jetpack_newsletter_access":"","_jetpack_newsletter_tier_id":0,"jetpack_publicize_message":"","jetpack_is_tweetstorm":false,"jetpack_publicize_feature_enabled":true,"jetpack_social_post_already_shared":false,"jetpack_social_options":{"image_generator_settings":{"template":"highway","enabled":false}}},"categories":[66],"tags":[],"jetpack_publicize_connections":[],"jetpack_featured_media_url":"","jetpack_shortlink":"https:\/\/wp.me\/p4eHWX-aN","jetpack_sharing_enabled":true,"_links":{"self":[{"href":"https:\/\/baraka.cc\/index.php?rest_route=\/wp\/v2\/posts\/669"}],"collection":[{"href":"https:\/\/baraka.cc\/index.php?rest_route=\/wp\/v2\/posts"}],"about":[{"href":"https:\/\/baraka.cc\/index.php?rest_route=\/wp\/v2\/types\/post"}],"author":[{"embeddable":true,"href":"https:\/\/baraka.cc\/index.php?rest_route=\/wp\/v2\/users\/1"}],"replies":[{"embeddable":true,"href":"https:\/\/baraka.cc\/index.php?rest_route=%2Fwp%2Fv2%2Fcomments&post=669"}],"version-history":[{"count":1,"href":"https:\/\/baraka.cc\/index.php?rest_route=\/wp\/v2\/posts\/669\/revisions"}],"predecessor-version":[{"id":671,"href":"https:\/\/baraka.cc\/index.php?rest_route=\/wp\/v2\/posts\/669\/revisions\/671"}],"wp:attachment":[{"href":"https:\/\/baraka.cc\/index.php?rest_route=%2Fwp%2Fv2%2Fmedia&parent=669"}],"wp:term":[{"taxonomy":"category","embeddable":true,"href":"https:\/\/baraka.cc\/index.php?rest_route=%2Fwp%2Fv2%2Fcategories&post=669"},{"taxonomy":"post_tag","embeddable":true,"href":"https:\/\/baraka.cc\/index.php?rest_route=%2Fwp%2Fv2%2Ftags&post=669"}],"curies":[{"name":"wp","href":"https:\/\/api.w.org\/{rel}","templated":true}]}}