{"id":6692,"date":"2019-03-09T09:45:28","date_gmt":"2019-03-09T07:45:28","guid":{"rendered":"https:\/\/baraka.cc\/?p=6692"},"modified":"2019-03-09T09:45:28","modified_gmt":"2019-03-09T07:45:28","slug":"yasasin-8-mart-kadin-dayanismasi","status":"publish","type":"post","link":"https:\/\/baraka.cc\/?p=6692","title":{"rendered":"Ya\u015fas\u0131n 8 Mart Kad\u0131n Dayan\u0131\u015fmas\u0131"},"content":{"rendered":"<p><a href=\"https:\/\/baraka.cc\/wp-content\/uploads\/2019\/03\/8-mart-1.jpg\"><img decoding=\"async\" loading=\"lazy\" class=\"size-medium wp-image-6693 alignleft\" alt=\"8 mart 1\" src=\"https:\/\/baraka.cc\/wp-content\/uploads\/2019\/03\/8-mart-1-300x168.jpg\" width=\"300\" height=\"168\" srcset=\"https:\/\/baraka.cc\/wp-content\/uploads\/2019\/03\/8-mart-1-300x168.jpg 300w, https:\/\/baraka.cc\/wp-content\/uploads\/2019\/03\/8-mart-1-1024x576.jpg 1024w, https:\/\/baraka.cc\/wp-content\/uploads\/2019\/03\/8-mart-1.jpg 1328w\" sizes=\"(max-width: 300px) 100vw, 300px\" \/><\/a>8 Mart D\u00fcnya Emek\u00e7i Kad\u0131nlar G\u00fcn\u00fc vesilesiyle\u00a0 Kad\u0131n E\u011fitimi Kolektifi, Akdo\u011fan Fikir Sanat At\u00f6lyesi, BES, G\u00dc\u00c7-SEN, HAK-SEN, KT\u00d6S, Baraka K\u00fclt\u00fcr Merkezi ve Ba\u011f\u0131ms\u0131zl\u0131k Yolu\u2019nun ortak organizasyonuyla Lefko\u015fa\u2019da y\u00fcr\u00fcy\u00fc\u015f d\u00fczenlendi.<\/p>\n<p>Citroen \u0131\u015f\u0131klar\u0131 diye bilinen noktadan y\u00fcr\u00fcy\u00fc\u015f\u00fcne ba\u015flayan co\u015fkulu kalabal\u0131k yol boyunca kad\u0131n m\u00fccadelesi temal\u0131 sloganlar atarak Lefko\u015fa sokaklar\u0131nda bu g\u00fcne kadar eme\u011fi ve bedeni s\u00f6m\u00fcr\u00fclen, cinsiyeti nedeniyle katledilen tacize tecav\u00fcze u\u011frayan ve g\u00f6r\u00fcnmeyen eme\u011fi alt\u0131nda her g\u00fcn ezilen kad\u0131nlar i\u00e7in ses oldu.<\/p>\n<div>\n<p>Y\u00fcr\u00fcy\u00fc\u015fte \u201cYa\u015fas\u0131n 8 Mart Ya\u015fas\u0131n Kad\u0131n Dayan\u0131\u015fmas\u0131\u201d, \u201cDevletin G\u00f6revi S\u0131\u011f\u0131nma Evi\u201d, \u201cCami De\u011fil S\u0131\u011f\u0131nma Evi\u201d, \u201cPezevenk Devlet \u0130stemiyoruz\u201d, \u201cGece Kl\u00fcpleri Kapat\u0131ls\u0131n\u201d, \u201cG\u00f6r\u00fcnmeyen Emek Sesini Y\u00fckselt\u201d, \u201cSendikas\u0131z \u00c7al\u0131\u015fmak Yasaklans\u0131n\u201d, \u201cSon Son Son S\u00f6m\u00fcr\u00fcye Son Cinsel S\u0131n\u0131fsal S\u00f6m\u00fcr\u00fcye Son\u201d \u201cKad\u0131n Ya\u015fam \u00d6zg\u00fcrl\u00fck\u201d, \u201cZ\u0131pla Z\u0131pla Z\u0131plamayan Cinsiyet\u00e7i\u201d gibi sloganlar at\u0131ld\u0131.<\/p>\n<p><a href=\"https:\/\/baraka.cc\/wp-content\/uploads\/2019\/03\/8-mart-2.jpg\"><img decoding=\"async\" loading=\"lazy\" class=\"wp-image-6694 alignright\" alt=\"8 mart 2\" src=\"https:\/\/baraka.cc\/wp-content\/uploads\/2019\/03\/8-mart-2-300x225.jpg\" width=\"300\" height=\"225\" srcset=\"https:\/\/baraka.cc\/wp-content\/uploads\/2019\/03\/8-mart-2-300x225.jpg 300w, https:\/\/baraka.cc\/wp-content\/uploads\/2019\/03\/8-mart-2.jpg 780w\" sizes=\"(max-width: 300px) 100vw, 300px\" \/><\/a>\u00d6te yandan, Lefko\u015fa\u2019n\u0131n simgesi haline gelmi\u015f ve 25 Kas\u0131m, 8 Mart, Reddediyoruz gibi g\u00fcnlerde eylemcileri bar\u0131 \u00f6n\u00fcnde g\u00fcler y\u00fcz\u00fc ile kar\u015f\u0131lay\u0131p mutlaka su, meyve suyu veya kola da\u011f\u0131tan ve ge\u00e7ti\u011fimiz aylarda kaybetti\u011fimiz Cad\u0131 Bar direkt\u00f6r\u00fc Naime Timur i\u00e7in ise \u201cLefko\u015fa\u2019n\u0131n Cad\u0131s\u0131 Kalbimizde Ya\u015f\u0131yor\u201d ve \u201cNaime abla i\u00e7in ses \u00e7\u0131kar\u201d sloganlar\u0131 at\u0131ld\u0131.<\/p>\n<p>Kalabal\u0131k kitle, meclis ve el\u00e7ili\u011fin \u00f6n\u00fcnde sloganlar atarak eylemi sonland\u0131rd\u0131. Eylem sonlan\u0131rken cinsiyeti ve s\u0131n\u0131f\u0131 y\u00fcz\u00fcnden haks\u0131zl\u0131\u011fa u\u011frayan, \u00f6ld\u00fcr\u00fclen, d\u00f6v\u00fclen kad\u0131nlar oldu\u011fu s\u00fcrece m\u00fccadelenin s\u00fcrece\u011fi ve kad\u0131nlar\u0131n hayat\u0131n her alan\u0131nda var olaca\u011f\u0131 vurgusu yap\u0131ld\u0131.<\/p>\n<p><a href=\"https:\/\/baraka.cc\/wp-content\/uploads\/2019\/03\/8-mart-3.jpg\"><img decoding=\"async\" loading=\"lazy\" class=\"alignnone size-medium wp-image-6695\" alt=\"8 mart 3\" src=\"https:\/\/baraka.cc\/wp-content\/uploads\/2019\/03\/8-mart-3-300x225.jpg\" width=\"300\" height=\"225\" srcset=\"https:\/\/baraka.cc\/wp-content\/uploads\/2019\/03\/8-mart-3-300x225.jpg 300w, https:\/\/baraka.cc\/wp-content\/uploads\/2019\/03\/8-mart-3.jpg 780w\" sizes=\"(max-width: 300px) 100vw, 300px\" \/><\/a><\/p>\n<\/div>\n","protected":false},"excerpt":{"rendered":"<p>8 Mart D\u00fcnya Emek\u00e7i Kad\u0131nlar G\u00fcn\u00fc vesilesiyle\u00a0 Kad\u0131n E\u011fitimi Kolektifi, Akdo\u011fan Fikir Sanat At\u00f6lyesi, BES, G\u00dc\u00c7-SEN, HAK-SEN, KT\u00d6S, Baraka K\u00fclt\u00fcr Merkezi ve Ba\u011f\u0131ms\u0131zl\u0131k Yolu\u2019nun ortak<\/p>\n","protected":false},"author":7,"featured_media":6693,"comment_status":"open","ping_status":"open","sticky":false,"template":"","format":"standard","meta":{"jetpack_post_was_ever_published":false,"_jetpack_newsletter_access":"","_jetpack_newsletter_tier_id":0,"jetpack_publicize_message":"","jetpack_is_tweetstorm":false,"jetpack_publicize_feature_enabled":true,"jetpack_social_post_already_shared":true,"jetpack_social_options":{"image_generator_settings":{"template":"highway","enabled":false}}},"categories":[40,67,44,9,1,39],"tags":[],"jetpack_publicize_connections":[],"jetpack_featured_media_url":"https:\/\/baraka.cc\/wp-content\/uploads\/2019\/03\/8-mart-1.jpg","jetpack_shortlink":"https:\/\/wp.me\/p4eHWX-1JW","jetpack_sharing_enabled":true,"_links":{"self":[{"href":"https:\/\/baraka.cc\/index.php?rest_route=\/wp\/v2\/posts\/6692"}],"collection":[{"href":"https:\/\/baraka.cc\/index.php?rest_route=\/wp\/v2\/posts"}],"about":[{"href":"https:\/\/baraka.cc\/index.php?rest_route=\/wp\/v2\/types\/post"}],"author":[{"embeddable":true,"href":"https:\/\/baraka.cc\/index.php?rest_route=\/wp\/v2\/users\/7"}],"replies":[{"embeddable":true,"href":"https:\/\/baraka.cc\/index.php?rest_route=%2Fwp%2Fv2%2Fcomments&post=6692"}],"version-history":[{"count":1,"href":"https:\/\/baraka.cc\/index.php?rest_route=\/wp\/v2\/posts\/6692\/revisions"}],"predecessor-version":[{"id":6696,"href":"https:\/\/baraka.cc\/index.php?rest_route=\/wp\/v2\/posts\/6692\/revisions\/6696"}],"wp:featuredmedia":[{"embeddable":true,"href":"https:\/\/baraka.cc\/index.php?rest_route=\/wp\/v2\/media\/6693"}],"wp:attachment":[{"href":"https:\/\/baraka.cc\/index.php?rest_route=%2Fwp%2Fv2%2Fmedia&parent=6692"}],"wp:term":[{"taxonomy":"category","embeddable":true,"href":"https:\/\/baraka.cc\/index.php?rest_route=%2Fwp%2Fv2%2Fcategories&post=6692"},{"taxonomy":"post_tag","embeddable":true,"href":"https:\/\/baraka.cc\/index.php?rest_route=%2Fwp%2Fv2%2Ftags&post=6692"}],"curies":[{"name":"wp","href":"https:\/\/api.w.org\/{rel}","templated":true}]}}