{"id":6701,"date":"2019-03-18T12:30:57","date_gmt":"2019-03-18T10:30:57","guid":{"rendered":"https:\/\/baraka.cc\/?p=6701"},"modified":"2019-03-18T12:30:57","modified_gmt":"2019-03-18T10:30:57","slug":"izle-tartista-itirazim-var-filmi-izlendi","status":"publish","type":"post","link":"https:\/\/baraka.cc\/?p=6701","title":{"rendered":"\u0130zle-Tart\u0131\u015f\u2019ta \u201c\u0130tiraz\u0131m Var\u201d Filmi \u0130zlendi"},"content":{"rendered":"<p>Baraka\u2019n\u0131n 15 y\u0131ldan fazla s\u00fcredir kesintisiz devam eden \u0130zle-Tart\u0131\u015f etkinli\u011fi; \u201c\u0130tiraz\u0131m Var\u201d filmi ile Mart ay\u0131nda da ger\u00e7ekle\u015fti.<\/p>\n<p>2014 y\u0131l\u0131 T\u00fcrkiye yap\u0131m\u0131 \u0130tiraz\u0131m Var; bir zamanlar antropolojiyle ilgilenmi\u015f eski bir boks\u00f6r, \u015fimdilerdeyse bir camide g\u00f6rev yapan bir imam olan Selman Bulut\u2019un ba\u015f\u0131ndan ge\u00e7en olaylar\u0131 konu al\u0131yor. Film, bir g\u00fcn Bulut\u2019un camide namaz k\u0131ld\u0131rd\u0131\u011f\u0131 s\u0131rada cami i\u00e7erisinde yank\u0131lanan silah sesleriyle ba\u015flay\u0131p, art arda geli\u015fen olaylar ile devam ediyor. Arka sokaklara gizlendi\u011fi halde toplumsal hayat\u0131 do\u011frudan etkileyen olaylar\u0131 konu almas\u0131 filmin ard\u0131ndan ge\u00e7ilen tart\u0131\u015fma b\u00f6l\u00fcm\u00fcnde de dikkat \u00e7ekti.<\/p>\n<p>Yan\u0131 ba\u015f\u0131m\u0131zda ger\u00e7ekle\u015fen bir\u00e7ok olumsuz hadisenin asl\u0131nda tesad\u00fcf olmad\u0131\u011f\u0131, din olgusu ile \u00f6rt pas edilmek istense de ger\u00e7eklerin ortaya \u00e7\u0131kabilece\u011fi ve bunun bir imam yard\u0131m\u0131 ile yap\u0131labilece\u011fi ele al\u0131n\u0131rken; filmde ge\u00e7en \u015fu s\u00f6zlere tart\u0131\u015fmada yer verildi.<\/p>\n<p><i>\u201c\u0130nsan sadece su\u00e7luyken ka\u00e7maz. Bazen su\u00e7land\u0131\u011f\u0131n i\u00e7inde ka\u00e7ars\u0131n. Ama bir kere ka\u00e7maya ba\u015flad\u0131ysan, bir \u015feyleri de muhakkak ka\u00e7\u0131r\u0131rs\u0131n elinden. Bazen gen\u00e7li\u011fini, bazen gelece\u011fini, bazen de akl\u0131n\u0131. Fakat i\u015fin en g\u00fczel taraf\u0131 da bundan sonra ba\u015flar\u2026\u00a0 \u00c7\u00fcnk\u00fc akl\u0131n\u0131 kaybedince korkular\u0131ndan kurtulursun ve bu da seni \u00f6zg\u00fcrle\u015ftirir. \u00c7\u00fcnk\u00fc sadece korkaklar kendi ak\u0131llar\u0131na g\u00fcveniler. Ve b\u00fct\u00fcn korkaklar hakikatin esidir\u2026<\/i><\/p>\n<p><i>Oysa hakikat ak\u0131lla ya da ba\u015fka bir \u015feyle kavran\u0131lmaz. Hakikatin ancak par\u00e7as\u0131 olunur. Onun i\u00e7in kurtul; ge\u00e7mi\u015finden, gelece\u011finde ve akl\u0131ndan\u2026 K\u00e2inatta ne varsa \u015fu anda oluyor, g\u00f6rm\u00fcyor musun? Sadece burada \u015fimdi g\u00f6zlerini kapa, kalbini a\u00e7; akl\u0131na da b\u0131rak gitsin. Ak\u0131l dedi\u011fin \u015fey kafanda koca bir a\u011f\u0131rl\u0131ktan ba\u015fka ne ki\u2026<\/i><\/p>\n<p>Nisan Ay\u0131n\u0131n Filmi <a href=\"https:\/\/en.wikipedia.org\/wiki\/Black_Panther_(soundtrack)#Black_Panther:_The_Album\">Black Panther<\/a><\/p>\n<p>\u00d6te yandan \u0130zle-Tart\u0131\u015f etkinliklerinin bir gelene\u011fi olarak, bir sonraki film hep birlikte belirlendi. Etkinli\u011fe kat\u0131lanlar, Nisan ay\u0131n\u0131n ilk Cumartesi ger\u00e7ekle\u015ftirilecek g\u00f6sterimde <a href=\"https:\/\/en.wikipedia.org\/wiki\/Black_Panther_(soundtrack)#Black_Panther:_The_Album\">Black Panther<\/a> filminin izlenmesine karar verdi.<\/p>\n","protected":false},"excerpt":{"rendered":"<p>Baraka\u2019n\u0131n 15 y\u0131ldan fazla s\u00fcredir kesintisiz devam eden \u0130zle-Tart\u0131\u015f etkinli\u011fi; \u201c\u0130tiraz\u0131m Var\u201d filmi ile Mart ay\u0131nda da ger\u00e7ekle\u015fti. 2014 y\u0131l\u0131 T\u00fcrkiye yap\u0131m\u0131 \u0130tiraz\u0131m Var; bir<\/p>\n","protected":false},"author":13,"featured_media":6702,"comment_status":"open","ping_status":"open","sticky":false,"template":"","format":"standard","meta":{"jetpack_post_was_ever_published":false,"_jetpack_newsletter_access":"","_jetpack_newsletter_tier_id":0,"jetpack_publicize_message":"\u0130zle-Tart\u0131\u015f\u2019ta \u201c\u0130tiraz\u0131m Var\u201d Filmi \u0130zlendi","jetpack_is_tweetstorm":false,"jetpack_publicize_feature_enabled":true,"jetpack_social_post_already_shared":true,"jetpack_social_options":{"image_generator_settings":{"template":"highway","enabled":false}}},"categories":[28],"tags":[],"jetpack_publicize_connections":[],"jetpack_featured_media_url":"https:\/\/baraka.cc\/wp-content\/uploads\/2019\/03\/izle-tart\u0131\u015f-haber-foto-1.jpg","jetpack_shortlink":"https:\/\/wp.me\/p4eHWX-1K5","jetpack_sharing_enabled":true,"_links":{"self":[{"href":"https:\/\/baraka.cc\/index.php?rest_route=\/wp\/v2\/posts\/6701"}],"collection":[{"href":"https:\/\/baraka.cc\/index.php?rest_route=\/wp\/v2\/posts"}],"about":[{"href":"https:\/\/baraka.cc\/index.php?rest_route=\/wp\/v2\/types\/post"}],"author":[{"embeddable":true,"href":"https:\/\/baraka.cc\/index.php?rest_route=\/wp\/v2\/users\/13"}],"replies":[{"embeddable":true,"href":"https:\/\/baraka.cc\/index.php?rest_route=%2Fwp%2Fv2%2Fcomments&post=6701"}],"version-history":[{"count":1,"href":"https:\/\/baraka.cc\/index.php?rest_route=\/wp\/v2\/posts\/6701\/revisions"}],"predecessor-version":[{"id":6703,"href":"https:\/\/baraka.cc\/index.php?rest_route=\/wp\/v2\/posts\/6701\/revisions\/6703"}],"wp:featuredmedia":[{"embeddable":true,"href":"https:\/\/baraka.cc\/index.php?rest_route=\/wp\/v2\/media\/6702"}],"wp:attachment":[{"href":"https:\/\/baraka.cc\/index.php?rest_route=%2Fwp%2Fv2%2Fmedia&parent=6701"}],"wp:term":[{"taxonomy":"category","embeddable":true,"href":"https:\/\/baraka.cc\/index.php?rest_route=%2Fwp%2Fv2%2Fcategories&post=6701"},{"taxonomy":"post_tag","embeddable":true,"href":"https:\/\/baraka.cc\/index.php?rest_route=%2Fwp%2Fv2%2Ftags&post=6701"}],"curies":[{"name":"wp","href":"https:\/\/api.w.org\/{rel}","templated":true}]}}