{"id":6732,"date":"2019-04-01T14:26:07","date_gmt":"2019-04-01T12:26:07","guid":{"rendered":"https:\/\/baraka.cc\/?p=6732"},"modified":"2019-04-01T14:26:07","modified_gmt":"2019-04-01T12:26:07","slug":"argasdi-dergisinin-54-sayisi-adalet-temasiyla-cikti","status":"publish","type":"post","link":"https:\/\/baraka.cc\/?p=6732","title":{"rendered":"Argasdi Dergisinin 54. Say\u0131s\u0131 \u201cAdalet\u201d Temas\u0131yla \u00c7\u0131kt\u0131"},"content":{"rendered":"<p style=\"text-align: center;\"><b><a href=\"https:\/\/baraka.cc\/wp-content\/uploads\/2019\/04\/\u00d6n-kapak-\u00e7al\u0131\u015fma.jpg\"><img decoding=\"async\" loading=\"lazy\" class=\"alignnone size-medium wp-image-6733\" alt=\"\u00d6n kapak \u00e7al\u0131\u015fma\" src=\"https:\/\/baraka.cc\/wp-content\/uploads\/2019\/04\/\u00d6n-kapak-\u00e7al\u0131\u015fma-211x300.jpg\" width=\"211\" height=\"300\" srcset=\"https:\/\/baraka.cc\/wp-content\/uploads\/2019\/04\/\u00d6n-kapak-\u00e7al\u0131\u015fma-211x300.jpg 211w, https:\/\/baraka.cc\/wp-content\/uploads\/2019\/04\/\u00d6n-kapak-\u00e7al\u0131\u015fma-722x1024.jpg 722w\" sizes=\"(max-width: 211px) 100vw, 211px\" \/><\/a><\/b><\/p>\n<p>Baraka K\u00fclt\u00fcr Merkezi\u2019nin \u00fc\u00e7 ayl\u0131k k\u00fclt\u00fcr-sanat-politika dergisi Argasdi, yeni say\u0131s\u0131 ile bayilerdeki yerini ald\u0131. Derginin 54. say\u0131s\u0131nda g\u00fcncel konulardaki makalelerin, kitap ve film tan\u0131t\u0131mlar\u0131n\u0131n, tiyatro yaz\u0131lar\u0131n\u0131n ve \u015fiir sayfalar\u0131n\u0131n yan\u0131 s\u0131ra \u00f6zel dosyada \u201cAdalet\u201d konusu i\u015flendi. Tarihten g\u00fcn\u00fcm\u00fcze adaletin kavramsal ve pratik boyutlar\u0131 ile ele al\u0131nd\u0131\u011f\u0131, \u00fclkemizdeki adalet sisteminin masaya yat\u0131r\u0131ld\u0131\u011f\u0131, adil bir \u00fcretim ve payla\u015f\u0131m sistemi aray\u0131\u015f\u0131n\u0131n irdelendi\u011fi \u00e7e\u015fitli makalelerin her birinde adaletin farkl\u0131 bir boyutu incelendi. K\u0131br\u0131s T\u00fcrk Barolar Birli\u011fi Ba\u015fkan\u0131 Hasan Esenda\u011fl\u0131 da Argasdi\u2019nin \u201cAdalet\u201d \u00f6zel say\u0131s\u0131nda konuk yazar olarak yerini ald\u0131.<\/p>\n<p>Liseliy\u0130Z sayfalar\u0131nda liseli gen\u00e7lerin kaleminden \u00e7\u0131kan ve kendilerini anlatan yaz\u0131lar yer al\u0131rken, Feminist\u0130Z sayfalar\u0131nda toplumsal cinsiyet e\u015fitli\u011fi temal\u0131 yaz\u0131 ve bulmacalar yer almakta. Lyricus\u2019ta yerli ve yabanc\u0131 \u015fairlerin \u015fiirleri okuyucuyla bulu\u015furken, Memleketin Ahvali\u2019nde ise son \u00fc\u00e7 ay\u0131n g\u00fcndemi de\u011ferlendirilmekte.<\/p>\n<p>\u00dclkemizin en uzun soluklu k\u00fclt\u00fcr-sanat-politika dergisi Argasdi, 10TL okur katk\u0131s\u0131 kar\u015f\u0131l\u0131\u011f\u0131nda t\u00fcm kitap\u00e7\u0131lardan ve marketlerden temin edilebilir.<\/p>\n<p>&nbsp;<\/p>\n<p>&nbsp;<\/p>\n","protected":false},"excerpt":{"rendered":"<p>Baraka K\u00fclt\u00fcr Merkezi\u2019nin \u00fc\u00e7 ayl\u0131k k\u00fclt\u00fcr-sanat-politika dergisi Argasdi, yeni say\u0131s\u0131 ile bayilerdeki yerini ald\u0131. Derginin 54. say\u0131s\u0131nda g\u00fcncel konulardaki makalelerin, kitap ve film tan\u0131t\u0131mlar\u0131n\u0131n, tiyatro<\/p>\n","protected":false},"author":3,"featured_media":6733,"comment_status":"open","ping_status":"open","sticky":false,"template":"","format":"standard","meta":{"jetpack_post_was_ever_published":false,"_jetpack_newsletter_access":"","_jetpack_newsletter_tier_id":0,"jetpack_publicize_message":"","jetpack_is_tweetstorm":false,"jetpack_publicize_feature_enabled":true,"jetpack_social_post_already_shared":true,"jetpack_social_options":{"image_generator_settings":{"template":"highway","enabled":false}}},"categories":[40,67,9,1,39],"tags":[],"jetpack_publicize_connections":[],"jetpack_featured_media_url":"https:\/\/baraka.cc\/wp-content\/uploads\/2019\/04\/\u00d6n-kapak-\u00e7al\u0131\u015fma.jpg","jetpack_shortlink":"https:\/\/wp.me\/p4eHWX-1KA","jetpack_sharing_enabled":true,"_links":{"self":[{"href":"https:\/\/baraka.cc\/index.php?rest_route=\/wp\/v2\/posts\/6732"}],"collection":[{"href":"https:\/\/baraka.cc\/index.php?rest_route=\/wp\/v2\/posts"}],"about":[{"href":"https:\/\/baraka.cc\/index.php?rest_route=\/wp\/v2\/types\/post"}],"author":[{"embeddable":true,"href":"https:\/\/baraka.cc\/index.php?rest_route=\/wp\/v2\/users\/3"}],"replies":[{"embeddable":true,"href":"https:\/\/baraka.cc\/index.php?rest_route=%2Fwp%2Fv2%2Fcomments&post=6732"}],"version-history":[{"count":1,"href":"https:\/\/baraka.cc\/index.php?rest_route=\/wp\/v2\/posts\/6732\/revisions"}],"predecessor-version":[{"id":6734,"href":"https:\/\/baraka.cc\/index.php?rest_route=\/wp\/v2\/posts\/6732\/revisions\/6734"}],"wp:featuredmedia":[{"embeddable":true,"href":"https:\/\/baraka.cc\/index.php?rest_route=\/wp\/v2\/media\/6733"}],"wp:attachment":[{"href":"https:\/\/baraka.cc\/index.php?rest_route=%2Fwp%2Fv2%2Fmedia&parent=6732"}],"wp:term":[{"taxonomy":"category","embeddable":true,"href":"https:\/\/baraka.cc\/index.php?rest_route=%2Fwp%2Fv2%2Fcategories&post=6732"},{"taxonomy":"post_tag","embeddable":true,"href":"https:\/\/baraka.cc\/index.php?rest_route=%2Fwp%2Fv2%2Ftags&post=6732"}],"curies":[{"name":"wp","href":"https:\/\/api.w.org\/{rel}","templated":true}]}}