{"id":677,"date":"2009-08-22T12:38:50","date_gmt":"2009-08-22T09:38:50","guid":{"rendered":"https:\/\/baraka.cc\/?p=677"},"modified":"2014-01-02T12:40:31","modified_gmt":"2014-01-02T09:40:31","slug":"halk-deryn-32-kurulu-yildonumu-etkynlyy-gercekletyryldy","status":"publish","type":"post","link":"https:\/\/baraka.cc\/?p=677","title":{"rendered":"HALK-DER\u2019YN 32. KURULU? YILD\u00d6N\u00dcM\u00dc ETKYNLY?Y GER\u00c7EKLE?TYRYLDY"},"content":{"rendered":"<p class=\"MsoNormal\" style=\"text-align: justify; line-height: 150%; margin: 0cm 0cm 0pt;\"><span style=\"line-height: 150%; font-family: Verdana; font-size: 11pt;\"><strong><span style=\"font-family: Verdana; font-size: 11pt;\">HALK-DER\u2019YN 32. KURULU? YILD\u00d6N\u00dcM\u00dc ETKYNLY?Y GER\u00c7EKLE?TYRYLDY<\/span><\/strong><\/span><\/p>\n<p class=\"MsoNormal\" style=\"text-align: justify; line-height: 150%; margin: 0cm 0cm 0pt;\"><span style=\"line-height: 150%; font-family: Verdana; font-size: 11pt;\"><strong><span style=\"font-family: Verdana; font-size: 11pt;\">\u00a0 <\/span><\/strong><\/span><\/p>\n<p class=\"MsoNormal\" style=\"text-align: justify; line-height: 150%; margin: 0cm 0cm 0pt;\"><span style=\"line-height: 150%; font-family: Verdana; font-size: 11pt;\"><strong><span style=\"font-family: Verdana; font-size: 11pt;\"><a href=\"https:\/\/www.baraka.cc\/images\/stories\/32halkder_1.jpg\" target=\"_blank\"><img decoding=\"async\" loading=\"lazy\" alt=\" \" src=\"https:\/\/www.baraka.cc\/images\/stories\/32halkder_1.jpg\" width=\"200\" height=\"123\" border=\"2\" \/><\/a><\/span><\/strong><\/span><\/p>\n<p class=\"MsoNormal\" style=\"text-align: justify; line-height: 150%; margin: 0cm 0cm 0pt;\"><span style=\"line-height: 150%; font-family: Verdana; font-size: 11pt;\"><strong><span style=\"font-family: Verdana; font-size: 11pt;\">\u00a0\u00a0\u00a0\u00a0\u00a0<\/span><\/strong><\/span><span style=\"line-height: 150%; font-family: Verdana; font-size: 11pt;\">\u00a0\u00a0\u00a0\u00a0\u00a0<\/span><\/p>\n<p class=\"MsoNormal\" style=\"text-align: justify; line-height: 150%; margin: 0cm 0cm 0pt;\"><span style=\"line-height: 150%; font-family: Verdana; font-size: 11pt;\">Baraka K\u00fclt\u00fcr Merkezi, Halk-Der\u2019in 32. kurulu? yyld\u00f6n\u00fcm\u00fc olan 22 A?ustos 2009 Cumartesi tarihinde bir etkinlik d\u00fczenledi. Etkinlik Cumartesi saat 19:00\u2019da\u00a0<\/span><span style=\"line-height: 150%; font-family: Verdana; font-size: 11pt;\"> y\u00fcksek \u00f6?renimini devam ettirirken Adana\u2019da \u00f6ld\u00fcr\u00fclen Mustafa Ertan Kadyo?lu\u2019nun Lefko?a\u2019daki mezaryna kyzyl karanfil byrakylmasy ile ba?lady. <\/span><\/p>\n<p class=\"MsoNormal\" style=\"text-align: justify; line-height: 150%; margin: 0cm 0cm 0pt;\">\n<p class=\"MsoNormal\" style=\"text-align: justify; line-height: 150%; margin: 0cm 0cm 0pt;\"><span style=\"line-height: 150%; font-family: Verdana; font-size: 11pt;\"><a href=\"https:\/\/www.baraka.cc\/images\/stories\/ertan2.jpg\" target=\"_blank\"><img decoding=\"async\" loading=\"lazy\" alt=\" \" src=\"https:\/\/www.baraka.cc\/images\/stories\/ertan2.jpg\" width=\"200\" height=\"150\" border=\"2\" \/><\/a>\u00a0<a href=\"https:\/\/www.baraka.cc\/images\/stories\/ertan3.jpg\" target=\"_blank\"><img decoding=\"async\" loading=\"lazy\" alt=\" \" src=\"https:\/\/www.baraka.cc\/images\/stories\/ertan3.jpg\" width=\"200\" height=\"150\" border=\"2\" \/><\/a>\u00a0<a href=\"https:\/\/www.baraka.cc\/images\/stories\/ertan4.jpg\" target=\"_blank\"><img decoding=\"async\" loading=\"lazy\" alt=\" \" src=\"https:\/\/www.baraka.cc\/images\/stories\/ertan4.jpg\" width=\"200\" height=\"150\" border=\"2\" \/><\/a><\/span><\/p>\n<p class=\"MsoNormal\" style=\"text-align: justify; line-height: 150%; margin: 0cm 0cm 0pt;\">\n<p class=\"MsoNormal\" style=\"text-align: justify; line-height: 150%; margin: 0cm 0cm 0pt;\"><span style=\"line-height: 150%; font-family: Verdana; font-size: 11pt;\">Mustafa Ertan Kadyo?lu&#8217;nun mezary ba?ynda Baraka Aktivisti Hasan Yykycy&#8217;nyn yapmy? oldu?u konu?ma:<\/span><\/p>\n<p class=\"MsoNormal\" style=\"text-align: justify; line-height: 150%; margin: 0cm 0cm 0pt;\">\n<p><span style=\"line-height: 150%; font-family: Verdana; font-size: 11pt;\">\u00a0<\/span><\/p>\n<p class=\"MsoNormal\" style=\"text-align: justify; line-height: 150%; margin: 0cm 0cm 0pt;\"><span style=\"line-height: 150%; font-family: Verdana; font-size: 11pt;\">Mustafa Ertan Kadyo?lu T\u00fcrkiye\u2019de bir yandan \u00f6?renimini s\u00fcrd\u00fcrmeye \u00e7aly?yrken di?er yandan da inan\u00e7 ve umut ile ku?anarak d\u00fcnyayy daha iyiye ve g\u00fczele d\u00f6n\u00fc?t\u00fcrmek i\u00e7in kavga verdi. T\u00fcrkiye\u2019ye y\u00fcksek \u00f6?renimi i\u00e7in giden bir \u00e7ok Kybrysly T\u00fcrk gen\u00e7 gibi o da kysa s\u00fcrede T\u00fcrkiye devrimci hareketi ile tany?arak, \u00f6rg\u00fctl\u00fc m\u00fccadeleye katyldy.<\/span><\/p>\n<p><span style=\"line-height: 150%; font-family: Verdana; font-size: 11pt;\">\u00a0\u00a0\u00a0<\/span><span style=\"line-height: 150%; font-family: Verdana; font-size: 11pt;\">\u00a0<\/span><\/p>\n<p class=\"MsoNormal\" style=\"text-align: justify; line-height: 150%; margin: 0cm 0cm 0pt;\"><span style=\"line-height: 150%; font-family: Verdana; font-size: 11pt;\">Mustafa Ertan 24 Eyl\u00fcl 1978 g\u00fcn\u00fc T\u00fcrkiye\u2019de bir fraksiyon \u00e7aty?masynda vurularak \u00f6ld\u00fcr\u00fcld\u00fc?\u00fcnde hen\u00fcz 21 ya?yndaydy.<\/span><\/p>\n<p><span style=\"line-height: 150%; font-family: Verdana; font-size: 11pt;\">\u00a0\u00a0\u00a0<\/span><span style=\"line-height: 150%; font-family: Verdana; font-size: 11pt;\">\u00a0<\/span><\/p>\n<p class=\"MsoNormal\" style=\"text-align: justify; line-height: 150%; margin: 0cm 0cm 0pt;\"><span class=\"yshortcuts\"><span><span style=\"line-height: 150%; font-family: Verdana; font-size: 11pt;\">Bir<\/span><\/span><\/span><span style=\"line-height: 150%; font-family: Verdana; font-size: 11pt;\"> \u00e7ok Kybrysly T\u00fcrk devrimci gibi Ertan\u2019yn da inan\u00e7lary, umudu ve fikirleri HALK-DER\u2019de kar?ylyk buldu. Toplumsal m\u00fccadeleler tarihimizin \u00f6nemli bir devrimci \u00f6rg\u00fctlenmesi olan HALK-DER ile ertanlaryn a\u00e7tyklary yol Kybrys\u2019yn ba?ymsyzly?y, halklaryn karde?li?i, devrim ve sosyalizm yoludur.\u00a0Ertan\u2019yn tuttu?u ve y\u00fckseltti?i bayra?y devralmak ve daha da y\u00fckseklere kaldyrmak bug\u00fcn\u00fcn devrimcilerinin g\u00f6revidir. <\/span><\/p>\n<p><span style=\"line-height: 150%; font-family: Verdana; font-size: 11pt;\">\u00a0\u00a0\u00a0<\/span><span style=\"line-height: 150%; font-family: Verdana; font-size: 11pt;\">\u00a0<\/span><\/p>\n<p class=\"MsoNormal\" style=\"text-align: justify; line-height: 150%; margin: 0cm 0cm 0pt;\"><span style=\"line-height: 150%; font-family: Verdana; font-size: 11pt;\">Ertan bug\u00fcn sadece fiziksel olarak aramyzda yok fakat O\u2019nun yansymalaryny defalarca ve defalarca g\u00f6rebiliriz. Atty?ymyz her sloganda O\u2019nun sesi ok?ar kula?ymyzy. Ta?ydy?ymyz her pankartta O\u2019nun s\u00fclieti belirir. Basty?ymyz her bilidiride O\u2019nun d\u00fc?\u00fcncesinin kokusunu duyaryz. Y\u00fckseltti?imiz kyzyl bayraklarymyzdan O\u2019nun umudunun r\u00fczgarlary yayylyr; g\u00f6kleri yyrtan sykyly yumruklarymyz Ertan\u2019yn heyecanla atan y\u00fcre?idir. Sloganlarymyzyn duyuldu?u her yere O\u2019nun inancy ve umudu dokunur. Egemenleri titreten her haykyry?ymyzdan; karanly?y par\u00e7alayan tyrnaklarymyzdan ve y?y?y hi\u00e7 s\u00f6nmeyecek g\u00f6zlerimizden Ertan\u2019yn devrimcili?i ve aydynly?y fy?kyryr.\u00a0 <\/span><\/p>\n<p><span style=\"line-height: 150%; font-family: Verdana; font-size: 11pt;\">\u00a0\u00a0\u00a0<\/span><span style=\"line-height: 150%; font-family: Verdana; font-size: 11pt;\">\u00a0<\/span><\/p>\n<p class=\"MsoNormal\" style=\"text-align: justify; line-height: 150%; margin: 0cm 0cm 0pt;\"><span style=\"line-height: 150%; font-family: Verdana; font-size: 11pt;\">Ertan bug\u00fcn kitap sayfalarymyzyn arasyndan, ?iirlerimizin mysralaryndan, t\u00fcrk\u00fclerimizin ezgilerinden \u00e7ykar kar?ymyza. Ertan\u2019a bug\u00fcn sokaklarda rastlaryz. Gittik\u00e7e kalabalykla?yr. Sokaklardan ta?ar, meydanlara akar.<\/span><\/p>\n<p class=\"MsoNormal\" style=\"text-align: justify; line-height: 150%; margin: 0cm 0cm 0pt;\"><span style=\"line-height: 150%; font-family: Verdana; font-size: 11pt;\">\u00a0\u00a0\u00a0<\/span><\/p>\n<p class=\"MsoNormal\" style=\"text-align: justify; line-height: 150%; margin: 0cm 0cm 0pt;\"><span style=\"line-height: 150%; font-family: Verdana; font-size: 11pt;\">Ertan bug\u00fcn yeniden kurulacak bir \u00fclkenin ady; ba?ymsyz ve sosyalist bir Kybrys\u2019yn habercidir. <\/span><\/p>\n<p class=\"MsoNormal\" style=\"text-align: justify; line-height: 150%; margin: 0cm 0cm 0pt;\"><span style=\"line-height: 150%; font-family: Verdana; font-size: 11pt;\">\u00a0\u00a0\u00a0<\/span><\/p>\n<p class=\"MsoNormal\" style=\"text-align: justify; line-height: 150%; margin: 0cm 0cm 0pt;\"><span style=\"line-height: 150%; font-family: Verdana; font-size: 11pt;\">Yolumuz Ertanlaryn a\u00e7ty?y yoldur.<\/span><\/p>\n<p class=\"MsoNormal\" style=\"text-align: justify; line-height: 150%; margin: 0cm 0cm 0pt;\"><span style=\"line-height: 150%; font-family: Verdana; font-size: 11pt;\">\u00a0\u00a0\u00a0<\/span><\/p>\n<p><span style=\"line-height: 150%; font-family: Verdana; font-size: 11pt;\">Ba?ymsyz Kybrys B\u00fct\u00fcn Halklar Karde?tir!\u00a0\u00a0\u00a0\u00a0\u00a0\u00a0\u00a0\u00a0\u00a0\u00a0<\/span><span style=\"line-height: 150%; font-family: Verdana; font-size: 11pt;\">\u00a0<\/span><\/p>\n<p class=\"MsoNormal\" style=\"text-align: justify; line-height: 150%; margin: 0cm 0cm 0pt;\">\n<p>&nbsp;<\/p>\n<p class=\"MsoNormal\" style=\"text-align: justify; line-height: 150%; margin: 0cm 0cm 0pt;\"><span style=\"line-height: 150%; font-family: Verdana; font-size: 11pt;\"><span style=\"line-height: 150%; font-family: Verdana; font-size: 11pt;\"><a href=\"https:\/\/www.baraka.cc\/images\/stories\/ertan5.jpg\" target=\"_blank\"><img decoding=\"async\" loading=\"lazy\" alt=\" \" src=\"https:\/\/www.baraka.cc\/images\/stories\/ertan5.jpg\" width=\"200\" height=\"150\" border=\"2\" \/><\/a>\u00a0<a href=\"https:\/\/www.baraka.cc\/images\/stories\/ertan6.jpg\" target=\"_blank\"><img decoding=\"async\" loading=\"lazy\" alt=\" \" src=\"https:\/\/www.baraka.cc\/images\/stories\/ertan6.jpg\" width=\"200\" height=\"150\" border=\"2\" \/><\/a><\/span><\/span><\/p>\n<p class=\"MsoNormal\" style=\"text-align: justify; line-height: 150%; margin: 0cm 0cm 0pt;\"><span style=\"line-height: 150%; font-family: Verdana; font-size: 11pt;\">\u00a0\u00a0\u00a0<\/span><span style=\"line-height: 150%; font-family: Verdana; font-size: 11pt;\">\u00a0<\/span><\/p>\n<p class=\"MsoNormal\" style=\"text-align: justify; line-height: 150%; margin: 0cm 0cm 0pt;\"><span style=\"line-height: 150%; font-family: Verdana; font-size: 11pt;\">Ardyndan ise\u00a0saat 20:00\u2019da KT\u00d6S\u2019\u00fcn Lefko?a \u00c7a?layan\u2019da bulunan lokalinde Halk-Der ile ilgili bir video g\u00f6sterimi ger\u00e7ekle?tirildi. Halk-Der\u2019in tarihi ile ilgili olarak Baraka k\u00fclt\u00fcr Merkezi\u2019nin y\u00fcr\u00fctt\u00fc?\u00fc bir belgesel projesinin 55 dakikalyk demosunu i\u00e7eren g\u00f6sterim olduk\u00e7a duygusal ve co?kulu ge\u00e7ti. G\u00f6sterimin ardyndan, katylymcylarla Halk-Der\u2019in m\u00fccadelesi ve bu m\u00fccadelenin daha kapsamly bir belgesel haline d\u00f6n\u00fc?t\u00fcr\u00fclmesi konusunda fikir aly?veri?inde bulunuldu.<\/span><\/p>\n<p class=\"MsoNormal\" style=\"text-align: justify; line-height: 150%; margin: 0cm 0cm 0pt;\">\n<p class=\"MsoNormal\" style=\"text-align: justify; line-height: 150%; margin: 0cm 0cm 0pt;\"><span style=\"line-height: 150%; font-family: Verdana; font-size: 11pt;\"><a href=\"https:\/\/www.baraka.cc\/images\/stories\/halkderbelgesel1.jpg\" target=\"_blank\"><img decoding=\"async\" loading=\"lazy\" alt=\" \" src=\"https:\/\/www.baraka.cc\/images\/stories\/halkderbelgesel1.jpg\" width=\"200\" height=\"150\" border=\"2\" \/><\/a>\u00a0<a href=\"https:\/\/www.baraka.cc\/images\/stories\/halkderbelgesel2.jpg\" target=\"_blank\"><img decoding=\"async\" loading=\"lazy\" alt=\" \" src=\"https:\/\/www.baraka.cc\/images\/stories\/halkderbelgesel2.jpg\" width=\"200\" height=\"150\" border=\"2\" \/><\/a>\u00a0<a href=\"https:\/\/www.baraka.cc\/images\/stories\/halkderbelgesel3.jpg\" target=\"_blank\"><img decoding=\"async\" loading=\"lazy\" alt=\" \" src=\"https:\/\/www.baraka.cc\/images\/stories\/halkderbelgesel3.jpg\" width=\"200\" height=\"150\" border=\"2\" \/><\/a><\/span><\/p>\n<p><span style=\"line-height: 150%; font-family: Verdana; font-size: 11pt;\">\u00a0\u00a0\u00a0 <\/span><\/p>\n<p class=\"MsoNormal\" style=\"text-align: justify; line-height: 150%; margin: 0cm 0cm 0pt;\"><span style=\"line-height: 150%; font-family: Verdana; font-size: 11pt;\">Halk-Der, bir gen\u00e7lik \u00f6rg\u00fctlenmesi olarak olu?masyna ra?men; faaliyette oldu?u d\u00f6nem boyunca Kybrysly T\u00fcrk halkynyn her pratik sorununda taraf olmu? devrimci bir \u00f6rg\u00fctlenmedir ve onurlu m\u00fccadelesi ile bug\u00fcn\u00fcn devrimcilerine hala ilham vermektedir. Halk-Der <\/span><span style=\"line-height: 150%; font-family: Verdana; font-size: 11pt;\">gerek ortaya koydu?u \u00e7ok y\u00f6nl\u00fc pratik gerekse de \u00fclkemiz devrimci hareketi i\u00e7in bir temel te?kil edecek denli zengin teorik a\u00e7ylymlary ile bug\u00fcn i\u00e7in hala \u00f6nem ifade etmektedir. \u00dclkemizin devrimcileri ve halkynyn yanynda sava?mak iste?ini i\u00e7inde duyan gen\u00e7leri i\u00e7in Halk-Der ady hala; tekkeci, ?abloncu anlayy?lara kar?y devrimci alternatifin adydyr.<\/span><\/p>\n","protected":false},"excerpt":{"rendered":"<p>HALK-DER\u2019YN 32. KURULU? YILD\u00d6N\u00dcM\u00dc ETKYNLY?Y GER\u00c7EKLE?TYRYLDY \u00a0 \u00a0\u00a0\u00a0\u00a0\u00a0\u00a0\u00a0\u00a0\u00a0\u00a0 Baraka K\u00fclt\u00fcr Merkezi, Halk-Der\u2019in 32. kurulu? yyld\u00f6n\u00fcm\u00fc olan 22 A?ustos 2009 Cumartesi tarihinde bir etkinlik d\u00fczenledi. Etkinlik<\/p>\n","protected":false},"author":1,"featured_media":0,"comment_status":"open","ping_status":"open","sticky":false,"template":"","format":"standard","meta":{"jetpack_post_was_ever_published":false,"_jetpack_newsletter_access":"","_jetpack_newsletter_tier_id":0,"jetpack_publicize_message":"","jetpack_is_tweetstorm":false,"jetpack_publicize_feature_enabled":true,"jetpack_social_post_already_shared":false,"jetpack_social_options":{"image_generator_settings":{"template":"highway","enabled":false}}},"categories":[57,66],"tags":[],"jetpack_publicize_connections":[],"jetpack_featured_media_url":"","jetpack_shortlink":"https:\/\/wp.me\/p4eHWX-aV","jetpack_sharing_enabled":true,"_links":{"self":[{"href":"https:\/\/baraka.cc\/index.php?rest_route=\/wp\/v2\/posts\/677"}],"collection":[{"href":"https:\/\/baraka.cc\/index.php?rest_route=\/wp\/v2\/posts"}],"about":[{"href":"https:\/\/baraka.cc\/index.php?rest_route=\/wp\/v2\/types\/post"}],"author":[{"embeddable":true,"href":"https:\/\/baraka.cc\/index.php?rest_route=\/wp\/v2\/users\/1"}],"replies":[{"embeddable":true,"href":"https:\/\/baraka.cc\/index.php?rest_route=%2Fwp%2Fv2%2Fcomments&post=677"}],"version-history":[{"count":1,"href":"https:\/\/baraka.cc\/index.php?rest_route=\/wp\/v2\/posts\/677\/revisions"}],"predecessor-version":[{"id":679,"href":"https:\/\/baraka.cc\/index.php?rest_route=\/wp\/v2\/posts\/677\/revisions\/679"}],"wp:attachment":[{"href":"https:\/\/baraka.cc\/index.php?rest_route=%2Fwp%2Fv2%2Fmedia&parent=677"}],"wp:term":[{"taxonomy":"category","embeddable":true,"href":"https:\/\/baraka.cc\/index.php?rest_route=%2Fwp%2Fv2%2Fcategories&post=677"},{"taxonomy":"post_tag","embeddable":true,"href":"https:\/\/baraka.cc\/index.php?rest_route=%2Fwp%2Fv2%2Ftags&post=677"}],"curies":[{"name":"wp","href":"https:\/\/api.w.org\/{rel}","templated":true}]}}