{"id":678,"date":"2009-08-25T12:38:53","date_gmt":"2009-08-25T09:38:53","guid":{"rendered":"https:\/\/baraka.cc\/?p=678"},"modified":"2017-09-19T10:09:58","modified_gmt":"2017-09-19T08:09:58","slug":"tc-elcilii-onunde-eylem","status":"publish","type":"post","link":"https:\/\/baraka.cc\/?p=678","title":{"rendered":"TC El\u00e7ili\u011fi \u00d6n\u00fcnde Eylem"},"content":{"rendered":"<p><strong><span style=\"line-height: 150%; font-family: Verdana; font-size: 11pt;\">\u00a0<\/span><\/strong><\/p>\n<p><a href=\"https:\/\/www.baraka.cc\/images\/stories\/kuran_2.jpg\" target=\"_blank\"><img decoding=\"async\" loading=\"lazy\" alt=\" \" src=\"https:\/\/www.baraka.cc\/images\/stories\/kuran_2.jpg\" width=\"200\" height=\"150\" border=\"2\" \/><\/a>\u00a0<a href=\"https:\/\/www.baraka.cc\/images\/stories\/kuran_3.jpg\" target=\"_blank\"><img decoding=\"async\" loading=\"lazy\" alt=\" \" src=\"https:\/\/www.baraka.cc\/images\/stories\/kuran_3.jpg\" width=\"200\" height=\"150\" border=\"2\" \/><\/a><\/p>\n<p class=\"MsoNormal\" style=\"text-align: justify; line-height: 150%; margin: 0cm 0cm 0pt;\"><strong><span style=\"line-height: 150%; font-family: Verdana; font-size: 11pt;\">\u00a0\u00a0\u00a0\u00a0 <\/span><\/strong><span style=\"line-height: 150%; font-family: Verdana; font-size: 11pt;\"><br \/>\n<\/span><\/p>\n<p>&nbsp;<\/p>\n<p class=\"MsoNormal\" style=\"text-align: justify; line-height: 150%; margin: 0cm 0cm 0pt;\">\n<p>&nbsp;<\/p>\n<p class=\"MsoNormal\" style=\"text-align: justify; line-height: 150%; margin: 0cm 0cm 0pt;\">\n<p>Baraka K\u00fcllt\u00fcr Merkezi, zorunlu din dersleri dayatmas\u0131na kar\u015f\u0131, di\u011fer ilerici \u00f6rg\u00fct ve sendikalarla birlikte kitlesel bir eylem d\u00fczenleyerek tepkisini g\u00f6sterdi. 12 ve 13 A\u011fustos 2009 sabah\u0131 halk\u0131 bilin\u00e7lendirmek i\u00e7in kav\u015faklarda bildiri da\u011f\u0131tan \u00f6rg\u00fctler 14 A\u011fustos sabah\u0131 Ku\u011fulu Park\u2019ta ba\u015flayan, Cumhurba\u015fkanl\u0131\u011f\u0131 \u00f6n\u00fcnden devam eden bir y\u00fcr\u00fcy\u00fc\u015f\u00fcn ard\u0131ndan dayatmalar\u0131n kayna\u011f\u0131 olan TC el\u00e7ili\u011finde bir eylem d\u00fczenledi.<\/p>\n<p class=\"MsoNormal\" style=\"text-align: justify; line-height: 150%; margin: 0cm 0cm 0pt;\">\n<p>&nbsp;<\/p>\n<p class=\"MsoNormal\" style=\"text-align: justify; line-height: 150%; margin: 0cm 0cm 0pt;\">\n<p>Eylem s\u00fcresince \u201cBilimsel E\u011fitim Demokratik Y\u00f6netim, Umutlaryn Ku\u015fat\u0131lmas\u0131n Bu Abluka Da\u011f\u0131t\u0131lacak, AKP\/ Ankara\/ El\u00e7ilik Elini Yakam\u0131zdan \u00c7ek, AKP Elini \u00c7ocukdan \u00c7ek, \u015feriat\u00e7\u0131 AKP i\u015fbiril\u00e7i UBP, Direne Direne Kazanaca\u011f\u0131z, \u015eeriat D\u00fczeni \u0130stemiyoruz\u201d gibi sloganlarla halk\u0131n k\u00fclt\u00fcr\u00fcne ve benli\u011fine gelen sald\u0131r\u0131lar k\u0131nand\u0131.<\/p>\n<p class=\"MsoNormal\" style=\"text-align: justify; line-height: 150%; margin: 0cm 0cm 0pt;\">\n<p>&nbsp;<\/p>\n<p class=\"MsoNormal\" style=\"text-align: justify; line-height: 150%; margin: 0cm 0cm 0pt;\">\n<p>Eylemin sonunda okullar\u0131n e\u011fitim yuvas\u0131 oldu\u011funa , \u00e7ocuklar\u0131n gerici bir e\u011fitime de\u011fil bilimsel bir e\u011fitime olan ihtiyac\u0131, zorunlu din derslerinin sistematik bir politikan\u0131n par\u00e7as\u0131 oldu\u011funa\u00a0vurgu yapan bir bildiri okundu. Bildiride dayatmalar\u0131n kayna\u011f\u0131 if\u015fa edilirken, ayr\u0131ca zorunlu din derslerine alternatiflerin sunuldu\u011fu bir bas\u0131n a\u00e7\u0131klamas\u0131 okundu. Bildiriyi ve Bas\u0131n A\u00e7\u0131klamas\u0131n\u0131 haberin devam\u0131nda bulabilirsiniz.<\/p>\n<p class=\"MsoNormal\" style=\"text-align: justify; line-height: 150%; margin: 0cm 0cm 0pt;\">\n<p><a href=\"https:\/\/www.baraka.cc\/images\/stories\/kuranbildiri2.jpg\" target=\"_blank\">Bildiri \u00f6n<\/a>\u00a0\/\u00a0<a href=\"https:\/\/www.baraka.cc\/images\/stories\/kuranbildiri.jpg\" target=\"_blank\">Bildiri arka<\/a><\/p>\n<p class=\"MsoNormal\" style=\"text-align: justify; line-height: 150%; margin: 0cm 0cm 0pt;\">\n<p>&nbsp;<\/p>\n<p class=\"MsoNormal\" style=\"text-align: justify; line-height: 150%; margin: 0cm 0cm 0pt;\">\n<p>14\/08\/2009 Eylemi Bas\u0131n A\u00e7\u0131klamas\u0131:<\/p>\n<p class=\"MsoNormal\" style=\"text-align: justify; line-height: 150%; margin: 0cm 0cm 0pt;\">\n<p class=\"MsoNormal\" style=\"text-align: justify; line-height: 150%; margin: 0cm 0cm 0pt;\">\n<p>De\u011ferli bas\u0131n emek\u00e7ileri;<\/p>\n<p class=\"MsoNormal\" style=\"text-align: justify; line-height: 150%; margin: 0cm 0cm 0pt;\">\n<p>KARARLIYIZ!<\/p>\n<p class=\"MsoNormal\" style=\"text-align: justify; line-height: 150%; margin: 0cm 0cm 0pt;\">\n<p>K\u0131br\u0131s\u2019\u0131n kuzeyinde, ilerici sendikalar\u0131n, sivil toplum \u00f6rg\u00fctlerinin, bir \u00e7ok siyasal partinin ve toplumumuzun b\u00fcy\u00fck bir kesiminin kar\u015f\u0131 \u00e7\u0131k\u0131\u015f\u0131na ra\u011fmen, sunni m\u00fcsl\u00fcman ya\u015fay\u0131\u015f tarz\u0131 dayatamas\u0131 \u0131srarla devam etmektedir.<\/p>\n<p class=\"MsoNormal\" style=\"text-align: justify; line-height: 150%; margin: 0cm 0cm 0pt;\">\n<p>&nbsp;<\/p>\n<p class=\"MsoNormal\" style=\"text-align: justify; line-height: 150%; margin: 0cm 0cm 0pt;\">\n<p>Bu faaliyetlerin toplumsal kimli\u011fimize ve laik k\u00fclt\u00fcr\u00fcm\u00fcze vurulan bir darbe oldu\u011fu bilinci i\u00e7erisinde, s\u00f6z konusu giri\u015fimlere kar\u015f\u0131 ba\u015flatm\u0131\u015f oldu\u011fumuz m\u00fccadeleyi kararl\u0131l\u0131kla s\u00fcrd\u00fcrece\u011fimizin alt\u0131n\u0131 bir kez daha \u00e7izeriz.<\/p>\n<p class=\"MsoNormal\" style=\"text-align: justify; line-height: 150%; margin: 0cm 0cm 0pt;\">\n<p><b>\u00a0<\/b><\/p>\n<p class=\"MsoNormal\" style=\"text-align: justify; line-height: 150%; margin: 0cm 0cm 0pt;\">\n<p><b>TOPLUMSAL \u0130HT\u0130YA\u00c7 DE\u011e\u0130L, DAYATMA<\/b><\/p>\n<p class=\"MsoNormal\" style=\"text-align: justify; line-height: 150%; margin: 0cm 0cm 0pt;\">\n<p class=\"MsoNormal\" style=\"text-align: justify; line-height: 150%; margin: 0cm 0cm 0pt;\">\n<p>\u2018Toplumsal ihtiya\u00e7t\u0131r\u2019 bahanesiyle ba\u015flat\u0131lan ka\u00e7ak kuran kurslar\u0131n\u0131n ard\u0131ndan, bu kez de din derslerinin e\u011fitim m\u00fcfredat\u0131nda zorunlu hale getiriliyor olmas\u0131, hem AKP h\u00fck\u00fcmetinin, hem de buradaki i\u015fbirlik\u00e7isi UBP h\u00fck\u00fcmetinin, K\u0131br\u0131sl\u0131 T\u00fcrklere dayatmas\u0131d\u0131r.<\/p>\n<p class=\"MsoNormal\" style=\"text-align: justify; line-height: 150%; margin: 0cm 0cm 0pt;\">\n<p>Ge\u00e7mi\u015f h\u00fck\u00fcmet d\u00f6neminde zemini haz\u0131rlanan kuran kurslar\u0131 ve \u00f6\u011frencilerin yurtd\u0131\u015f\u0131nda kuran kurslar\u0131na g\u00f6t\u00fcr\u00fclmesine izin verilmesi bug\u00fcnlerde ya\u015fan\u0131lan dayatmalar\u0131n da zeminini haz\u0131rlam\u0131\u015ft\u0131r.<\/p>\n<p class=\"MsoNormal\" style=\"text-align: justify; line-height: 150%; margin: 0cm 0cm 0pt;\">\n<p>UBP h\u00fck\u00fcmeti s\u00f6z konusu faaliyetleri g\u00f6zden ge\u00e7irmek ve hatta durdurmak yerine hazyrlanan zeminin \u00fczerinde s\u0131rf AKP\u2019ye \u015firin g\u00f6r\u00fcnmek amac\u0131yla, kendi toplumuna ve toplumsal kimli\u011fine a\u00e7\u0131k\u00e7a ihanet etmektedir.<\/p>\n<p class=\"MsoNormal\" style=\"text-align: justify; line-height: 150%; margin: 0cm 0cm 0pt;\">\n<p><b>ZORUNLU DE\u011e\u0130L, SE\u00c7MEL\u0130<\/b><\/p>\n<p class=\"MsoNormal\" style=\"text-align: justify; line-height: 150%; margin: 0cm 0cm 0pt;\">\n<p class=\"MsoNormal\" style=\"text-align: justify; line-height: 150%; margin: 0cm 0cm 0pt;\">\n<p>K\u0131br\u0131s\u2019\u0131n ilerici gen\u00e7leri ve \u00f6\u011fretmenleri olarak \u015funu belirtmekte fayda g\u00f6r\u00fcyoruz ki, ba\u015flatm\u0131\u015f oldu\u011fumuz m\u00fccadele, dini inan\u00e7 ve ibadet \u00f6zg\u00fcrl\u00fc\u011f\u00fcne, kar\u015f\u0131 duru\u015ftan kaynaklanmamaktad\u0131r.<br \/>\nBizler bireylerin kendi dini inanc\u0131n\u0131 ve ibadet \u00f6zg\u00fcrl\u00fc\u011f\u00fcn\u00fc ifade hakk\u0131 elde edebilecekleri demokratik ortam\u0131n yarat\u0131lmas\u0131 i\u00e7in de m\u00fccadele ortaya koymaktay\u0131z.<\/p>\n<p class=\"MsoNormal\" style=\"text-align: justify; line-height: 150%; margin: 0cm 0cm 0pt;\">\n<p>Bu nedenle din derslerinin zorunlu hale getirilmesine kar\u015f\u0131 duruyor ve bu uygulamadan derhal vazge\u00e7ilmesi gereklili\u011fini savunuyoruz.<\/p>\n<p class=\"MsoNormal\" style=\"text-align: justify; line-height: 150%; margin: 0cm 0cm 0pt;\">\n<p>Dinin evrensel felsefesinin ve tarihinin se\u00e7meli ders olarak, bilimsel ve \u00e7a\u011fda\u015f y\u00f6ntemler kullan\u0131larak, okullarda okutulmas\u0131na bir itiraz\u0131m\u0131z olmamakla birlikte, trafik bilinci, \u00e7evre bilinci, uyu\u015fturucu-alkol- kumar ba\u011f\u0131ml\u0131l\u0131\u011f\u0131, medya okur yazarl\u0131\u011f\u0131, cinsel bilin\u00e7, insan haklar\u0131 gibi derslerin de se\u00e7meli ders olarak m\u00fcfredata al\u0131nmas\u0131n\u0131 talep ederiz.<\/p>\n<p class=\"MsoNormal\" style=\"text-align: justify; line-height: 150%; margin: 0cm 0cm 0pt;\">\n<p>&nbsp;<\/p>\n<p class=\"MsoNormal\" style=\"text-align: justify; line-height: 150%; margin: 0cm 0cm 0pt;\">\n<p><b>B\u0130L\u0130M KAMPLARINA NEDEN G\u00d6T\u00dcR\u00dcL\u00dcM\u00dcYORLAR<\/b><\/p>\n<p class=\"MsoNormal\" style=\"text-align: justify; line-height: 150%; margin: 0cm 0cm 0pt;\">\n<p class=\"MsoNormal\" style=\"text-align: justify; line-height: 150%; margin: 0cm 0cm 0pt;\">\n<p>Ge\u00e7ti\u011fimiz y\u0131l 400 civar\u0131nda ve yine bu y\u0131l da ayn\u0131 oranda \u00f6\u011frencinin kuran kurslar\u0131 i\u00e7in T\u00fcrkiye\u2019ye g\u00f6nderilmesi ve bunun TC el\u00e7ili\u011fi taraf\u0131ndan finanse edilip \u00f6rg\u00fctlenmesi a\u00e7\u0131kca buradaki y\u00f6netimin K\u0131br\u0131sl\u0131 T\u00fcrklerin de\u011fil, TC y\u00f6netiminin insiyatifinde oldu\u011funun g\u00f6stergesidir. Bu oranda \u00f6\u011frencinin \u00e7a\u011fda\u015f, ara\u015ft\u0131rmac\u0131 ruhu \u00f6\u011frenebilecekleri bilim kamplar\u0131na g\u00f6t\u00fcr\u00fclmeyip de kuran kurslar\u0131na g\u00f6t\u00fcr\u00fclmesi TC y\u00f6netiminin buraya nas\u0131l bir k\u0131l\u0131f bi\u00e7ti\u011finin en a\u00e7\u0131k g\u00f6stergesidir. \u00d6te yandan K\u0131br\u0131s\u2019ta \u00e7\u00f6z\u00fcm\u00fcn ne kadar gerekli oldu\u011fu t\u00fcm bu olaylarla bir kez daha ortaya \u00e7\u0131km\u0131\u015ft\u0131r. K\u0131br\u0131s\u2019\u0131n ilerici ayd\u0131n ve demokratlar\u0131n\u0131n toplumumuzun ya\u015fay\u0131\u015f tarz\u0131n\u0131 de\u011fi\u015ftirmeye y\u00f6nelik uygulamaya konulan bu sinsi plana seyirci kalmamas\u0131 gerekmektedir.<\/p>\n<p class=\"MsoNormal\" style=\"text-align: justify; line-height: 150%; margin: 0cm 0cm 0pt;\">\n<p>K\u00fclt\u00fcrel yap\u0131m\u0131z\u0131n de\u011fi\u015ftirilmesine asla m\u00fcsade etmeyece\u011fimizi ve bu m\u00fccadeleyi kararl\u0131l\u0131kla s\u00fcrd\u00fcrece\u011fimizi ilgili t\u00fcm taraflara bir kez daha hat\u0131rlat\u0131r\u0131z.<\/p>\n<p class=\"MsoNormal\" style=\"text-align: justify; line-height: 150%; margin: 0cm 0cm 0pt;\">\n<p>B\u0130L\u0130MSEL VE DEMOKRAT\u0130K E\u011e\u0130T\u0130M \u0130N\u0130S\u0130YAT\u0130F\u0130<\/p>\n<p class=\"MsoNormal\" style=\"text-align: justify; line-height: 150%; margin: 0cm 0cm 0pt;\">\n<p>AGEM, BARAKA K\u00dcLT\u00dcR MERKEZ\u0130, KIBRIS T\u00dcRK \u00d6\u011eRETMENLER SEND\u0130KASI, KIBRISLI GEN\u00c7L\u0130K PLATFORMU, BKP GEN\u00c7L\u0130K KOLLARI, YKP GEN\u00c7L\u0130K, TDP GEN\u00c7L\u0130K \u00d6RG\u00dcT\u00dc<\/p>\n<p class=\"MsoNormal\" style=\"text-align: justify; line-height: 150%; margin: 0cm 0cm 0pt;\"><span style=\"line-height: 150%; font-family: Verdana; font-size: 11pt;\">\u00a0<\/span><\/p>\n<p><strong><span style=\"line-height: 150%; font-family: Verdana; font-size: 11pt;\"><a href=\"https:\/\/www.baraka.cc\/images\/stories\/kuranbildiri2.jpg\" target=\"_blank\">Bildiri \u00f6n<\/a> \/ <a href=\"https:\/\/www.baraka.cc\/images\/stories\/kuranbildiri.jpg\" target=\"_blank\">Bildiri arka<\/a><\/span><\/strong><\/p>\n<p><a href=\"https:\/\/www.baraka.cc\/images\/stories\/kuran_1.jpg\" target=\"_blank\"><img decoding=\"async\" loading=\"lazy\" alt=\" \" src=\"https:\/\/www.baraka.cc\/images\/stories\/kuran_1.jpg\" width=\"200\" height=\"150\" border=\"2\" \/><\/a><\/p>\n<p class=\"MsoNormal\" style=\"text-align: justify; line-height: 150%; margin: 0cm 0cm 0pt;\"><span style=\"line-height: 150%; font-family: Verdana; font-size: 11pt;\"><\/p>\n<p><\/span><\/p>\n<p class=\"MsoNormal\" style=\"text-align: justify; line-height: 150%; margin: 0cm 0cm 0pt;\"><span style=\"line-height: 150%; font-family: Verdana; font-size: 11pt;\"><\/p>\n<p><\/span><\/p>\n<p><span style=\"line-height: 150%; font-family: Verdana; font-size: 11pt;\">\u00a0\u00a0\u00a0 <\/span><\/p>\n","protected":false},"excerpt":{"rendered":"<p>\u00a0 \u00a0 \u00a0\u00a0\u00a0\u00a0 &nbsp; &nbsp; Baraka K\u00fcllt\u00fcr Merkezi, zorunlu din dersleri dayatmas\u0131na kar\u015f\u0131, di\u011fer ilerici \u00f6rg\u00fct ve sendikalarla birlikte kitlesel bir eylem d\u00fczenleyerek tepkisini g\u00f6sterdi.<\/p>\n","protected":false},"author":1,"featured_media":0,"comment_status":"open","ping_status":"open","sticky":false,"template":"","format":"standard","meta":{"jetpack_post_was_ever_published":false,"_jetpack_newsletter_access":"","_jetpack_newsletter_tier_id":0,"jetpack_publicize_message":"","jetpack_is_tweetstorm":false,"jetpack_publicize_feature_enabled":true,"jetpack_social_post_already_shared":false,"jetpack_social_options":{"image_generator_settings":{"template":"highway","enabled":false}}},"categories":[66],"tags":[],"jetpack_publicize_connections":[],"jetpack_featured_media_url":"","jetpack_shortlink":"https:\/\/wp.me\/p4eHWX-aW","jetpack_sharing_enabled":true,"_links":{"self":[{"href":"https:\/\/baraka.cc\/index.php?rest_route=\/wp\/v2\/posts\/678"}],"collection":[{"href":"https:\/\/baraka.cc\/index.php?rest_route=\/wp\/v2\/posts"}],"about":[{"href":"https:\/\/baraka.cc\/index.php?rest_route=\/wp\/v2\/types\/post"}],"author":[{"embeddable":true,"href":"https:\/\/baraka.cc\/index.php?rest_route=\/wp\/v2\/users\/1"}],"replies":[{"embeddable":true,"href":"https:\/\/baraka.cc\/index.php?rest_route=%2Fwp%2Fv2%2Fcomments&post=678"}],"version-history":[{"count":3,"href":"https:\/\/baraka.cc\/index.php?rest_route=\/wp\/v2\/posts\/678\/revisions"}],"predecessor-version":[{"id":5377,"href":"https:\/\/baraka.cc\/index.php?rest_route=\/wp\/v2\/posts\/678\/revisions\/5377"}],"wp:attachment":[{"href":"https:\/\/baraka.cc\/index.php?rest_route=%2Fwp%2Fv2%2Fmedia&parent=678"}],"wp:term":[{"taxonomy":"category","embeddable":true,"href":"https:\/\/baraka.cc\/index.php?rest_route=%2Fwp%2Fv2%2Fcategories&post=678"},{"taxonomy":"post_tag","embeddable":true,"href":"https:\/\/baraka.cc\/index.php?rest_route=%2Fwp%2Fv2%2Ftags&post=678"}],"curies":[{"name":"wp","href":"https:\/\/api.w.org\/{rel}","templated":true}]}}