{"id":6804,"date":"2019-05-02T08:22:30","date_gmt":"2019-05-02T06:22:30","guid":{"rendered":"https:\/\/baraka.cc\/?p=6804"},"modified":"2019-05-02T08:22:30","modified_gmt":"2019-05-02T06:22:30","slug":"sokak-haykirdi-bagimsiz-kibris-butun-halklar-kardestir","status":"publish","type":"post","link":"https:\/\/baraka.cc\/?p=6804","title":{"rendered":"Sokak Hayk\u0131rd\u0131: &#8220;Ba\u011f\u0131ms\u0131z K\u0131br\u0131s B\u00fct\u00fcn Halklar Karde\u015ftir&#8221;"},"content":{"rendered":"<p>Bu y\u0131l da 1 May\u0131s ara b\u00f6lgede iki toplumlu bir organizasyonla kutland\u0131.<\/p>\n<p>\u00c7a\u011flayan Park\u0131nda toplan\u0131p, kortej halinde toplanma alan\u0131 olan Ku\u011fulu Parka y\u00fcr\u00fcd\u00fck. Y\u00fcksek kat\u0131l\u0131m\u0131n oldu\u011fu eylemde , Ku\u011fulu Parkta okunan ortak bildirinin ard\u0131ndan ara b\u00f6lgeye y\u00fcr\u00fcnd\u00fc.<\/p>\n<p><a href=\"https:\/\/baraka.cc\/wp-content\/uploads\/2019\/05\/59243913_1481805901961423_6554434463827230720_n.jpg\"><img decoding=\"async\" loading=\"lazy\" class=\"alignleft size-medium wp-image-6809\" alt=\"59243913_1481805901961423_6554434463827230720_n\" src=\"https:\/\/baraka.cc\/wp-content\/uploads\/2019\/05\/59243913_1481805901961423_6554434463827230720_n-300x224.jpg\" width=\"300\" height=\"224\" srcset=\"https:\/\/baraka.cc\/wp-content\/uploads\/2019\/05\/59243913_1481805901961423_6554434463827230720_n-300x224.jpg 300w, https:\/\/baraka.cc\/wp-content\/uploads\/2019\/05\/59243913_1481805901961423_6554434463827230720_n.jpg 960w\" sizes=\"(max-width: 300px) 100vw, 300px\" \/><\/a><\/p>\n<p>&nbsp;<\/p>\n<p>&nbsp;<\/p>\n<p>&nbsp;<\/p>\n<p>&nbsp;<\/p>\n<p>&nbsp;<\/p>\n<p>&nbsp;<\/p>\n<p>Y\u00fcr\u00fcy\u00fc\u015fte &#8220;Ba\u011f\u0131ms\u0131z K\u0131br\u0131s B\u00fct\u00fcn Halklar Karde\u015ftir&#8221; , &#8220;Fa\u015fizme Kar\u015f\u0131 Omuz Omuza&#8221;, &#8220;\u0130syan Devrim \u00d6zg\u00fcrl\u00fck&#8221; , &#8220;Umutlar\u0131n Ku\u015fat\u0131lmas\u0131n Bu Abluka Da\u011f\u0131t\u0131lacak&#8221; , &#8220;Ya\u015fas\u0131n Halklar\u0131n Karde\u015fli\u011fi&#8221; , &#8220;Ankara Elini Yakam\u0131zdan \u00c7ek&#8221; vb sloganlar at\u0131ld\u0131.<\/p>\n<p><a href=\"https:\/\/baraka.cc\/wp-content\/uploads\/2019\/05\/58769366_2363338913719086_5259225412872962048_n.jpg\"><img decoding=\"async\" loading=\"lazy\" class=\"alignleft size-medium wp-image-6807\" alt=\"58769366_2363338913719086_5259225412872962048_n\" src=\"https:\/\/baraka.cc\/wp-content\/uploads\/2019\/05\/58769366_2363338913719086_5259225412872962048_n-300x224.jpg\" width=\"300\" height=\"224\" srcset=\"https:\/\/baraka.cc\/wp-content\/uploads\/2019\/05\/58769366_2363338913719086_5259225412872962048_n-300x224.jpg 300w, https:\/\/baraka.cc\/wp-content\/uploads\/2019\/05\/58769366_2363338913719086_5259225412872962048_n.jpg 960w\" sizes=\"(max-width: 300px) 100vw, 300px\" \/><\/a><\/p>\n<p>&nbsp;<\/p>\n<p>&nbsp;<\/p>\n<p>&nbsp;<\/p>\n<p>&nbsp;<\/p>\n<p>&nbsp;<\/p>\n<p>&nbsp;<\/p>\n<p>1 May\u0131s&#8217;\u0131n ard\u0131ndan \u00f6fkemizle, isyan\u0131m\u0131z\u0131 hayk\u0131rmaya ve sokakta olup m\u00fccadeleyi y\u00fckseltmeye devam edece\u011fiz.<\/p>\n<p><a href=\"https:\/\/baraka.cc\/wp-content\/uploads\/2019\/05\/56835554_419959975219956_794407076737581056_n.jpg\"><img decoding=\"async\" loading=\"lazy\" class=\"alignleft size-medium wp-image-6805\" alt=\"56835554_419959975219956_794407076737581056_n\" src=\"https:\/\/baraka.cc\/wp-content\/uploads\/2019\/05\/56835554_419959975219956_794407076737581056_n-300x168.jpg\" width=\"300\" height=\"168\" srcset=\"https:\/\/baraka.cc\/wp-content\/uploads\/2019\/05\/56835554_419959975219956_794407076737581056_n-300x168.jpg 300w, https:\/\/baraka.cc\/wp-content\/uploads\/2019\/05\/56835554_419959975219956_794407076737581056_n.jpg 960w\" sizes=\"(max-width: 300px) 100vw, 300px\" \/><\/a> <a href=\"https:\/\/baraka.cc\/wp-content\/uploads\/2019\/05\/58917140_354084998439921_7965844211457064960_n.jpg\"><img decoding=\"async\" loading=\"lazy\" class=\"alignleft size-medium wp-image-6808\" alt=\"58917140_354084998439921_7965844211457064960_n\" src=\"https:\/\/baraka.cc\/wp-content\/uploads\/2019\/05\/58917140_354084998439921_7965844211457064960_n-300x224.jpg\" width=\"300\" height=\"224\" srcset=\"https:\/\/baraka.cc\/wp-content\/uploads\/2019\/05\/58917140_354084998439921_7965844211457064960_n-300x224.jpg 300w, https:\/\/baraka.cc\/wp-content\/uploads\/2019\/05\/58917140_354084998439921_7965844211457064960_n.jpg 960w\" sizes=\"(max-width: 300px) 100vw, 300px\" \/><\/a> <a href=\"https:\/\/baraka.cc\/wp-content\/uploads\/2019\/05\/58684867_1010895189106661_2718968831014862848_n.jpg\"><img decoding=\"async\" loading=\"lazy\" class=\"alignleft size-medium wp-image-6806\" alt=\"58684867_1010895189106661_2718968831014862848_n\" src=\"https:\/\/baraka.cc\/wp-content\/uploads\/2019\/05\/58684867_1010895189106661_2718968831014862848_n-300x224.jpg\" width=\"300\" height=\"224\" srcset=\"https:\/\/baraka.cc\/wp-content\/uploads\/2019\/05\/58684867_1010895189106661_2718968831014862848_n-300x224.jpg 300w, https:\/\/baraka.cc\/wp-content\/uploads\/2019\/05\/58684867_1010895189106661_2718968831014862848_n.jpg 960w\" sizes=\"(max-width: 300px) 100vw, 300px\" \/><\/a><\/p>\n","protected":false},"excerpt":{"rendered":"<p>Bu y\u0131l da 1 May\u0131s ara b\u00f6lgede iki toplumlu bir organizasyonla kutland\u0131. \u00c7a\u011flayan Park\u0131nda toplan\u0131p, kortej halinde toplanma alan\u0131 olan Ku\u011fulu Parka y\u00fcr\u00fcd\u00fck. Y\u00fcksek kat\u0131l\u0131m\u0131n<\/p>\n","protected":false},"author":11,"featured_media":6805,"comment_status":"open","ping_status":"open","sticky":false,"template":"","format":"standard","meta":{"jetpack_post_was_ever_published":false,"_jetpack_newsletter_access":"","_jetpack_newsletter_tier_id":0,"jetpack_publicize_message":"","jetpack_is_tweetstorm":false,"jetpack_publicize_feature_enabled":true,"jetpack_social_post_already_shared":true,"jetpack_social_options":{"image_generator_settings":{"template":"highway","enabled":false}}},"categories":[51,9,1],"tags":[],"jetpack_publicize_connections":[],"jetpack_featured_media_url":"https:\/\/baraka.cc\/wp-content\/uploads\/2019\/05\/56835554_419959975219956_794407076737581056_n.jpg","jetpack_shortlink":"https:\/\/wp.me\/p4eHWX-1LK","jetpack_sharing_enabled":true,"_links":{"self":[{"href":"https:\/\/baraka.cc\/index.php?rest_route=\/wp\/v2\/posts\/6804"}],"collection":[{"href":"https:\/\/baraka.cc\/index.php?rest_route=\/wp\/v2\/posts"}],"about":[{"href":"https:\/\/baraka.cc\/index.php?rest_route=\/wp\/v2\/types\/post"}],"author":[{"embeddable":true,"href":"https:\/\/baraka.cc\/index.php?rest_route=\/wp\/v2\/users\/11"}],"replies":[{"embeddable":true,"href":"https:\/\/baraka.cc\/index.php?rest_route=%2Fwp%2Fv2%2Fcomments&post=6804"}],"version-history":[{"count":1,"href":"https:\/\/baraka.cc\/index.php?rest_route=\/wp\/v2\/posts\/6804\/revisions"}],"predecessor-version":[{"id":6810,"href":"https:\/\/baraka.cc\/index.php?rest_route=\/wp\/v2\/posts\/6804\/revisions\/6810"}],"wp:featuredmedia":[{"embeddable":true,"href":"https:\/\/baraka.cc\/index.php?rest_route=\/wp\/v2\/media\/6805"}],"wp:attachment":[{"href":"https:\/\/baraka.cc\/index.php?rest_route=%2Fwp%2Fv2%2Fmedia&parent=6804"}],"wp:term":[{"taxonomy":"category","embeddable":true,"href":"https:\/\/baraka.cc\/index.php?rest_route=%2Fwp%2Fv2%2Fcategories&post=6804"},{"taxonomy":"post_tag","embeddable":true,"href":"https:\/\/baraka.cc\/index.php?rest_route=%2Fwp%2Fv2%2Ftags&post=6804"}],"curies":[{"name":"wp","href":"https:\/\/api.w.org\/{rel}","templated":true}]}}