{"id":6817,"date":"2019-05-05T19:28:06","date_gmt":"2019-05-05T17:28:06","guid":{"rendered":"https:\/\/baraka.cc\/?p=6817"},"modified":"2019-05-05T19:28:06","modified_gmt":"2019-05-05T17:28:06","slug":"remzi-altunpolat-ile-lgbti-ve-sinif-mucadelesini-konusuyoruz","status":"publish","type":"post","link":"https:\/\/baraka.cc\/?p=6817","title":{"rendered":"REMZ\u0130 ALTUNPOLAT \u0130LE LGBT\u0130+ VE SINIF M\u00dcCADELES\u0130N\u0130 KONU\u015eUYORUZ"},"content":{"rendered":"<p><a href=\"https:\/\/baraka.cc\/wp-content\/uploads\/2019\/05\/lgbti+-ve-s\u0131n\u0131f-m\u00fccadelesi-s\u00f6yle\u015fi.jpg\"><img decoding=\"async\" loading=\"lazy\" class=\"alignnone size-medium wp-image-6818\" alt=\"lgbti+ ve s\u0131n\u0131f m\u00fccadelesi s\u00f6yle\u015fi\" src=\"https:\/\/baraka.cc\/wp-content\/uploads\/2019\/05\/lgbti+-ve-s\u0131n\u0131f-m\u00fccadelesi-s\u00f6yle\u015fi-300x114.jpg\" width=\"300\" height=\"114\" srcset=\"https:\/\/baraka.cc\/wp-content\/uploads\/2019\/05\/lgbti+-ve-s\u0131n\u0131f-m\u00fccadelesi-s\u00f6yle\u015fi-300x114.jpg 300w, https:\/\/baraka.cc\/wp-content\/uploads\/2019\/05\/lgbti+-ve-s\u0131n\u0131f-m\u00fccadelesi-s\u00f6yle\u015fi-1024x389.jpg 1024w\" sizes=\"(max-width: 300px) 100vw, 300px\" \/><\/a>17 May\u0131s Uluslararars\u0131 Homofobi, Transfobi ve Bifobi Haftas\u0131 Etkinlikleri kapsam\u0131nda, Baraka K\u00fclt\u00fcr Merkezi d\u00fczenledi\u011fi etkinlikle sizleri KAOS GL aktivisti ve PRAKS\u0130S Dergisi Yay\u0131n Kurulu \u00fcyesi REMZ\u0130 ALTUNPOLAT ile bulu\u015fmaya davet ediyor. <a href=\"https:\/\/baraka.cc\/wp-content\/uploads\/2019\/05\/remzi-altunpolat.jpg\"><img decoding=\"async\" loading=\"lazy\" class=\"alignnone size-medium wp-image-6819\" alt=\"remzi altunpolat\" src=\"https:\/\/baraka.cc\/wp-content\/uploads\/2019\/05\/remzi-altunpolat-300x199.jpg\" width=\"300\" height=\"199\" srcset=\"https:\/\/baraka.cc\/wp-content\/uploads\/2019\/05\/remzi-altunpolat-300x199.jpg 300w, https:\/\/baraka.cc\/wp-content\/uploads\/2019\/05\/remzi-altunpolat.jpg 800w\" sizes=\"(max-width: 300px) 100vw, 300px\" \/><\/a><\/p>\n<p>Yiyecek ekme\u011fe i\u00e7ecek suya ula\u015fman\u0131n daha da zorla\u015ft\u0131\u011f\u0131, e\u011fitimden sa\u011fl\u0131\u011fa benzinden elektiri\u011fe her\u015feye zam gelirken insanlar\u0131n ya\u015fam kavgas\u0131 verdi\u011fi \u015fu g\u00fcnlerde birlik olman\u0131n gereklili\u011fi daha fazla \u00f6nem arz etmektedir. Birbirimizin farkl\u0131l\u0131klar\u0131n\u0131 kabul etmek, bu farkl\u0131l\u0131klar\u0131n olu\u015fturdu\u011fu \u00e7e\u015fitlili\u011fi b\u00fct\u00fcnde g\u00f6rmek,\u00a0 herkesin ba\u015fka bir renk bar\u0131nd\u0131rd\u0131\u011f\u0131n\u0131 ve t\u00fcm renklerin biraarada daha g\u00fc\u00e7l\u00fc oldu\u011funu g\u00f6stermek ancak biraraya gelerek ba\u015farabilece\u011fimiz ve sonunda da kazanan olaca\u011f\u0131m\u0131z bir m\u00fccadeledir. Kurtulu\u015fun e\u011fer hepimiz i\u00e7in m\u00fccadele edersek kazan\u0131laca\u011f\u0131n\u0131n bilincindeyiz. LGBT\u0130+ M\u00fccadelesi de bu \u00fclkede verilen di\u011fer m\u00fccadelelerden ayr\u0131\u015ft\u0131r\u0131lamayacak, i\u00e7i\u00e7e ve birlikte verilecek bir m\u00fccadeledir. I\u015fte bu fark\u0131ndal\u0131kla Baraka K\u00fclt\u00fcr Merkezi olarak t\u00fcm renk ve s\u0131n\u0131flar\u0131 bulu\u015fturmay\u0131 ama\u00e7layan bir s\u00f6yle\u015fi d\u00fczenliyor, Remzi Altunpolat\u2019\u0131 da T\u00fcrkiye\u2019deki LGBT\u0130+ M\u00fccadelesi deneyimlerini ve LGBT\u0130+ m\u00fccadelesi ile s\u0131n\u0131f m\u00fccadelesinin ili\u015fkisi hakk\u0131ndaki de\u011ferli g\u00f6r\u00fc\u015flerini payla\u015fmas\u0131 i\u00e7in sizlerle bulu\u015fturuyoruz.<\/p>\n<p>Yak\u0131n co\u011frafyam\u0131zdaki LGBT\u0130+ m\u00fccadelesi deneyimlerini \u00f6\u011frenmek, kendi deneyimlerimizi payla\u015fmak, g\u00f6r\u00fc\u015flerimizi iletmek, m\u00fccadeleye omuz vermek i\u00e7in 9 May\u0131s Per\u015fembe 19:30\u2019da Arabahmet K\u00fclt\u00fcr Evi\u2019nde bulu\u015fuyoruz.\u00a0 Gelin renklerimizi birle\u015ftirelim.<\/p>\n","protected":false},"excerpt":{"rendered":"<p>17 May\u0131s Uluslararars\u0131 Homofobi, Transfobi ve Bifobi Haftas\u0131 Etkinlikleri kapsam\u0131nda, Baraka K\u00fclt\u00fcr Merkezi d\u00fczenledi\u011fi etkinlikle sizleri KAOS GL aktivisti ve PRAKS\u0130S Dergisi Yay\u0131n Kurulu \u00fcyesi<\/p>\n","protected":false},"author":8,"featured_media":6818,"comment_status":"open","ping_status":"open","sticky":false,"template":"","format":"standard","meta":{"jetpack_post_was_ever_published":false,"_jetpack_newsletter_access":"","_jetpack_newsletter_tier_id":0,"jetpack_publicize_message":"","jetpack_is_tweetstorm":false,"jetpack_publicize_feature_enabled":true,"jetpack_social_post_already_shared":true,"jetpack_social_options":{"image_generator_settings":{"template":"highway","enabled":false}}},"categories":[45,9,56,1],"tags":[],"jetpack_publicize_connections":[],"jetpack_featured_media_url":"https:\/\/baraka.cc\/wp-content\/uploads\/2019\/05\/lgbti+-ve-s\u0131n\u0131f-m\u00fccadelesi-s\u00f6yle\u015fi.jpg","jetpack_shortlink":"https:\/\/wp.me\/p4eHWX-1LX","jetpack_sharing_enabled":true,"_links":{"self":[{"href":"https:\/\/baraka.cc\/index.php?rest_route=\/wp\/v2\/posts\/6817"}],"collection":[{"href":"https:\/\/baraka.cc\/index.php?rest_route=\/wp\/v2\/posts"}],"about":[{"href":"https:\/\/baraka.cc\/index.php?rest_route=\/wp\/v2\/types\/post"}],"author":[{"embeddable":true,"href":"https:\/\/baraka.cc\/index.php?rest_route=\/wp\/v2\/users\/8"}],"replies":[{"embeddable":true,"href":"https:\/\/baraka.cc\/index.php?rest_route=%2Fwp%2Fv2%2Fcomments&post=6817"}],"version-history":[{"count":2,"href":"https:\/\/baraka.cc\/index.php?rest_route=\/wp\/v2\/posts\/6817\/revisions"}],"predecessor-version":[{"id":6821,"href":"https:\/\/baraka.cc\/index.php?rest_route=\/wp\/v2\/posts\/6817\/revisions\/6821"}],"wp:featuredmedia":[{"embeddable":true,"href":"https:\/\/baraka.cc\/index.php?rest_route=\/wp\/v2\/media\/6818"}],"wp:attachment":[{"href":"https:\/\/baraka.cc\/index.php?rest_route=%2Fwp%2Fv2%2Fmedia&parent=6817"}],"wp:term":[{"taxonomy":"category","embeddable":true,"href":"https:\/\/baraka.cc\/index.php?rest_route=%2Fwp%2Fv2%2Fcategories&post=6817"},{"taxonomy":"post_tag","embeddable":true,"href":"https:\/\/baraka.cc\/index.php?rest_route=%2Fwp%2Fv2%2Ftags&post=6817"}],"curies":[{"name":"wp","href":"https:\/\/api.w.org\/{rel}","templated":true}]}}